{"id":6057,"date":"2026-01-23T20:16:28","date_gmt":"2026-01-23T19:16:28","guid":{"rendered":"https:\/\/matrend.hu\/maitrend\/?p=6057"},"modified":"2026-01-23T20:16:28","modified_gmt":"2026-01-23T19:16:28","slug":"megtalaltak-igy-hozzak-felszinre","status":"publish","type":"post","link":"https:\/\/matrend.hu\/maitrend\/?p=6057","title":{"rendered":"Megtal\u00e1lt\u00e1k! \u00cdgy hozz\u00e1k felsz\u00ednre"},"content":{"rendered":"<h3>A sz\u00e1nt\u00f3f\u00f6ld\u00f6n tal\u00e1lt holttest kapcs\u00e1n a Heves V\u00e1rmegyei Rend\u0151r-f\u0151kapit\u00e1nys\u00e1g sajt\u00f3sz\u00f3viv\u0151je, Solt\u00e9sz B\u00e1lint meger\u0151s\u00edtette a h\u00edrt: \u201eA Gy\u00f6ngy\u00f6si Rend\u0151rkapit\u00e1nys\u00e1g k\u00f6zigazgat\u00e1si elj\u00e1r\u00e1s keret\u00e9ben vizsg\u00e1lja a hal\u00e1leset k\u00f6r\u00fclm\u00e9nyeit\u201d. A f\u00e9rfi k\u00f6r\u00fclbel\u00fcl egy 2-3 \u00e9ves gyermek \u00e9rtelmi szintj\u00e9n volt, kommunik\u00e1lni sem tudott. A Hope Egyes\u00fclet mindent megtett, hogy felkutass\u00e1k Rafael P\u00e9tert, de mindhi\u00e1ba.<\/h3>\n<p>Forr\u00e1s: MSN \/ FB \/ MHZA<\/p>\n<p>&#8211;<\/p>\n<p>A ZR-V l\u00e9nyeg\u00e9ben a Honda n\u00e9pszer\u0171 csal\u00e1di ferdeh\u00e1t\u00faj\u00e1nak, a Civicnek a crossover \u00e9rtelmez\u00e9se. Nem v\u00e9letlen ez az \u00f6sszehasonl\u00edt\u00e1s: a Civic 2023-ban elnyerte az \u201e\u00c9v Megfizethet\u0151 Hibrid Aut\u00f3ja\u201d d\u00edjat, \u00e9s a ZR-V k\u00f6zvetlen\u00fcl erre az elismert alapra \u00e9p\u00edtkezik. Ugyanazt a platformot haszn\u00e1lja, mint a Civic, \u00e9s ahhoz hasonl\u00f3an kiz\u00e1r\u00f3lag a Honda e:HEV hibrid hajt\u00e1sl\u00e1nc\u00e1val \u00e9rhet\u0151 el. Ez a rendszer egy n\u00e9gyhengeres benzinmotort kombin\u00e1l k\u00e9t villanymotorral, amelyek \u00f6sszehangolt m\u0171k\u00f6d\u00e9ssel az els\u0151 kerekeket hajtj\u00e1k. A megold\u00e1s nem a hagyom\u00e1nyos hibridek logik\u00e1j\u00e1t k\u00f6veti, ink\u00e1bb egyfajta \u00e1tmenetet k\u00e9pez az elektromos \u00e9s a bels\u0151 \u00e9g\u00e9s\u0171 hajt\u00e1s k\u00f6z\u00f6tt.<\/p>\n<p>A benzinmotor szerepe a legt\u00f6bb helyzetben nem az, hogy k\u00f6zvetlen\u00fcl hajtsa a kerekeket, hanem hogy \u00e1ramot termeljen a mind\u00f6ssze 1,05 kWh kapacit\u00e1s\u00fa akkumul\u00e1tornak. Ez az apr\u00f3 akkucsomag t\u00e1pl\u00e1lja a villanymotorokat, amelyek a t\u00e9nyleges hajt\u00e1si munk\u00e1t v\u00e9gzik. Bizonyos k\u00f6r\u00fclm\u00e9nyek k\u00f6z\u00f6tt \u2013 jellemz\u0151en nagyobb sebess\u00e9gn\u00e9l, egyenletes halad\u00e1s sor\u00e1n \u2013 a benzinmotor mechanikusan is k\u00e9pes kapcsolatba l\u00e9pni az els\u0151 tengellyel, \u00edgy k\u00f6zvetlen\u00fcl is r\u00e9szt vehet a hajt\u00e1sban.<\/p>\n","protected":false},"excerpt":{"rendered":"<p>A sz\u00e1nt\u00f3f\u00f6ld\u00f6n tal\u00e1lt holttest kapcs\u00e1n a Heves V\u00e1rmegyei Rend\u0151r-f\u0151kapit\u00e1nys\u00e1g sajt\u00f3sz\u00f3viv\u0151je, Solt\u00e9sz B\u00e1lint meger\u0151s\u00edtette a h\u00edrt: \u201eA Gy\u00f6ngy\u00f6si Rend\u0151rkapit\u00e1nys\u00e1g k\u00f6zigazgat\u00e1si elj\u00e1r\u00e1s&#8230; <span class=\"gridview-grid-post-read-more\"><a href=\"https:\/\/matrend.hu\/maitrend\/?p=6057\">read more<span class=\"gridview-sr-only\"> Megtal\u00e1lt\u00e1k! \u00cdgy hozz\u00e1k felsz\u00ednre<\/span><\/a><\/span><\/p>\n","protected":false},"author":1,"featured_media":6058,"comment_status":"open","ping_status":"open","sticky":false,"template":"","format":"standard","meta":{"footnotes":""},"categories":[1],"tags":[],"class_list":["post-6057","post","type-post","status-publish","format-standard","has-post-thumbnail","hentry","category-egyeb","wpcat-1-id"],"_links":{"self":[{"href":"https:\/\/matrend.hu\/maitrend\/index.php?rest_route=\/wp\/v2\/posts\/6057","targetHints":{"allow":["GET"]}}],"collection":[{"href":"https:\/\/matrend.hu\/maitrend\/index.php?rest_route=\/wp\/v2\/posts"}],"about":[{"href":"https:\/\/matrend.hu\/maitrend\/index.php?rest_route=\/wp\/v2\/types\/post"}],"author":[{"embeddable":true,"href":"https:\/\/matrend.hu\/maitrend\/index.php?rest_route=\/wp\/v2\/users\/1"}],"replies":[{"embeddable":true,"href":"https:\/\/matrend.hu\/maitrend\/index.php?rest_route=%2Fwp%2Fv2%2Fcomments&post=6057"}],"version-history":[{"count":1,"href":"https:\/\/matrend.hu\/maitrend\/index.php?rest_route=\/wp\/v2\/posts\/6057\/revisions"}],"predecessor-version":[{"id":6059,"href":"https:\/\/matrend.hu\/maitrend\/index.php?rest_route=\/wp\/v2\/posts\/6057\/revisions\/6059"}],"wp:featuredmedia":[{"embeddable":true,"href":"https:\/\/matrend.hu\/maitrend\/index.php?rest_route=\/wp\/v2\/media\/6058"}],"wp:attachment":[{"href":"https:\/\/matrend.hu\/maitrend\/index.php?rest_route=%2Fwp%2Fv2%2Fmedia&parent=6057"}],"wp:term":[{"taxonomy":"category","embeddable":true,"href":"https:\/\/matrend.hu\/maitrend\/index.php?rest_route=%2Fwp%2Fv2%2Fcategories&post=6057"},{"taxonomy":"post_tag","embeddable":true,"href":"https:\/\/matrend.hu\/maitrend\/index.php?rest_route=%2Fwp%2Fv2%2Ftags&post=6057"}],"curies":[{"name":"wp","href":"https:\/\/api.w.org\/{rel}","templated":true}]}}