{"id":6064,"date":"2026-01-25T10:13:07","date_gmt":"2026-01-25T09:13:07","guid":{"rendered":"https:\/\/matrend.hu\/maitrend\/?p=6064"},"modified":"2026-01-25T10:13:07","modified_gmt":"2026-01-25T09:13:07","slug":"boraros-gabort-gyanusitjak-jakli-monika-ugyeben","status":"publish","type":"post","link":"https:\/\/matrend.hu\/maitrend\/?p=6064","title":{"rendered":"Bor\u00e1ros G\u00e1bort gyan\u00fas\u00edtj\u00e1k J\u00e1kli M\u00f3nika \u00fcgy\u00e9ben!"},"content":{"rendered":"<h3>A v\u00e9gz\u00e9sben konkr\u00e9t id\u00e9zetek is szerepelnek a Bor\u00e1ros \u00e1ltal k\u00fcld\u00f6tt \u00fczenetekb\u0151l. Olyan mondatok, amelyekr\u0151l a b\u00edr\u00f3s\u00e1g kimondta: s\u00falyos pszich\u00e9s terhet r\u00f3ttak J\u00e1kli M\u00f3nik\u00e1ra, \u00e9s k\u00f6zvetve m\u00e9g a k\u00f6z\u00f6s gyermekre is hat\u00e1ssal lehettek.<br \/>\nA d\u00f6nt\u00e9s \u00e9rtelm\u00e9ben Bor\u00e1ros G\u00e1bor \u2013 nem l\u00e9phetett kapcsolatba volt feles\u00e9g\u00e9vel \u2013 nem k\u00f6zel\u00edthette meg 10 m\u00e9tern\u00e9l jobban \u2013 kiv\u00e9ve a gyermekkel kapcsolatos hivatalos \u00fcgyeket<br \/>\n\u00c9s itt \u00e9rkez\u00fcnk el ahhoz a ponthoz, ahol a k\u00e9rd\u00e9sek elker\u00fclhetetlenn\u00e9 v\u00e1lnak. Mit tudhatott? Mit \u00e9rezhetett M\u00f3nika a baleset el\u0151tti percekben? \u00c9s lehet-e b\u00e1rmilyen \u2013 ak\u00e1r k\u00f6zvetett \u2013 kapcsolat a m\u00falt \u00e1rnyai \u00e9s a v\u00e9gzetes hajnal k\u00f6z\u00f6tt?<br \/>\nHa bizony\u00edtani tudj\u00e1k ( pl. \u00fczenetek visszan\u00e9z\u00e9s\u00e9vel) a lelki terr0rt, ak\u00e1r m\u00e9g felel\u0151se is lehet M\u00f3nika baleset\u00e9nek!<br \/>\nEz az \u00fcgy m\u00e9g kor\u00e1ntsem \u00e9rt v\u00e9get.<\/h3>\n<p>VIA Parameter \/ Blikk<\/p>\n<p>A hajt\u00e1sl\u00e1nc-v\u00e1laszt\u00e9k Eur\u00f3p\u00e1ban bizonyos piacokon m\u00e9g b\u0151v\u00fclhet: p\u00e9ld\u00e1ul 1,0 literes, mild-hybrid v\u00e1ltozatok \u00e9s kisebb teljes\u00edtm\u00e9ny\u0171 benzines motorok is szerepelnek a k\u00edn\u00e1latban, mik\u00f6zben a felszerelts\u00e9gi szintek \u00e9s a vezet\u00e9st\u00e1mogat\u00f3 rendszerek is v\u00e1ltozatos sk\u00e1l\u00e1n mozognak. Ez azt jelenti, hogy a K4 nem csak a turb\u00f3-GT-Line cs\u00facsmodellekben, hanem a visszafogottabb, mindennapi haszn\u00e1latra sz\u00e1nt p\u00e9ld\u00e1nyokban is \u00e9rdemes lehet versenyk\u00e9pes opci\u00f3k\u00e9nt sz\u00e1m\u00edt\u00e1sba venni \u2013 felt\u00e9ve, hogy a vev\u0151 sz\u00e1m\u00e1ra a bels\u0151 \u00e9g\u00e9s\u0171 motoros hajt\u00e1sl\u00e1nc tov\u00e1bbra is els\u0151dleges v\u00e1laszt\u00e1s.<\/p>\n<p>Fontos megjegyezni, hogy a Kia K4 eur\u00f3pai piaci megjelen\u00e9se a Ceed ut\u00f3dak\u00e9nt zajlik, \u00e9s ezzel a modell palett\u00e1ja egy \u00faj korszakba l\u00e9p: a kor\u00e1bbi, j\u00f3l bev\u00e1lt Ceed hely\u00e9t egy modernebb, t\u00e1gasabb \u00e9s technol\u00f3giailag fejlettebb csal\u00e1di kompakt aut\u00f3 veszi \u00e1t. A K4 saloon (limuzin) forma mellett a Kia k\u00e9s\u0151bb a hatchback \u00e9s kombi (Sportswagon) v\u00e1ltozatokat is piacra dobta vagy tervezett, \u00edgy a K4-es sorozat teljesen lefedi a kompakt szegmens k\u00fcl\u00f6nb\u00f6z\u0151 ig\u00e9nyeit.<\/p>\n<p>Az Auto Express v\u00e9lem\u00e9nye szerint a K4 val\u00f3ban nagy el\u0151rel\u00e9p\u00e9s a Ceed-hez k\u00e9pest \u2013 mind m\u00e9retben, mind belt\u00e9ri komfortban \u00e9s technol\u00f3giai szinten \u2013, \u00e9s a GT-Line Turbo kivitel k\u00fcl\u00f6n\u00f6sen vonz\u00f3 lehet azok sz\u00e1m\u00e1ra, akik egy st\u00edlusos, modern, j\u00f3l felszerelt \u00e9s kiegyens\u00falyozott vezet\u00e9si \u00e9lm\u00e9nyt keresnek a kompakt aut\u00f3k k\u00f6z\u00f6tt. Az aut\u00f3 ugyanakkor nem radik\u00e1lis sportaut\u00f3, hanem ink\u00e1bb egy \u00e9rett, csal\u00e1d- \u00e9s mindennapi haszn\u00e1latra optimaliz\u00e1lt megold\u00e1s, amely megfelel\u0151 kompromisszumot k\u00edn\u00e1l teljes\u00edtm\u00e9ny, k\u00e9nyelem \u00e9s funkcionalit\u00e1s k\u00f6z\u00f6tt.<\/p>\n","protected":false},"excerpt":{"rendered":"<p>A v\u00e9gz\u00e9sben konkr\u00e9t id\u00e9zetek is szerepelnek a Bor\u00e1ros \u00e1ltal k\u00fcld\u00f6tt \u00fczenetekb\u0151l. Olyan mondatok, amelyekr\u0151l a b\u00edr\u00f3s\u00e1g kimondta: s\u00falyos pszich\u00e9s terhet&#8230; <span class=\"gridview-grid-post-read-more\"><a href=\"https:\/\/matrend.hu\/maitrend\/?p=6064\">read more<span class=\"gridview-sr-only\"> Bor\u00e1ros G\u00e1bort gyan\u00fas\u00edtj\u00e1k J\u00e1kli M\u00f3nika \u00fcgy\u00e9ben!<\/span><\/a><\/span><\/p>\n","protected":false},"author":1,"featured_media":6065,"comment_status":"open","ping_status":"open","sticky":false,"template":"","format":"standard","meta":{"footnotes":""},"categories":[1],"tags":[],"class_list":["post-6064","post","type-post","status-publish","format-standard","has-post-thumbnail","hentry","category-egyeb","wpcat-1-id"],"_links":{"self":[{"href":"https:\/\/matrend.hu\/maitrend\/index.php?rest_route=\/wp\/v2\/posts\/6064","targetHints":{"allow":["GET"]}}],"collection":[{"href":"https:\/\/matrend.hu\/maitrend\/index.php?rest_route=\/wp\/v2\/posts"}],"about":[{"href":"https:\/\/matrend.hu\/maitrend\/index.php?rest_route=\/wp\/v2\/types\/post"}],"author":[{"embeddable":true,"href":"https:\/\/matrend.hu\/maitrend\/index.php?rest_route=\/wp\/v2\/users\/1"}],"replies":[{"embeddable":true,"href":"https:\/\/matrend.hu\/maitrend\/index.php?rest_route=%2Fwp%2Fv2%2Fcomments&post=6064"}],"version-history":[{"count":1,"href":"https:\/\/matrend.hu\/maitrend\/index.php?rest_route=\/wp\/v2\/posts\/6064\/revisions"}],"predecessor-version":[{"id":6066,"href":"https:\/\/matrend.hu\/maitrend\/index.php?rest_route=\/wp\/v2\/posts\/6064\/revisions\/6066"}],"wp:featuredmedia":[{"embeddable":true,"href":"https:\/\/matrend.hu\/maitrend\/index.php?rest_route=\/wp\/v2\/media\/6065"}],"wp:attachment":[{"href":"https:\/\/matrend.hu\/maitrend\/index.php?rest_route=%2Fwp%2Fv2%2Fmedia&parent=6064"}],"wp:term":[{"taxonomy":"category","embeddable":true,"href":"https:\/\/matrend.hu\/maitrend\/index.php?rest_route=%2Fwp%2Fv2%2Fcategories&post=6064"},{"taxonomy":"post_tag","embeddable":true,"href":"https:\/\/matrend.hu\/maitrend\/index.php?rest_route=%2Fwp%2Fv2%2Ftags&post=6064"}],"curies":[{"name":"wp","href":"https:\/\/api.w.org\/{rel}","templated":true}]}}