{"id":6067,"date":"2026-01-25T11:51:15","date_gmt":"2026-01-25T10:51:15","guid":{"rendered":"https:\/\/matrend.hu\/maitrend\/?p=6067"},"modified":"2026-01-25T11:51:15","modified_gmt":"2026-01-25T10:51:15","slug":"tragedia-tortent-herceg-erikaval","status":"publish","type":"post","link":"https:\/\/matrend.hu\/maitrend\/?p=6067","title":{"rendered":"Trag\u00e9dia t\u00f6rt\u00e9nt Herceg Erik\u00e1val"},"content":{"rendered":"<h3>Tal\u00e1n, ha nincs ez az id\u0151szak, ma m\u00e1r anya lehetne \u2013 vetette fel Lakatos Levente is a podcastj\u00e9ben. Erika v\u00e9g\u00fcl kil\u00e9pett az egy\u00fcttesb\u0151l, els\u0151sorban a csal\u00e1dalap\u00edt\u00e1s rem\u00e9ny\u00e9ben. Kazah sz\u00e1rmaz\u00e1s\u00fa p\u00e1rj\u00e1val, akivel k\u00f6zel h\u00e9t \u00e9ve \u00e9lnek t\u00e1vkapcsolatban, az\u00f3ta is pr\u00f3b\u00e1lkoznak.<br \/>\n\u201eEg\u00e9szs\u00e9gesek vagyunk, de \u00fagy t\u0171nik, m\u00e9g nem j\u00f6tt el az ideje\u201d \u2013 mondta csendesen. A f\u00e1jdalom hatalmas, de a rem\u00e9ny m\u00e9g nem halt meg. \u00c9s tal\u00e1n egyszer, a sok k\u00f6nny ut\u00e1n, egy \u00faj \u00e9let mindent fel\u00fcl\u00edr majd.<\/h3>\n<p>VIA Blikk<\/p>\n<p>A gyakorlati haszn\u00e1lat szempontj\u00e1b\u00f3l mindk\u00e9t SUV-ban impoz\u00e1ns bels\u0151 t\u00e9r \u00e9s csomagtart\u00f3 m\u00e9retek tal\u00e1lhat\u00f3k, de a Duster n\u00e9h\u00e1ny ponton m\u00e9g egy kis el\u0151nyt is mutat. P\u00e9ld\u00e1ul a Duster h\u00e1ts\u00f3 utasai sz\u00e1m\u00e1ra egy kicsit t\u00f6bb fej- \u00e9s l\u00e1bhelyet k\u00edn\u00e1l, m\u00edg a MG ZS ink\u00e1bb sz\u00e9lesebb t\u00e9r\u00e9rzetet ad a t\u00e9rdn\u00e9l. A csomagt\u00e9r kapacit\u00e1sok mindk\u00e9t esetben hasonl\u00f3ak, de a ZS-ben alacsonyabb a csomagt\u00e9r pereme, ami megk\u00f6nny\u00edti a csomagok be- \u00e9s kirakod\u00e1s\u00e1t.<br \/>\nA bels\u0151 kialak\u00edt\u00e1sn\u00e1l a MG ZS pr\u00f3b\u00e1l modernebb \u00e9rzetet adni, de az Auto Express szerinti min\u0151s\u00e9g\u00e9rzet ott is vegyes: p\u00e9ld\u00e1ul hi\u00e1nyzik a volumenszab\u00e1lyoz\u00e1s a korm\u00e1nyon, a \u201em\u0171b\u0151r\u201d \u00fcl\u00e9shuzatok pedig bizonyos \u00e9rzetekben olcs\u00f3bb hat\u00e1st kelthetnek, m\u00edg a Dacia Duster eset\u00e9ben a bels\u0151 anyaghaszn\u00e1lat egyszer\u0171bb, de ergonomikusabban \u00e9rz\u0151dik a nyers jellege.<\/p>\n<p>Mindk\u00e9t modell felszerelts\u00e9gi szintj\u00e9n el\u00e9rhet\u0151ek manaps\u00e1g modern vezet\u00e9st\u00e1mogat\u00f3 rendszerek, mint az adapt\u00edv tempomat, holtt\u00e9r-figyel\u00e9s \u00e9s v\u00e9szf\u00e9krendszer, ami a k\u00f6telez\u0151 biztons\u00e1gi szintet lefedi az \u00e1rkateg\u00f3ri\u00e1ban. A Duster alapfelszerelts\u00e9g\u00e9be standardk\u00e9nt ker\u00fclnek egyes funkci\u00f3k, amelyek opcion\u00e1lisan el\u00e9rhet\u0151k a ZS-ben, de ezt az Auto Express teszt nem emelte ki dr\u00e1mai k\u00fcl\u00f6nbs\u00e9gk\u00e9nt \u2014 \u00f6sszess\u00e9g\u00e9ben mindk\u00e9t aut\u00f3 el\u00e9gs\u00e9ges biztons\u00e1gi csomagot k\u00edn\u00e1l a szok\u00e1sos csal\u00e1di haszn\u00e1lathoz.<br \/>\nAz Auto Express tesztj\u00e9nek v\u00e9gs\u0151 verdiktje szerint a Dacia Duster Hybrid az idei \u00f6sszevet\u00e9sben az els\u0151 helyre ker\u00fclt, mivel jobb \u00e1r-\u00e9rt\u00e9k ar\u00e1nyt, letisztultabb jelleget, stabilabb utaz\u00e1si komfortot \u00e9s nagyobb rugalmass\u00e1got k\u00edn\u00e1l a legt\u00f6bb v\u00e1s\u00e1rl\u00f3 sz\u00e1m\u00e1ra. A teszt k\u00fcl\u00f6n kiemeli azt, hogy b\u00e1r az MG ZS Hybrid teljes\u00edtm\u00e9nyben er\u0151sebb \u00e9s gazdagabb felszerelts\u00e9ggel \u00e9rkezik, a \u201eno-nonsense\u201d, egyszer\u0171bb \u00e9s olcs\u00f3bb Duster m\u00e9gis kiegyens\u00falyozottabb aut\u00f3, amely jobban illeszkedik ahhoz, amit a \u201ebudget hybrid SUV\u201d v\u00e1s\u00e1rl\u00f3i t\u00f6bbs\u00e9ge keres: megb\u00edzhat\u00f3s\u00e1got, egyszer\u0171 kezelhet\u0151s\u00e9get, alacsony fenntart\u00e1si k\u00f6lts\u00e9get \u00e9s stabil mindennapi teljes\u00edtm\u00e9nyt.<\/p>\n<p>Fontos megjegyezni, hogy a v\u00e9geredm\u00e9ny a konkr\u00e9t felhaszn\u00e1l\u00f3i ig\u00e9nyekt\u0151l is f\u00fcgg: ha valakinek els\u0151sorban a dinamikusabb vezet\u00e9s \u00e9s a gazdagabb alapfelszerelts\u00e9g a fontosabb, akkor a ZS-t lehet el\u0151nyben r\u00e9szes\u00edteni, m\u00edg aki a k\u00f6lts\u00e9ghat\u00e9konys\u00e1got, egyszer\u0171s\u00e9get \u00e9s letisztult SUV-\u00e9lm\u00e9nyt tartja els\u0151dlegesnek, annak a Duster kedvez\u0151bb v\u00e1laszt\u00e1s lehet.<\/p>\n","protected":false},"excerpt":{"rendered":"<p>Tal\u00e1n, ha nincs ez az id\u0151szak, ma m\u00e1r anya lehetne \u2013 vetette fel Lakatos Levente is a podcastj\u00e9ben. Erika v\u00e9g\u00fcl&#8230; <span class=\"gridview-grid-post-read-more\"><a href=\"https:\/\/matrend.hu\/maitrend\/?p=6067\">read more<span class=\"gridview-sr-only\"> Trag\u00e9dia t\u00f6rt\u00e9nt Herceg Erik\u00e1val<\/span><\/a><\/span><\/p>\n","protected":false},"author":1,"featured_media":6068,"comment_status":"open","ping_status":"open","sticky":false,"template":"","format":"standard","meta":{"footnotes":""},"categories":[1],"tags":[],"class_list":["post-6067","post","type-post","status-publish","format-standard","has-post-thumbnail","hentry","category-egyeb","wpcat-1-id"],"_links":{"self":[{"href":"https:\/\/matrend.hu\/maitrend\/index.php?rest_route=\/wp\/v2\/posts\/6067","targetHints":{"allow":["GET"]}}],"collection":[{"href":"https:\/\/matrend.hu\/maitrend\/index.php?rest_route=\/wp\/v2\/posts"}],"about":[{"href":"https:\/\/matrend.hu\/maitrend\/index.php?rest_route=\/wp\/v2\/types\/post"}],"author":[{"embeddable":true,"href":"https:\/\/matrend.hu\/maitrend\/index.php?rest_route=\/wp\/v2\/users\/1"}],"replies":[{"embeddable":true,"href":"https:\/\/matrend.hu\/maitrend\/index.php?rest_route=%2Fwp%2Fv2%2Fcomments&post=6067"}],"version-history":[{"count":1,"href":"https:\/\/matrend.hu\/maitrend\/index.php?rest_route=\/wp\/v2\/posts\/6067\/revisions"}],"predecessor-version":[{"id":6069,"href":"https:\/\/matrend.hu\/maitrend\/index.php?rest_route=\/wp\/v2\/posts\/6067\/revisions\/6069"}],"wp:featuredmedia":[{"embeddable":true,"href":"https:\/\/matrend.hu\/maitrend\/index.php?rest_route=\/wp\/v2\/media\/6068"}],"wp:attachment":[{"href":"https:\/\/matrend.hu\/maitrend\/index.php?rest_route=%2Fwp%2Fv2%2Fmedia&parent=6067"}],"wp:term":[{"taxonomy":"category","embeddable":true,"href":"https:\/\/matrend.hu\/maitrend\/index.php?rest_route=%2Fwp%2Fv2%2Fcategories&post=6067"},{"taxonomy":"post_tag","embeddable":true,"href":"https:\/\/matrend.hu\/maitrend\/index.php?rest_route=%2Fwp%2Fv2%2Ftags&post=6067"}],"curies":[{"name":"wp","href":"https:\/\/api.w.org\/{rel}","templated":true}]}}