{"id":6074,"date":"2026-01-26T16:21:45","date_gmt":"2026-01-26T15:21:45","guid":{"rendered":"https:\/\/matrend.hu\/maitrend\/?p=6074"},"modified":"2026-01-26T16:21:45","modified_gmt":"2026-01-26T15:21:45","slug":"ennyivel-lesz-kevesebb-a-futes-januarban","status":"publish","type":"post","link":"https:\/\/matrend.hu\/maitrend\/?p=6074","title":{"rendered":"Ennyivel lesz kevesebb a f\u0171t\u00e9s janu\u00e1rban!"},"content":{"rendered":"<h3>Mostanra kezd \u00f6ssze\u00e1llni a k\u00e9p, \u00e9s az el\u0151zetes sz\u00e1mok nem hagynak k\u00e9ts\u00e9get: a f\u00f6ldg\u00e1zfogyaszt\u00e1s ak\u00e1r 30 sz\u00e1zal\u00e9kkal is megugrott, az \u00e1ramn\u00e1l kisebb volt a n\u00f6veked\u00e9s, a t\u00e1vh\u0151n\u00e9l viszont szint\u00e9n hasonl\u00f3, 30 sz\u00e1zal\u00e9k k\u00f6r\u00fcli emelked\u00e9st m\u00e9rtek.<br \/>\nMivel a korm\u00e1ny egy\u00e9rtelm\u0171 \u00edg\u00e9retet tett arra, hogy senkinek nem lehet pluszk\u00f6lts\u00e9ge a janu\u00e1ri fagyok miatt, a sz\u00e1mok egy ir\u00e1nyba mutatnak: a g\u00e1zzal \u00e9s t\u00e1vh\u0151vel f\u0171t\u0151 h\u00e1ztart\u00e1sok ak\u00e1r 30 sz\u00e1zal\u00e9kos kompenz\u00e1ci\u00f3ra is sz\u00e1m\u00edthatnak!<br \/>\nA v\u00e9gs\u0151 d\u00f6nt\u00e9s a korm\u00e1ny szerdai \u00fcl\u00e9s\u00e9n sz\u00fclethet meg, de egyre biztosabbnak t\u0171nik: a rezsistop val\u00f3ban komoly seg\u00edts\u00e9get jelenthet a fagyos janu\u00e1r ut\u00e1n.<\/h3>\n<p>VIA 24 hu<\/p>\n<p>A Rio Mk4 bels\u0151 tere praktikus \u00e9s egyszer\u0171en kezelhet\u0151: az alapfelszerelts\u00e9g m\u00e1r tartalmaz l\u00e9gkondicion\u00e1l\u00f3t, multifunkci\u00f3s korm\u00e1nyt, elektrikus els\u00f3 ablakokat, elektromosan \u00e1ll\u00edthat\u00f3 t\u00fckr\u00f6ket \u00e9s Bluetooth-kapcsolatot, m\u00edg a magasabb felszerelts\u00e9gekhez 7- vagy 8-colos \u00e9rint\u0151k\u00e9perny\u0151s infotainment rendszer, Apple CarPlay \u00e9s Android Auto, tolat\u00f3kamera \u00e9s tempomat is j\u00e1rhat.<br \/>\nK\u00e9nyelmi szempontb\u00f3l a Rio bels\u0151 tere elfogadhat\u00f3 m\u00e9ret\u0171: az el\u00f6l \u00e9s h\u00e1tul \u00fcl\u0151k sz\u00e1m\u00e1ra is rendben van a l\u00e1b- \u00e9s fejhely, b\u00e1r a h\u00e1ts\u00f3 pad lehet, hogy egy nagy termet\u0171 feln\u0151ttnek komfort\u00e9rzetben nem a legjobb hosszabb utak alatt. A csomagt\u00e9r k\u00f6r\u00fclbel\u00fcl 325 liter, ami a kateg\u00f3ri\u00e1ban megfelel az elv\u00e1r\u00e1soknak, \u00e9s 980 literre n\u00f6velhet\u0151 a h\u00e1ts\u00f3 \u00fcl\u00e9sek lehajt\u00e1s\u00e1val \u2014 ez j\u00f3 kompromisszum a mindennapi haszn\u00e1lat \u00e9s a h\u00e9tv\u00e9gi pakol\u00e1s k\u00f6z\u00f6tt.<\/p>\n<p>A Rio vezet\u00e9si \u00e9lm\u00e9nye alapvet\u0151en nyugodt \u00e9s kiegyens\u00falyozott, de nem fog \u201esportos\u201d \u00e9lm\u00e9nyt adni: a fut\u00f3m\u0171 t\u00f6bbnyire komfort-orient\u00e1lt, a korm\u00e1nyz\u00e1s k\u00f6nny\u0171 \u00e9s k\u00f6nnyen kezelhet\u0151 a v\u00e1rosi forgalomban, viszont nagyobb kanyarokn\u00e1l vagy gyors ir\u00e1nyv\u00e1lt\u00e1sokkor m\u00e1r kev\u00e9sb\u00e9 biztos az \u00e9lm\u00e9ny. Az Auto Express tapasztalatai szerint a Rio \u201eel\u00e9g j\u00f3 aut\u00f3 vezetni\u201d legal\u00e1bbis a turb\u00f3s benzines motorral, de a dinamika \u00f6sszess\u00e9g\u00e9ben ink\u00e1bb k\u00f6z\u00e9pszer\u0171 a szegmens leger\u0151sebb versenyz\u0151ihez k\u00e9pest.<br \/>\nA Rio Mk4-nek viszonylag kev\u00e9s visszah\u00edv\u00e1sa volt az \u00e9vek sor\u00e1n: egyetlen eml\u00edtett kamp\u00e1ny p\u00e9ld\u00e1ul az els\u0151 sorozat n\u00e9h\u00e1ny darabj\u00e1n\u00e1l a gyermekz\u00e1r k\u00e1belhossz\u00e1val kapcsolatos probl\u00e9m\u00e1kat orvosolta, ami nem volt komoly technikai hiba, \u00e9s k\u00f6nnyen jav\u00edthat\u00f3 volt.<\/p>\n<p>N\u00e9h\u00e1ny tulajdonosi besz\u00e1mol\u00f3 kuplunggal, v\u00e1lt\u00f3val \u00e9s l\u00e9gkondicion\u00e1l\u00f3val kapcsolatos kisebb hib\u00e1kr\u00f3l tesz eml\u00edt\u00e9st, de ezek nem t\u0171nnek sz\u00e9les k\u00f6rben elterjedt, dr\u00e1mai probl\u00e9m\u00e1knak \u2014 \u00e9s mivel a Kia hossz\u00fa gy\u00e1ri garanci\u00e1t (7 \u00e9v\/150 000 km k\u00f6r\u00fcl tipikusan) k\u00edn\u00e1lt eredetileg, ez haszn\u00e1lt v\u00e1s\u00e1rl\u00e1sn\u00e1l is adhat bizonyos biztons\u00e1got, ha m\u00e9g akt\u00edv a garancia.<br \/>\nA \u00fczemanyag-fogyaszt\u00e1s \u00e1ltal\u00e1ban kedvez\u0151, k\u00fcl\u00f6n\u00f6sen a 1,0 T-GDi turb\u00f3s motorral: v\u00e1rosban \u00e9s orsz\u00e1g\u00faton is takar\u00e9kosan, 5\u20136 l\/100 km k\u00f6r\u00fcl hozhat\u00f3 a vegyes haszn\u00e1latban, ha m\u00e9rs\u00e9kelt vezet\u00e9si st\u00edlust alkalmazol. A karbantart\u00e1snak sincsenek kimagasl\u00f3an magas k\u00f6lts\u00e9gei: a hagyom\u00e1nyos l\u00e1ncmeghajt\u00e1snak k\u00f6sz\u00f6nhet\u0151en nincs vez\u00e9rm\u0171sz\u00edj-csere, ami eleve cs\u00f6kkenti a nagy szervizek \u00f6sszeg\u00e9t.<\/p>\n","protected":false},"excerpt":{"rendered":"<p>Mostanra kezd \u00f6ssze\u00e1llni a k\u00e9p, \u00e9s az el\u0151zetes sz\u00e1mok nem hagynak k\u00e9ts\u00e9get: a f\u00f6ldg\u00e1zfogyaszt\u00e1s ak\u00e1r 30 sz\u00e1zal\u00e9kkal is megugrott, az&#8230; <span class=\"gridview-grid-post-read-more\"><a href=\"https:\/\/matrend.hu\/maitrend\/?p=6074\">read more<span class=\"gridview-sr-only\"> Ennyivel lesz kevesebb a f\u0171t\u00e9s janu\u00e1rban!<\/span><\/a><\/span><\/p>\n","protected":false},"author":1,"featured_media":6075,"comment_status":"open","ping_status":"open","sticky":false,"template":"","format":"standard","meta":{"footnotes":""},"categories":[1],"tags":[],"class_list":["post-6074","post","type-post","status-publish","format-standard","has-post-thumbnail","hentry","category-egyeb","wpcat-1-id"],"_links":{"self":[{"href":"https:\/\/matrend.hu\/maitrend\/index.php?rest_route=\/wp\/v2\/posts\/6074","targetHints":{"allow":["GET"]}}],"collection":[{"href":"https:\/\/matrend.hu\/maitrend\/index.php?rest_route=\/wp\/v2\/posts"}],"about":[{"href":"https:\/\/matrend.hu\/maitrend\/index.php?rest_route=\/wp\/v2\/types\/post"}],"author":[{"embeddable":true,"href":"https:\/\/matrend.hu\/maitrend\/index.php?rest_route=\/wp\/v2\/users\/1"}],"replies":[{"embeddable":true,"href":"https:\/\/matrend.hu\/maitrend\/index.php?rest_route=%2Fwp%2Fv2%2Fcomments&post=6074"}],"version-history":[{"count":1,"href":"https:\/\/matrend.hu\/maitrend\/index.php?rest_route=\/wp\/v2\/posts\/6074\/revisions"}],"predecessor-version":[{"id":6076,"href":"https:\/\/matrend.hu\/maitrend\/index.php?rest_route=\/wp\/v2\/posts\/6074\/revisions\/6076"}],"wp:featuredmedia":[{"embeddable":true,"href":"https:\/\/matrend.hu\/maitrend\/index.php?rest_route=\/wp\/v2\/media\/6075"}],"wp:attachment":[{"href":"https:\/\/matrend.hu\/maitrend\/index.php?rest_route=%2Fwp%2Fv2%2Fmedia&parent=6074"}],"wp:term":[{"taxonomy":"category","embeddable":true,"href":"https:\/\/matrend.hu\/maitrend\/index.php?rest_route=%2Fwp%2Fv2%2Fcategories&post=6074"},{"taxonomy":"post_tag","embeddable":true,"href":"https:\/\/matrend.hu\/maitrend\/index.php?rest_route=%2Fwp%2Fv2%2Ftags&post=6074"}],"curies":[{"name":"wp","href":"https:\/\/api.w.org\/{rel}","templated":true}]}}