{"id":6077,"date":"2026-01-26T20:02:43","date_gmt":"2026-01-26T19:02:43","guid":{"rendered":"https:\/\/matrend.hu\/maitrend\/?p=6077"},"modified":"2026-01-26T20:02:43","modified_gmt":"2026-01-26T19:02:43","slug":"hatalmas-felmelegedes-erkezik","status":"publish","type":"post","link":"https:\/\/matrend.hu\/maitrend\/?p=6077","title":{"rendered":"Hatalmas felmeleged\u00e9s \u00e9rkezik"},"content":{"rendered":"<h3>Az iMeteo besz\u00e1mol\u00f3ja szerint az \u00e9jszakai minimum-h\u0151m\u00e9rs\u00e9kletek t\u00f6bb t\u00e9rs\u00e9gben \u201318, \u201320 Celsius-fok k\u00f6zel\u00e9be is s\u00fcllyedhetnek, k\u00fcl\u00f6n\u00f6sen sz\u00e9lcsendes, der\u00fclt \u00e9jszak\u00e1kon. A talaj menti fagyok m\u00e9g enn\u00e9l is hidegebbek lehetnek, ami komoly kih\u00edv\u00e1st jelent a mez\u0151gazdas\u00e1g, az infrastrukt\u00fara \u00e9s a lakoss\u00e1g sz\u00e1m\u00e1ra is. A jelenlegi el\u0151rejelz\u00e9sek alapj\u00e1n a dermeszt\u0151 hideg febru\u00e1r k\u00f6zep\u00e9ig is fennmaradhat, \u00e9s nagy es\u00e9llyel az idei janu\u00e1r az elm\u00falt 15 \u00e9v leghidegebb h\u00f3napjak\u00e9nt vonulhat be a statisztik\u00e1kba.<\/h3>\n<p>Forr\u00e1s: MSN \/ FB \/ EZT<\/p>\n<p>&#8211;<\/p>\n<p>A 214 l\u00f3er\u0151t \u00e9s 218 lb\/ft nyomat\u00e9kot lead\u00f3 els\u0151 motor gond n\u00e9lk\u00fcl viszi fel ezt a k\u00e9ttonn\u00e1s SUV-t az aut\u00f3p\u00e1lya-sebess\u00e9gre, b\u00e1r a gyorsul\u00e1s 60 mph (kb. 97 km\/h) f\u00f6l\u00f6tt m\u00e1r cs\u00f6kken. A hivatalos 0\u201362 mph (0\u2013100 km\/h) gyorsul\u00e1si id\u0151 8,4 m\u00e1sodperc, \u00e9s az EV5 v\u00e9gsebess\u00e9ge 104 mph (kb. 167 km\/h).<\/p>\n<p>A Kia elektromos motorjai sim\u00e1n \u00e9s er\u0151fesz\u00edt\u00e9s n\u00e9lk\u00fcl adj\u00e1k le a teljes\u00edtm\u00e9nyt, \u00e9s b\u00e1r nem olyan er\u0151sek, mint egyes k\u00e9tmotoros elektromos j\u00e1rm\u0171vek, az EV5 elrendez\u00e9se minden sz\u00fcks\u00e9ges dolgot biztos\u00edt a val\u00f3s k\u00f6zleked\u00e9sben. Az aut\u00f3p\u00e1ly\u00e1n stabilan halad, a motor halk \u00e9s csendes, ami hozz\u00e1j\u00e1rul a nyugodt vezet\u00e9si \u00e9lm\u00e9nyhez. A hajt\u00e1sl\u00e1nc finoms\u00e1ga a kanyarod\u00e1si \u00e9s rug\u00f3z\u00e1si viselked\u00e9sben is megmutatkozik. A fut\u00f3m\u0171 ink\u00e1bb a stabilit\u00e1s fel\u00e9 hajlik, mint a teljes komfort fel\u00e9: k\u00fcl\u00f6n\u00f6sen kanyarg\u00f3s vagy hull\u00e1mz\u00f3 utakon \u00e9rezhet\u0151 a biztos tapad\u00e1s, mivel a karossz\u00e9ria nem d\u0151l t\u00falzottan.<\/p>\n<p>A nagyobb \u00fathib\u00e1kat, p\u00e9ld\u00e1ul k\u00e1ty\u00fakat is sz\u00e9pen kisim\u00edtja, \u00e9s ezt nem befoly\u00e1solja a GT-Line \u00e9s GT-Line S felszerelts\u00e9ghez tartoz\u00f3 nagyobb, 19 h\u00fcvelykes k\u00f6nny\u0171f\u00e9m felni. Azonban ez a stabilit\u00e1s a vezet\u0151 \u00e9s az utasok sz\u00e1m\u00e1ra viszonylag sok fejmozg\u00e1st okoz, ami n\u00e9mileg cs\u00f6kkenti a fed\u00e9lzeti nyugalom \u00e9rzet\u00e9t.<\/p>\n","protected":false},"excerpt":{"rendered":"<p>Az iMeteo besz\u00e1mol\u00f3ja szerint az \u00e9jszakai minimum-h\u0151m\u00e9rs\u00e9kletek t\u00f6bb t\u00e9rs\u00e9gben \u201318, \u201320 Celsius-fok k\u00f6zel\u00e9be is s\u00fcllyedhetnek, k\u00fcl\u00f6n\u00f6sen sz\u00e9lcsendes, der\u00fclt \u00e9jszak\u00e1kon. A&#8230; <span class=\"gridview-grid-post-read-more\"><a href=\"https:\/\/matrend.hu\/maitrend\/?p=6077\">read more<span class=\"gridview-sr-only\"> Hatalmas felmeleged\u00e9s \u00e9rkezik<\/span><\/a><\/span><\/p>\n","protected":false},"author":1,"featured_media":6078,"comment_status":"open","ping_status":"open","sticky":false,"template":"","format":"standard","meta":{"footnotes":""},"categories":[1],"tags":[],"class_list":["post-6077","post","type-post","status-publish","format-standard","has-post-thumbnail","hentry","category-egyeb","wpcat-1-id"],"_links":{"self":[{"href":"https:\/\/matrend.hu\/maitrend\/index.php?rest_route=\/wp\/v2\/posts\/6077","targetHints":{"allow":["GET"]}}],"collection":[{"href":"https:\/\/matrend.hu\/maitrend\/index.php?rest_route=\/wp\/v2\/posts"}],"about":[{"href":"https:\/\/matrend.hu\/maitrend\/index.php?rest_route=\/wp\/v2\/types\/post"}],"author":[{"embeddable":true,"href":"https:\/\/matrend.hu\/maitrend\/index.php?rest_route=\/wp\/v2\/users\/1"}],"replies":[{"embeddable":true,"href":"https:\/\/matrend.hu\/maitrend\/index.php?rest_route=%2Fwp%2Fv2%2Fcomments&post=6077"}],"version-history":[{"count":1,"href":"https:\/\/matrend.hu\/maitrend\/index.php?rest_route=\/wp\/v2\/posts\/6077\/revisions"}],"predecessor-version":[{"id":6079,"href":"https:\/\/matrend.hu\/maitrend\/index.php?rest_route=\/wp\/v2\/posts\/6077\/revisions\/6079"}],"wp:featuredmedia":[{"embeddable":true,"href":"https:\/\/matrend.hu\/maitrend\/index.php?rest_route=\/wp\/v2\/media\/6078"}],"wp:attachment":[{"href":"https:\/\/matrend.hu\/maitrend\/index.php?rest_route=%2Fwp%2Fv2%2Fmedia&parent=6077"}],"wp:term":[{"taxonomy":"category","embeddable":true,"href":"https:\/\/matrend.hu\/maitrend\/index.php?rest_route=%2Fwp%2Fv2%2Fcategories&post=6077"},{"taxonomy":"post_tag","embeddable":true,"href":"https:\/\/matrend.hu\/maitrend\/index.php?rest_route=%2Fwp%2Fv2%2Ftags&post=6077"}],"curies":[{"name":"wp","href":"https:\/\/api.w.org\/{rel}","templated":true}]}}