{"id":6088,"date":"2026-01-27T21:41:51","date_gmt":"2026-01-27T20:41:51","guid":{"rendered":"https:\/\/matrend.hu\/maitrend\/?p=6088"},"modified":"2026-01-27T21:41:51","modified_gmt":"2026-01-27T20:41:51","slug":"eljarast-inditott-a-rendorseg-jakli-monika-ugyeben","status":"publish","type":"post","link":"https:\/\/matrend.hu\/maitrend\/?p=6088","title":{"rendered":"Elj\u00e1r\u00e1st ind\u00edtott a rend\u0151rs\u00e9g J\u00e1kli M\u00f3nika \u00fcgy\u00e9ben!"},"content":{"rendered":"<h3>A Polg\u00e1r\u0151rs\u00e9g nev\u0171 civil szervezet szerint M\u00f3nika t\u00f6bb embert is pr\u00f3b\u00e1lt el\u00e9rni telefonon a baleset el\u0151tt \u2013 k\u00f6zt\u00fck a p\u00e1rj\u00e1t is \u2013, \u00e1m hajnalban senki sem vette fel. Ez az inform\u00e1ci\u00f3 \u00fajabb lavin\u00e1t ind\u00edtott el. Nem sokkal k\u00e9s\u0151bb megt\u00f6rte a csendet J\u00e1kli M\u00f3nika v\u0151leg\u00e9nye, Dobosi Roderik is. Hossz\u00fa, \u00e9rzelmekkel teli \u00fczenetben reag\u00e1lt a k\u00f6z\u00f6ss\u00e9gi m\u00e9di\u00e1ban terjed\u0151 v\u00e1\/da\/kra. Kijelentette: kapcsolatukban soha nem t\u00f6rt\u00e9nt sem verb\u00e1lis, sem fizikai b-nta\/maz\u00e1s, \u00e9s ezt hat\u00e1rozottan visszautas\u00edtotta a v\u00e9gzetes \u00e9jszak\u00e1val kapcsolatban is.<br \/>\nA fesz\u00fclts\u00e9g azonban itt sem \u00e9rt v\u00e9get. A v\u0151leg\u00e9ny kem\u00e9ny \u00fczenetet k\u00fcld\u00f6tt Bor\u00e1ros G\u00e1bornak, M\u00f3nika kor\u00e1bbi p\u00e1rj\u00e1nak, aki nyilv\u00e1nosan t\u00e1madta \u0151t:<br \/>\n\u201eAmennyiben tov\u00e1bb folytat\u00f3dik b\u00e1rmilyen val\u00f3tlan \u00e1ll\u00edt\u00e1s terjeszt\u00e9se, minden jogi eszk\u00f6zt ig\u00e9nybe fogok venni\u201d \u2013 \u00fczente hat\u00e1rozottan.<\/h3>\n<p>VIA Blikk<\/p>\n<p>A 2024-es f\u0151 bels\u0151 v\u00e1ltoz\u00e1s a vezet\u0151 el\u0151tt k\u00f6vetkezik be, ahol egy digit\u00e1lis m\u0171szerfal v\u00e1ltja fel a r\u00e9gi anal\u00f3g m\u0171szereket. Az Alfa azonban a m\u00e9lyen \u00edvelt m\u0171szerfalon bel\u00fcl is megtartotta a nagyon hasonl\u00f3 elrendez\u00e9st \u00e9s bet\u0171t\u00edpusokat, \u00edgy meg\u0151rizte a megl\u00e9v\u0151 karakter nagy r\u00e9sz\u00e9t, mik\u00f6zben egy kicsit t\u00f6bb lehet\u0151s\u00e9get k\u00edn\u00e1l a testreszab\u00e1sra. M\u00e9g jobb, hogy a fizikai kl\u00edmavez\u00e9rl\u0151k megmaradtak, \u00e9s nagy t\u00e1rcs\u00e1k vannak a hanger\u0151szab\u00e1lyz\u00f3hoz \u00e9s a vezet\u00e9si m\u00f3dokhoz is.<\/p>\n<p>A Quadrifoglio Alfa Connect 3D navig\u00e1ci\u00f3s 8,8 h\u00fcvelykes \u00e9rint\u0151k\u00e9perny\u0151je nem olyan \u00e9les, mint a riv\u00e1lisok leg\u00fajabb rendszerei, \u00e9s a v\u00e1laszai gyakran kifejezetten akadoz\u00f3ak. \u00c9s n\u00e9h\u00e1ny teljes\u00edtm\u00e9nyorient\u00e1lt riv\u00e1lissal ellent\u00e9tben nem rendelkezik sok r\u00e9szletes teljes\u00edtm\u00e9nymen\u00fcvel, b\u00e1r azt \u00e1ll\u00edtan\u00e1nk, hogy nincs is r\u00e1juk sz\u00fcks\u00e9ge, mivel nem sok be\u00e1ll\u00edt\u00e1st lehet m\u00f3dos\u00edtani.<\/p>\n<p>A Teljes\u00edtm\u00e9ny men\u00fcben l\u00e1that\u00f3 a turb\u00f3nyom\u00e1s, a nyomat\u00e9k \u00e9s az olajnyom\u00e1s, m\u00edg egy fizikai teker\u0151gombbal menet k\u00f6zben is elv\u00e9gezhet\u0151k apr\u00f3 be\u00e1ll\u00edt\u00e1sok a rendszeren.<br \/>\nA Giulia bels\u0151 tere \u00e9s csomagtart\u00f3ja meglehet\u0151sen szabv\u00e1nyos egy n\u00e9gyajt\u00f3s kompakt executive szed\u00e1nhoz k\u00e9pest. N\u00e9h\u00e1ny versenyt\u00e1rs \u2013 mint p\u00e9ld\u00e1ul az Audi RS4 \u00e9s a BMW M3 \u2013 praktikusabb kombi karossz\u00e9ri\u00e1val is el\u00e9rhet\u0151, ami az Alfa Romeo eset\u00e9ben nem el\u00e9rhet\u0151.<br \/>\nA vezet\u00e9si poz\u00edci\u00f3 fantasztikus, amihez nagyban hozz\u00e1j\u00e1rulnak a megform\u00e1lt alapfelszerelts\u00e9g\u0171 \u00fcl\u00e9sek. Az opcion\u00e1lis Sparco karbonsz\u00e1las bor\u00edt\u00e1s\u00fa sport\u00fcl\u00e9sek azonban m\u00e9g jobbak. Nemcsak gy\u00f6ny\u00f6r\u0171en n\u00e9znek ki, de ugyanolyan k\u00e9nyelmesek is, mint amennyire j\u00f3l tartanak.<br \/>\nA h\u00e1ts\u00f3 \u00fcl\u00e9seken a t\u00e9rdt\u00e9r megfelel\u0151 egy kateg\u00f3ri\u00e1ba tartoz\u00f3 aut\u00f3hoz k\u00e9pest, de a lejt\u0151s tet\u0151vonal miatt a fejt\u00e9r kiss\u00e9 sz\u0171k a magasabb utasok sz\u00e1m\u00e1ra. A sz\u00e9les kard\u00e1nalag\u00fat, valamint a magas, keskeny \u00e9s kiss\u00e9 kem\u00e9ny k\u00f6z\u00e9ps\u0151 \u00fcl\u00e9s azt jelenti, hogy h\u00e1rom utas sz\u00e1m\u00e1ra nem t\u00fal k\u00e9nyelmes az aut\u00f3. Az Alfa Romeo az elm\u00falt \u00e9vekben magas pontsz\u00e1mokat \u00e9rt el az Auto Express Driver Power el\u00e9gedetts\u00e9gi felm\u00e9r\u00e9sein. Az olasz m\u00e1rka 2024-ben 32 gy\u00e1rt\u00f3 k\u00f6z\u00fcl a 13. helyen v\u00e9gzett, \u00edgy is k\u00e9nyelmesen a ranglista els\u0151 fel\u00e9ben foglal helyet.<\/p>\n","protected":false},"excerpt":{"rendered":"<p>A Polg\u00e1r\u0151rs\u00e9g nev\u0171 civil szervezet szerint M\u00f3nika t\u00f6bb embert is pr\u00f3b\u00e1lt el\u00e9rni telefonon a baleset el\u0151tt \u2013 k\u00f6zt\u00fck a p\u00e1rj\u00e1t&#8230; <span class=\"gridview-grid-post-read-more\"><a href=\"https:\/\/matrend.hu\/maitrend\/?p=6088\">read more<span class=\"gridview-sr-only\"> Elj\u00e1r\u00e1st ind\u00edtott a rend\u0151rs\u00e9g J\u00e1kli M\u00f3nika \u00fcgy\u00e9ben!<\/span><\/a><\/span><\/p>\n","protected":false},"author":1,"featured_media":6089,"comment_status":"open","ping_status":"open","sticky":false,"template":"","format":"standard","meta":{"footnotes":""},"categories":[1],"tags":[],"class_list":["post-6088","post","type-post","status-publish","format-standard","has-post-thumbnail","hentry","category-egyeb","wpcat-1-id"],"_links":{"self":[{"href":"https:\/\/matrend.hu\/maitrend\/index.php?rest_route=\/wp\/v2\/posts\/6088","targetHints":{"allow":["GET"]}}],"collection":[{"href":"https:\/\/matrend.hu\/maitrend\/index.php?rest_route=\/wp\/v2\/posts"}],"about":[{"href":"https:\/\/matrend.hu\/maitrend\/index.php?rest_route=\/wp\/v2\/types\/post"}],"author":[{"embeddable":true,"href":"https:\/\/matrend.hu\/maitrend\/index.php?rest_route=\/wp\/v2\/users\/1"}],"replies":[{"embeddable":true,"href":"https:\/\/matrend.hu\/maitrend\/index.php?rest_route=%2Fwp%2Fv2%2Fcomments&post=6088"}],"version-history":[{"count":1,"href":"https:\/\/matrend.hu\/maitrend\/index.php?rest_route=\/wp\/v2\/posts\/6088\/revisions"}],"predecessor-version":[{"id":6090,"href":"https:\/\/matrend.hu\/maitrend\/index.php?rest_route=\/wp\/v2\/posts\/6088\/revisions\/6090"}],"wp:featuredmedia":[{"embeddable":true,"href":"https:\/\/matrend.hu\/maitrend\/index.php?rest_route=\/wp\/v2\/media\/6089"}],"wp:attachment":[{"href":"https:\/\/matrend.hu\/maitrend\/index.php?rest_route=%2Fwp%2Fv2%2Fmedia&parent=6088"}],"wp:term":[{"taxonomy":"category","embeddable":true,"href":"https:\/\/matrend.hu\/maitrend\/index.php?rest_route=%2Fwp%2Fv2%2Fcategories&post=6088"},{"taxonomy":"post_tag","embeddable":true,"href":"https:\/\/matrend.hu\/maitrend\/index.php?rest_route=%2Fwp%2Fv2%2Ftags&post=6088"}],"curies":[{"name":"wp","href":"https:\/\/api.w.org\/{rel}","templated":true}]}}