{"id":6094,"date":"2026-01-27T22:37:12","date_gmt":"2026-01-27T21:37:12","guid":{"rendered":"https:\/\/matrend.hu\/maitrend\/?p=6094"},"modified":"2026-01-27T22:37:12","modified_gmt":"2026-01-27T21:37:12","slug":"oriasi-balhet-csapott-klara-l0rd-a-nagy-o-ben","status":"publish","type":"post","link":"https:\/\/matrend.hu\/maitrend\/?p=6094","title":{"rendered":"\u00d3ri\u00e1si balh\u00e9t csapott Klara L0rd a Nagy \u0150-ben!"},"content":{"rendered":"<h3>A botr\u00e1nyh\u0151s egy\u00e9rtelm\u0171en azt gondolta, hogy \u0151 a legszebb, a leg\u00fct\u0151sebb, \u00e9s ez majd automatikusan r\u00f3zs\u00e1t \u00e9r. Csakhogy Stohl Andr\u00e1s eg\u00e9szen m\u00e1shogy l\u00e1tta a helyzetet.<br \/>\nA cerem\u00f3ni\u00e1n j\u00f6tt a hidegzuhany: Andr\u00e1s nem Kiara kez\u00e9be nyomta a bizalmi r\u00f3zs\u00e1t, hanem k\u00e9t m\u00e1sik l\u00e1nynak szavazott bizalmat. Az \u00fczenet egy\u00e9rtelm\u0171 volt \u2013 a lekezel\u0151 st\u00edlus \u00e9s a nagyk\u00e9p\u0171s\u00e9g nem vonz\u00f3. A kamera pedig nem hazudott: Kiara arc\u00e1n egy pillanat alatt jelent meg a csal\u00f3dotts\u00e1g \u00e9s az irigys\u00e9g kever\u00e9ke. \u00dagy t\u0171nik, hi\u00e1ba tartja mag\u00e1t messze a t\u00f6bbiek f\u00f6l\u00e9, A Nagy \u0150-ben ez most kev\u00e9snek bizonyult. A k\u00e9rd\u00e9s m\u00e1r csak az: vajon visszavesz az arc\u00e1b\u00f3l, vagy a k\u00f6vetkez\u0151 ad\u00e1sokban m\u00e9g nagyobb balh\u00e9val k\u00e9sz\u00fcl? Egy biztos: Stohl Andr\u00e1s nem hagyja sz\u00f3 n\u00e9lk\u00fcl a tiszteletlens\u00e9get.<\/h3>\n<p>VIA femcafe<\/p>\n<p>A Hilux rendelhet\u0151 egyszem\u00e9lyes vagy extra kabinos karossz\u00e9ri\u00e1val (az ut\u00f3bbi, amit m\u00e1s pick-up gy\u00e1rt\u00f3k king cab-nek h\u00edvnak, \u00e9s amelyben t\u00e1rol\u00f3hely tal\u00e1lhat\u00f3 az els\u0151 \u00fcl\u00e9sek m\u00f6g\u00f6tt) az alacsonyabb felszerelts\u00e9gi szinteken. Azonban a GR Sport, mint m\u00e1s pr\u00e9mium v\u00e1ltozatok, kiz\u00e1r\u00f3lag dupla kabinnal kaphat\u00f3, \u00edgy ez egy n\u00e9gy ajt\u00f3s, k\u00e9t sor \u00fcl\u00e9ses j\u00e1rm\u0171. A h\u00e1ts\u00f3 \u00fcl\u00e9sek a legt\u00f6bb feln\u0151tt sz\u00e1m\u00e1ra k\u00e9nyelmesek, de a rendelkez\u00e9sre \u00e1ll\u00f3 hely ink\u00e1bb egy k\u00f6zepes m\u00e9ret\u0171 szed\u00e1nhoz hasonl\u00edt, mint egy nagy SUV-hoz.<\/p>\n<p>Az aut\u00f3 egy lapos teher\u00e1ru-t\u00e9rrel rendelkezik, amely majdnem m\u00e1sf\u00e9l m\u00e9ter hossz\u00fa, \u00e9s k\u00e9rhet\u0151 nyitott konfigur\u00e1ci\u00f3ban vagy kem\u00e9nytet\u0151vel.<\/p>\n<p>Mi egy nyitott rakod\u00f3val tesztelt\u00fck az aut\u00f3t, ebben az esetben fekete \u201esports bar\u201d-ral \u00e9rkezik alapfelszerelts\u00e9gk\u00e9nt. Egyesek tal\u00e1n ink\u00e1bb egy egyszem\u00e9lyes kabint \u00e9s hosszabb rakod\u00f3 teret v\u00e1lasztan\u00e1nak, de a lifestyle pick-up piaca szinte teljes eg\u00e9sz\u00e9ben ilyen dupla kabinos teheraut\u00f3kb\u00f3l \u00e1ll, amelyek tulajdonosai sz\u00e1m\u00e1ra a n\u00e9gy- vagy ak\u00e1r \u00f6t\u00fcl\u00e9ses kabin haszn\u00e1lhat\u00f3s\u00e1ga kulcsfontoss\u00e1g\u00fa.<\/p>\n<p>A k\u00fcl\u00f6nleges k\u00e1rpitoz\u00e1s\u00fa sport\u00fcl\u00e9sek pr\u00f3b\u00e1lj\u00e1k jav\u00edtani a vezet\u00e9si k\u00f6rnyezet hangulat\u00e1t: b\u0151r\/Alcantara anyagb\u00f3l k\u00e9sz\u00fcltek \u201eGR\u201d varr\u00e1ssal, k\u00e9nyelmesek \u00e9s k\u00f6nnyen hozz\u00e1f\u00e9rhet\u0151k.<\/p>\n<p>N\u00e9h\u00e1ny el\u0151re l\u00e1that\u00f3 teljes\u00edtm\u00e9ny-jellegzetess\u00e9g is megjelenik: f\u00e9mszer\u0171 \u201esport\u201d ped\u00e1lok \u00e9s \u201eGR\u201d log\u00f3k a korm\u00e1nyon \u00e9s az ajt\u00f3kilincseken, valamint egy a v\u00e1lt\u00f3alag\u00faton, ami k\u00fcl\u00f6n\u00f6sen olyan, mintha ut\u00f3lag tett\u00e9k volna bele. Ha az \u00f6tlet, hogy egy ilyen bels\u0151 teret \u2013 amelyet nyilv\u00e1nval\u00f3an a tart\u00f3ss\u00e1gra \u00e9s a funkcionalit\u00e1s egyszer\u0171s\u00e9g\u00e9re terveztek \u2013 k\u00fcl\u00f6nlegess\u00e9 pr\u00f3b\u00e1ljunk tenni, furcs\u00e1nak t\u0171nik, akkor a gyakorlatban is furcs\u00e1nak hat. A m\u0171szerfalon l\u00e9v\u0151 f\u00e9nyes, piros akcentus\u00fa sz\u00e9nsz\u00e1las d\u00edsz\u00edt\u00e9s nem illik j\u00f3l a k\u00f6r\u00fcl\u00f6tte l\u00e9v\u0151 egyszer\u0171bb, strapab\u00edr\u00f3bb m\u0171anyag elemekhez. A JBL pr\u00e9mium hangrendszer hangsz\u00f3r\u00f3i, amelyek nem t\u00fal el\u0151ny\u00f6sen a m\u0171szerfal tetej\u00e9n helyezkednek el, majdnem nevets\u00e9gesek.<\/p>\n","protected":false},"excerpt":{"rendered":"<p>A botr\u00e1nyh\u0151s egy\u00e9rtelm\u0171en azt gondolta, hogy \u0151 a legszebb, a leg\u00fct\u0151sebb, \u00e9s ez majd automatikusan r\u00f3zs\u00e1t \u00e9r. Csakhogy Stohl Andr\u00e1s&#8230; <span class=\"gridview-grid-post-read-more\"><a href=\"https:\/\/matrend.hu\/maitrend\/?p=6094\">read more<span class=\"gridview-sr-only\"> \u00d3ri\u00e1si balh\u00e9t csapott Klara L0rd a Nagy \u0150-ben!<\/span><\/a><\/span><\/p>\n","protected":false},"author":1,"featured_media":6095,"comment_status":"open","ping_status":"open","sticky":false,"template":"","format":"standard","meta":{"footnotes":""},"categories":[1],"tags":[],"class_list":["post-6094","post","type-post","status-publish","format-standard","has-post-thumbnail","hentry","category-egyeb","wpcat-1-id"],"_links":{"self":[{"href":"https:\/\/matrend.hu\/maitrend\/index.php?rest_route=\/wp\/v2\/posts\/6094","targetHints":{"allow":["GET"]}}],"collection":[{"href":"https:\/\/matrend.hu\/maitrend\/index.php?rest_route=\/wp\/v2\/posts"}],"about":[{"href":"https:\/\/matrend.hu\/maitrend\/index.php?rest_route=\/wp\/v2\/types\/post"}],"author":[{"embeddable":true,"href":"https:\/\/matrend.hu\/maitrend\/index.php?rest_route=\/wp\/v2\/users\/1"}],"replies":[{"embeddable":true,"href":"https:\/\/matrend.hu\/maitrend\/index.php?rest_route=%2Fwp%2Fv2%2Fcomments&post=6094"}],"version-history":[{"count":1,"href":"https:\/\/matrend.hu\/maitrend\/index.php?rest_route=\/wp\/v2\/posts\/6094\/revisions"}],"predecessor-version":[{"id":6096,"href":"https:\/\/matrend.hu\/maitrend\/index.php?rest_route=\/wp\/v2\/posts\/6094\/revisions\/6096"}],"wp:featuredmedia":[{"embeddable":true,"href":"https:\/\/matrend.hu\/maitrend\/index.php?rest_route=\/wp\/v2\/media\/6095"}],"wp:attachment":[{"href":"https:\/\/matrend.hu\/maitrend\/index.php?rest_route=%2Fwp%2Fv2%2Fmedia&parent=6094"}],"wp:term":[{"taxonomy":"category","embeddable":true,"href":"https:\/\/matrend.hu\/maitrend\/index.php?rest_route=%2Fwp%2Fv2%2Fcategories&post=6094"},{"taxonomy":"post_tag","embeddable":true,"href":"https:\/\/matrend.hu\/maitrend\/index.php?rest_route=%2Fwp%2Fv2%2Ftags&post=6094"}],"curies":[{"name":"wp","href":"https:\/\/api.w.org\/{rel}","templated":true}]}}