{"id":6100,"date":"2026-01-28T13:14:47","date_gmt":"2026-01-28T12:14:47","guid":{"rendered":"https:\/\/matrend.hu\/maitrend\/?p=6100"},"modified":"2026-01-28T16:56:21","modified_gmt":"2026-01-28T15:56:21","slug":"nyomtalanul-eltunt","status":"publish","type":"post","link":"https:\/\/matrend.hu\/maitrend\/?p=6100","title":{"rendered":"Nyomtalanul elt\u0171nt"},"content":{"rendered":"<h3>A Budapesti Rend\u0151r-f\u0151kapit\u00e1nys\u00e1g Dunai V\u00edzi Rend\u00e9szeti Rend\u0151rkapit\u00e1nys\u00e1g\u00e1nak koordin\u00e1ci\u00f3ja mellett megkezdt\u00e9k a Duna \u00e9rintett szakasz\u00e1nak \u00e1tvizsg\u00e1l\u00e1s\u00e1t. Ezzel p\u00e1rhuzamosan a Pest v\u00e1rmegyei rend\u0151rs\u00e9g ir\u00e1ny\u00edt\u00e1s\u00e1val a partszakaszt is \u00e1tf\u00e9s\u00fclt\u00e9k, azonban a kutat\u00e1s eddig nem vezetett eredm\u00e9nyre.<\/h3>\n<h3>A Gasztroangyal st\u00e1btagj\u00e1r\u00f3l van sz\u00f3!<\/h3>\n<p>Forr\u00e1s: MSN \/ FB<\/p>\n<p>&#8211;<\/p>\n<p>A bels\u0151 t\u00e9r kialak\u00edt\u00e1sa letisztult \u00e9s funkcion\u00e1lis, az anyaghaszn\u00e1lat pedig \u00e9rezhet\u0151en javult az el\u0151d\u00f6kh\u00f6z k\u00e9pest. B\u00e1r tov\u00e1bbra sem pr\u00e9mium modellr\u0151l van sz\u00f3, az \u00f6sszeszerel\u00e9s min\u0151s\u00e9ge \u00e9s az illeszt\u00e9sek pontoss\u00e1ga kellemes meglepet\u00e9st okozhat azoknak, akik kor\u00e1bban kev\u00e9sb\u00e9 tartott\u00e1k versenyk\u00e9pesnek a Hyundai-t ezen a t\u00e9ren. A kezel\u0151szervek logikusan elrendezettek, a m\u0171szerfal \u00e1ttekinthet\u0151, \u00edgy az aut\u00f3 k\u00f6nnyen megszokhat\u00f3, m\u00e9g azok sz\u00e1m\u00e1ra is, akik most \u00fclnek el\u0151sz\u00f6r Hyundai vol\u00e1nja m\u00f6g\u00e9.<\/p>\n<p>A 2018-as friss\u00edt\u00e9s kisebb, de j\u00f3l \u00e9rz\u00e9kelhet\u0151 v\u00e1ltoztat\u00e1sokat hozott a k\u00fcls\u0151 megjelen\u00e9sben. Az orr-r\u00e9szen megjelent a Hyundai leg\u00fajabb, \u00fagynevezett \u201ekaszk\u00e1dos\u201d h\u0171t\u0151r\u00e1csa, amely modernebb \u00e9s karakteresebb k\u00fcls\u0151t k\u00f6lcs\u00f6n\u00f6z az aut\u00f3nak. H\u00e1tul a rendsz\u00e1mt\u00e1bla helyzete megv\u00e1ltozott: a l\u00f6kh\u00e1r\u00edt\u00f3r\u00f3l felker\u00fclt a csomagt\u00e9rajt\u00f3ra, ami letisztultabb \u00f6sszhat\u00e1st eredm\u00e9nyez. Ezek az apr\u00f3 m\u00f3dos\u00edt\u00e1sok \u00f6sszess\u00e9g\u00e9ben frissebb\u00e9 tett\u00e9k a modellt, an\u00e9lk\u00fcl hogy teljesen \u00e1talak\u00edtott\u00e1k volna annak karakter\u00e9t.<\/p>\n<p>A friss\u00edt\u00e9ssel egy\u00fctt \u00faj sz\u00ednek \u00e9s felni-diz\u00e1jnok is megjelentek a k\u00edn\u00e1latban, valamint el\u00e9rhet\u0151v\u00e9 v\u00e1lt a kontrasztos tet\u0151 opci\u00f3ja is. Ez k\u00fcl\u00f6n\u00f6sen a fiatalabb v\u00e1s\u00e1rl\u00f3k sz\u00e1m\u00e1ra lehet vonz\u00f3, hiszen egy kis egyedis\u00e9get \u00e9s j\u00e1t\u00e9koss\u00e1got visz az aut\u00f3 megjelen\u00e9s\u00e9be. Az i20 \u00edgy nemcsak praktikus v\u00e1laszt\u00e1s, hanem megjelen\u00e9s\u00e9ben is k\u00e9pes megsz\u00f3l\u00edtani azokat, akik valami modernebb, st\u00edlusosabb kisaut\u00f3t keresnek.<\/p>\n","protected":false},"excerpt":{"rendered":"<p>A Budapesti Rend\u0151r-f\u0151kapit\u00e1nys\u00e1g Dunai V\u00edzi Rend\u00e9szeti Rend\u0151rkapit\u00e1nys\u00e1g\u00e1nak koordin\u00e1ci\u00f3ja mellett megkezdt\u00e9k a Duna \u00e9rintett szakasz\u00e1nak \u00e1tvizsg\u00e1l\u00e1s\u00e1t. Ezzel p\u00e1rhuzamosan a Pest v\u00e1rmegyei&#8230; <span class=\"gridview-grid-post-read-more\"><a href=\"https:\/\/matrend.hu\/maitrend\/?p=6100\">read more<span class=\"gridview-sr-only\"> Nyomtalanul elt\u0171nt<\/span><\/a><\/span><\/p>\n","protected":false},"author":1,"featured_media":6101,"comment_status":"open","ping_status":"open","sticky":false,"template":"","format":"standard","meta":{"footnotes":""},"categories":[1],"tags":[],"class_list":["post-6100","post","type-post","status-publish","format-standard","has-post-thumbnail","hentry","category-egyeb","wpcat-1-id"],"_links":{"self":[{"href":"https:\/\/matrend.hu\/maitrend\/index.php?rest_route=\/wp\/v2\/posts\/6100","targetHints":{"allow":["GET"]}}],"collection":[{"href":"https:\/\/matrend.hu\/maitrend\/index.php?rest_route=\/wp\/v2\/posts"}],"about":[{"href":"https:\/\/matrend.hu\/maitrend\/index.php?rest_route=\/wp\/v2\/types\/post"}],"author":[{"embeddable":true,"href":"https:\/\/matrend.hu\/maitrend\/index.php?rest_route=\/wp\/v2\/users\/1"}],"replies":[{"embeddable":true,"href":"https:\/\/matrend.hu\/maitrend\/index.php?rest_route=%2Fwp%2Fv2%2Fcomments&post=6100"}],"version-history":[{"count":2,"href":"https:\/\/matrend.hu\/maitrend\/index.php?rest_route=\/wp\/v2\/posts\/6100\/revisions"}],"predecessor-version":[{"id":6104,"href":"https:\/\/matrend.hu\/maitrend\/index.php?rest_route=\/wp\/v2\/posts\/6100\/revisions\/6104"}],"wp:featuredmedia":[{"embeddable":true,"href":"https:\/\/matrend.hu\/maitrend\/index.php?rest_route=\/wp\/v2\/media\/6101"}],"wp:attachment":[{"href":"https:\/\/matrend.hu\/maitrend\/index.php?rest_route=%2Fwp%2Fv2%2Fmedia&parent=6100"}],"wp:term":[{"taxonomy":"category","embeddable":true,"href":"https:\/\/matrend.hu\/maitrend\/index.php?rest_route=%2Fwp%2Fv2%2Fcategories&post=6100"},{"taxonomy":"post_tag","embeddable":true,"href":"https:\/\/matrend.hu\/maitrend\/index.php?rest_route=%2Fwp%2Fv2%2Ftags&post=6100"}],"curies":[{"name":"wp","href":"https:\/\/api.w.org\/{rel}","templated":true}]}}