{"id":6110,"date":"2026-01-28T18:11:40","date_gmt":"2026-01-28T17:11:40","guid":{"rendered":"https:\/\/matrend.hu\/maitrend\/?p=6110"},"modified":"2026-01-28T18:11:40","modified_gmt":"2026-01-28T17:11:40","slug":"a-legeselyesebb-lanyt-kosarazta-ki-a-nagy-o","status":"publish","type":"post","link":"https:\/\/matrend.hu\/maitrend\/?p=6110","title":{"rendered":"A leges\u00e9lyesebb l\u00e1nyt kosarazta ki a Nagy \u0150!"},"content":{"rendered":"<h3>\u00c9s akkor j\u00f6tt az igazi pofon. A Nagy \u0150 nem kertelt tov\u00e1bb, \u00e9s meghozta a d\u00f6nt\u00e9st, amely sokak sz\u00e1m\u00e1ra hidegzuhanyk\u00e9nt hatott:<br \/>\n\u201eAzt szeretn\u00e9m, ha az a l\u00e1ny maradna ma, aki a leg\u00f6nazonosabb volt. Klara, veled eszem meg a desszertet.\u201d<br \/>\nEgyetlen mondat, \u00e9s k\u00e9t nagy es\u00e9lyes azonnal kiesett. Kiss Kriszta \u00e9s P\u00e1lfi Panna sz\u00e1m\u00e1ra v\u00e9get \u00e9rt az este \u2013 a legnagyobb meglepet\u00e9sre \u00e9ppen azok estek ki, akiket sokan m\u00e1r a d\u00f6nt\u0151ben l\u00e1ttak.<br \/>\nKlara L0rd viszont kettesben maradhatott Stohl Andr\u00e1ssal, felszabadultabb, k\u00f6nnyedebb hangulatban folytatva az est\u00e9t. A k\u00e9rd\u00e9s m\u00e1r csak az: ez val\u00f3di el\u0151ny, vagy csup\u00e1n egy j\u00f3l id\u0151z\u00edtett fordulat?<br \/>\n\u00d6n szerint melyik l\u00e1ny illik legink\u00e1bb Stohl Andr\u00e1shoz? Vajon Kiara t\u00e9nyleg befut\u00f3, vagy csak most j\u00f6n az igazi csavar?<\/h3>\n<p>VIA Origo<\/p>\n<p>A Peugeot 308 SW Hybrid bels\u0151 tere modern sz\u00ednvonal\u00fa: a Peugeot i\u2011Cockpit elrendez\u00e9s\u00e9nek k\u00f6sz\u00f6nhet\u0151en a r\u00f6vid\u00edtett korm\u00e1ny \u00e9s a magasabbra helyezett kijelz\u0151k ergonomikusak \u2014 b\u00e1r nem mindenki sz\u00e1m\u00e1ra intuit\u00edvak. A nagy k\u00f6zponti \u00e9rint\u0151k\u00e9perny\u0151 gyorsan reag\u00e1l, \u00e9s a Apple CarPlay\/Android Auto t\u00e1mogat\u00e1s k\u00e9nyelmes okostelefon\u2011integr\u00e1ci\u00f3t biztos\u00edt. Az anyagmin\u0151s\u00e9g a mai kompakt pr\u00e9mium szintet c\u00e9lozza meg, puh\u00e1bb fels\u0151 r\u00e9szekkel \u00e9s logikus elrendez\u00e9ssel; a bels\u0151 diz\u00e1jn gyakran pozit\u00edv visszajelz\u00e9st kap arra, hogy \u201ek\u00f6zel van\u201d a n\u00e9met pr\u00e9mium modellekhez.<br \/>\nA hossz\u00fat\u00e1v\u00fa teszt egyetlen komolyabb negat\u00edvumk\u00e9nt a High Beam Assist (t\u00e1vols\u00e1gi f\u00e9nysz\u00f3r\u00f3 asszisztens) m\u0171k\u00f6d\u00e9s\u00e9t eml\u00edtette, amely a tesztaut\u00f3ban gyakran hib\u00e1san kapcsolta be a t\u00e1vols\u00e1gi f\u00e9nysz\u00f3r\u00f3t, nappal \u00e9s \u00e9jjel egyar\u00e1nt \u2014 t\u00f6bb esetben m\u00e1sokat elvak\u00edtva. Ez kellemetlen \u00e9s zavar\u00f3, \u00e9s a szerz\u0151 v\u00e9g\u00fcl kikapcsolta az automatikus funkci\u00f3t emiatt. A jelens\u00e9g v\u00e9lhet\u0151en szenzor\u2011 vagy szoftver\u2011predikci\u00f3s probl\u00e9ma, amely nem minden p\u00e9ld\u00e1nyban jelentkezik, de el\u00e9g gyakorinak t\u0171nik a Peugeot \u00e9s m\u00e1s m\u00e1rk\u00e1k f\u00f3rumain is.<\/p>\n<p>M\u00e1s tulajdonosok online megosztott tapasztalatok alapj\u00e1n infotainment\u2011 vagy kijelz\u0151 probl\u00e9m\u00e1k, figyelmeztet\u0151 hangok vagy reakci\u00f3\u2011elt\u00e9r\u00e9sek is el\u0151fordulhatnak a hibrid rendszerek szoftver\u00e9vel vagy a kijelz\u0151kkel kapcsolatban \u2014 ezek jellemz\u0151en friss\u00edt\u00e9ssel jav\u00edthat\u00f3k, de el\u0151fordulhatnak id\u0151vel.<br \/>\n\u00d6sszess\u00e9g\u00e9ben a Peugeot 308 SW Hybrid hossz\u00fat\u00e1von nagyon \u00fct\u0151s csal\u00e1di aut\u00f3, amely egyes\u00edti a praktikus kombi mindennapi hasznoss\u00e1g\u00e1t a korszer\u0171 plug\u2011in hibrid hajt\u00e1s el\u0151nyeivel: magas gazdas\u00e1goss\u00e1g v\u00e1rosi \u00e9s vegyes haszn\u00e1latban, t\u00e1gas csomagt\u00e9r \u00e9s k\u00e9nyelmes belt\u00e9r, valamint kiel\u00e9g\u00edt\u0151 dinamikai viselked\u00e9s egyar\u00e1nt jellemzi. A hib\u00e1kat \u2014 mint a High Beam Assist\u2011probl\u00e9ma vagy alkalmank\u00e9nt furcsa szoftver\u2011viselked\u00e9s \u2014 lesz\u00e1m\u00edtva, a modell egy j\u00f3 egyens\u00falyt ad a csal\u00e1di praktikummal, takar\u00e9koss\u00e1ggal \u00e9s korszer\u0171 technol\u00f3gi\u00e1val, ami\u00e9rt sok felhaszn\u00e1l\u00f3 sz\u00edvesen aj\u00e1nlja \u2013 k\u00fcl\u00f6n\u00f6sen, ha rendszeresen t\u00f6lt\u00f6d a hibrid akkumul\u00e1tort.<\/p>\n","protected":false},"excerpt":{"rendered":"<p>\u00c9s akkor j\u00f6tt az igazi pofon. A Nagy \u0150 nem kertelt tov\u00e1bb, \u00e9s meghozta a d\u00f6nt\u00e9st, amely sokak sz\u00e1m\u00e1ra hidegzuhanyk\u00e9nt&#8230; <span class=\"gridview-grid-post-read-more\"><a href=\"https:\/\/matrend.hu\/maitrend\/?p=6110\">read more<span class=\"gridview-sr-only\"> A leges\u00e9lyesebb l\u00e1nyt kosarazta ki a Nagy \u0150!<\/span><\/a><\/span><\/p>\n","protected":false},"author":1,"featured_media":6111,"comment_status":"open","ping_status":"open","sticky":false,"template":"","format":"standard","meta":{"footnotes":""},"categories":[1],"tags":[],"class_list":["post-6110","post","type-post","status-publish","format-standard","has-post-thumbnail","hentry","category-egyeb","wpcat-1-id"],"_links":{"self":[{"href":"https:\/\/matrend.hu\/maitrend\/index.php?rest_route=\/wp\/v2\/posts\/6110","targetHints":{"allow":["GET"]}}],"collection":[{"href":"https:\/\/matrend.hu\/maitrend\/index.php?rest_route=\/wp\/v2\/posts"}],"about":[{"href":"https:\/\/matrend.hu\/maitrend\/index.php?rest_route=\/wp\/v2\/types\/post"}],"author":[{"embeddable":true,"href":"https:\/\/matrend.hu\/maitrend\/index.php?rest_route=\/wp\/v2\/users\/1"}],"replies":[{"embeddable":true,"href":"https:\/\/matrend.hu\/maitrend\/index.php?rest_route=%2Fwp%2Fv2%2Fcomments&post=6110"}],"version-history":[{"count":1,"href":"https:\/\/matrend.hu\/maitrend\/index.php?rest_route=\/wp\/v2\/posts\/6110\/revisions"}],"predecessor-version":[{"id":6112,"href":"https:\/\/matrend.hu\/maitrend\/index.php?rest_route=\/wp\/v2\/posts\/6110\/revisions\/6112"}],"wp:featuredmedia":[{"embeddable":true,"href":"https:\/\/matrend.hu\/maitrend\/index.php?rest_route=\/wp\/v2\/media\/6111"}],"wp:attachment":[{"href":"https:\/\/matrend.hu\/maitrend\/index.php?rest_route=%2Fwp%2Fv2%2Fmedia&parent=6110"}],"wp:term":[{"taxonomy":"category","embeddable":true,"href":"https:\/\/matrend.hu\/maitrend\/index.php?rest_route=%2Fwp%2Fv2%2Fcategories&post=6110"},{"taxonomy":"post_tag","embeddable":true,"href":"https:\/\/matrend.hu\/maitrend\/index.php?rest_route=%2Fwp%2Fv2%2Ftags&post=6110"}],"curies":[{"name":"wp","href":"https:\/\/api.w.org\/{rel}","templated":true}]}}