{"id":6116,"date":"2026-01-28T20:48:45","date_gmt":"2026-01-28T19:48:45","guid":{"rendered":"https:\/\/matrend.hu\/maitrend\/?p=6116"},"modified":"2026-01-28T20:48:45","modified_gmt":"2026-01-28T19:48:45","slug":"stohl-andras-hatalmas-dramaja","status":"publish","type":"post","link":"https:\/\/matrend.hu\/maitrend\/?p=6116","title":{"rendered":"Stohl Andr\u00e1s hatalmas dr\u00e1m\u00e1ja"},"content":{"rendered":"<h3>A rajong\u00f3i felt\u00e9telez\u00e9sek szerint K\/ara te\/hes Andr\u00e1st\u00f3l! A rajong\u00f3k szerint nem v\u00e9letlen, hogy Kara az ut\u00f3bbi hetekben felt\u0171n\u0151en ker\u00fcli a nyilv\u00e1nos esem\u00e9nyeket, \u00e9s ha m\u00e9gis megjelenik, b\u0151 szab\u00e1s\u00fa ruh\u00e1kban teszi. Az igazi tal\u00e1lgat\u00e1si hull\u00e1m akkor indult be, amikor Andor egy \u00e9l\u0151 m\u0171sorban szokatlanul zavartan mosolygott, amikor Ki\/ra neve sz\u00f3ba ker\u00fclt. A k\u00f6z\u00f6\/s\u00e9gi m\u00e9\/i\u00e1ban azonnal elindult a kommentcunami! B\u00e1r hivatalos meger\u0151s\u00edt\u00e9s nincs, a rajong\u00f3k m\u00e1r most nevet v\u00e1lasztanak, \u00e9s azt tal\u00e1lgatj\u00e1k, vajon melyik\u00fck von\u00e1sait \u00f6r\u00f6kli majd a kicsi.<\/h3>\n<p>Forr\u00e1s: MSN \/ FB<\/p>\n<p>&#8211;<\/p>\n<p>Ezek a megold\u00e1sok egy haszonj\u00e1rm\u0171 eset\u00e9ben k\u00fcl\u00f6n\u00f6sen \u00e9rt\u00e9kesek, hiszen sok esetben napi t\u00f6bb \u00f3r\u00e1s vezet\u00e9sr\u0151l van sz\u00f3, ahol a koncentr\u00e1ci\u00f3 fenntart\u00e1sa kulcsfontoss\u00e1g\u00fa.<\/p>\n<p>A Toyota Proace City \u00e1ra valamivel magasabban indul, mint a PSA-csoporthoz tartoz\u00f3 testv\u00e9rmodellek\u00e9, ugyanakkor ezt r\u00e9szben ellens\u00falyozza a gazdagabb alapfelszerelts\u00e9g. Az \u00e1rak nagyj\u00e1b\u00f3l 18 500 fontn\u00e1l kezd\u0151dnek \u00e1fa n\u00e9lk\u00fcl, ami\u00e9rt cser\u00e9be m\u00e1r az Active kivitel is meglep\u0151en komplett csomagot ny\u00fajt. Alapfelszerelts\u00e9gk\u00e9nt j\u00e1r a teljes k\u00f6r\u0171 biztons\u00e1gi felszerel\u00e9s, az L1 \u00e9s L2 v\u00e1ltozatokon egyar\u00e1nt a k\u00e9t tol\u00f3oldals\u00f3 ajt\u00f3, a l\u00e9gkondicion\u00e1l\u00f3, az automata vil\u00e1g\u00edt\u00e1s, egy USB-csatlakoz\u00f3 \u00e9s a Bluetooth-kapcsolat. Ezek olyan elemek, amelyek a mindennapi haszn\u00e1lat sor\u00e1n gyorsan n\u00e9lk\u00fcl\u00f6zhetetlenn\u00e9 v\u00e1lnak, legyen sz\u00f3 fut\u00e1rszolg\u00e1latr\u00f3l, kisv\u00e1llalkoz\u00e1sr\u00f3l vagy ak\u00e1r \u00f6nkorm\u00e1nyzati felhaszn\u00e1l\u00e1sr\u00f3l.<\/p>\n<p>Az Icon felszerelts\u00e9gi szint ehhez k\u00e9pest m\u00e1r egy\u00e9rtelm\u0171en a k\u00e9nyelmet \u00e9s a modern technol\u00f3gi\u00e1t helyezi el\u0151t\u00e9rbe. Ebben a kivitelben megjelenik egy 8 colos \u00e9rint\u0151k\u00e9perny\u0151, amely t\u00e1mogatja az CarPlay \u00e9s az Auto rendszereket, \u00edgy az okostelefon funkci\u00f3i k\u00f6nnyed\u00e9n integr\u00e1lhat\u00f3k az aut\u00f3 infotainment rendszer\u00e9be.<\/p>\n","protected":false},"excerpt":{"rendered":"<p>A rajong\u00f3i felt\u00e9telez\u00e9sek szerint K\/ara te\/hes Andr\u00e1st\u00f3l! A rajong\u00f3k szerint nem v\u00e9letlen, hogy Kara az ut\u00f3bbi hetekben felt\u0171n\u0151en ker\u00fcli a&#8230; <span class=\"gridview-grid-post-read-more\"><a href=\"https:\/\/matrend.hu\/maitrend\/?p=6116\">read more<span class=\"gridview-sr-only\"> Stohl Andr\u00e1s hatalmas dr\u00e1m\u00e1ja<\/span><\/a><\/span><\/p>\n","protected":false},"author":1,"featured_media":6117,"comment_status":"open","ping_status":"open","sticky":false,"template":"","format":"standard","meta":{"footnotes":""},"categories":[1],"tags":[],"class_list":["post-6116","post","type-post","status-publish","format-standard","has-post-thumbnail","hentry","category-egyeb","wpcat-1-id"],"_links":{"self":[{"href":"https:\/\/matrend.hu\/maitrend\/index.php?rest_route=\/wp\/v2\/posts\/6116","targetHints":{"allow":["GET"]}}],"collection":[{"href":"https:\/\/matrend.hu\/maitrend\/index.php?rest_route=\/wp\/v2\/posts"}],"about":[{"href":"https:\/\/matrend.hu\/maitrend\/index.php?rest_route=\/wp\/v2\/types\/post"}],"author":[{"embeddable":true,"href":"https:\/\/matrend.hu\/maitrend\/index.php?rest_route=\/wp\/v2\/users\/1"}],"replies":[{"embeddable":true,"href":"https:\/\/matrend.hu\/maitrend\/index.php?rest_route=%2Fwp%2Fv2%2Fcomments&post=6116"}],"version-history":[{"count":1,"href":"https:\/\/matrend.hu\/maitrend\/index.php?rest_route=\/wp\/v2\/posts\/6116\/revisions"}],"predecessor-version":[{"id":6118,"href":"https:\/\/matrend.hu\/maitrend\/index.php?rest_route=\/wp\/v2\/posts\/6116\/revisions\/6118"}],"wp:featuredmedia":[{"embeddable":true,"href":"https:\/\/matrend.hu\/maitrend\/index.php?rest_route=\/wp\/v2\/media\/6117"}],"wp:attachment":[{"href":"https:\/\/matrend.hu\/maitrend\/index.php?rest_route=%2Fwp%2Fv2%2Fmedia&parent=6116"}],"wp:term":[{"taxonomy":"category","embeddable":true,"href":"https:\/\/matrend.hu\/maitrend\/index.php?rest_route=%2Fwp%2Fv2%2Fcategories&post=6116"},{"taxonomy":"post_tag","embeddable":true,"href":"https:\/\/matrend.hu\/maitrend\/index.php?rest_route=%2Fwp%2Fv2%2Ftags&post=6116"}],"curies":[{"name":"wp","href":"https:\/\/api.w.org\/{rel}","templated":true}]}}