{"id":6119,"date":"2026-01-29T15:04:12","date_gmt":"2026-01-29T14:04:12","guid":{"rendered":"https:\/\/matrend.hu\/maitrend\/?p=6119"},"modified":"2026-01-29T15:04:12","modified_gmt":"2026-01-29T14:04:12","slug":"tragedia-a-bajcsy-zsilinszky-korhazban","status":"publish","type":"post","link":"https:\/\/matrend.hu\/maitrend\/?p=6119","title":{"rendered":"Trag\u00e9dia a Bajcsy-Zsilinszky K\u00f3rh\u00e1zban"},"content":{"rendered":"<h3>Az int\u00e9zm\u00e9ny vezet\u00e9se meger\u0151s\u00edtette, hogy az \u00fcgyet a rend\u0151rs\u00e9g k\u00f6zigazgat\u00e1si elj\u00e1r\u00e1sban vizsg\u00e1lja, amelyr\u0151l a Budapesti Rend\u0151r-f\u0151kapit\u00e1nys\u00e1g adhat r\u00e9szletesebb t\u00e1j\u00e9koztat\u00e1st. A k\u00f3rh\u00e1z r\u00e9szv\u00e9t\u00e9t fejezte ki az elhunyt hozz\u00e1tartoz\u00f3inak, \u00e9s k\u00f6z\u00f6lte, hogy egy\u00fcttm\u0171k\u00f6dik a hat\u00f3s\u00e1gokkal. A TTOK-os pletyk\u00e1k szerint a megfelel\u0151tlen kezel\u00e9s miatt vete\/te mag\u00e1t ki!<\/h3>\n<p>Forr\u00e1s: MSN \/ FB<\/p>\n<p>&#8211;<\/p>\n<p>Ebben nagy szerepe van annak, hogy az alv\u00e1z el\u00fcls\u0151 r\u00e9sze a PSA-csoport szem\u00e9lyaut\u00f3ib\u00f3l sz\u00e1rmazik, ami \u00e9rezhet\u0151en pozit\u00edv hat\u00e1ssal van a stabilit\u00e1sra \u00e9s a kezelhet\u0151s\u00e9gre. Az aut\u00f3 kanyarokban magabiztosan viselkedik, nem billeg t\u00falzottan, \u00e9s \u00f6sszess\u00e9g\u00e9ben sokkal ink\u00e1bb eml\u00e9keztet egy nagyobb csal\u00e1di aut\u00f3 vezet\u00e9si \u00e9lm\u00e9ny\u00e9re, mint egy klasszikus kisfurgon\u00e9ra.<\/p>\n<p>A fut\u00f3m\u0171 \u00fcresen kiss\u00e9 nyugtalan tud lenni, k\u00fcl\u00f6n\u00f6sen rosszabb min\u0151s\u00e9g\u0171 utakon vagy fekv\u0151rend\u0151r\u00f6k\u00f6n \u00e1thaladva, de ez egy tipikus jelens\u00e9g ebben a kateg\u00f3ri\u00e1ban. Amint azonban n\u00e9mi s\u00faly ker\u00fcl a rakt\u00e9rbe, a rug\u00f3z\u00e1s sokkal kiegyens\u00falyozottabb\u00e1 v\u00e1lik, \u00e9s az aut\u00f3 mozg\u00e1sa kisimul. Ez azt jelenti, hogy val\u00f3di munkak\u00f6rnyezetben, rakom\u00e1nnyal haszn\u00e1lva a Proace City komfortosabb benyom\u00e1st kelt, mint amikor teljesen \u00fcresen k\u00f6zlekedik.<\/p>\n<p>A kil\u00e1t\u00e1s a vezet\u0151\u00fcl\u00e9sb\u0151l kifejezetten j\u00f3, ami nagyban megk\u00f6nny\u00edti a j\u00e1rm\u0171 pontos poz\u00edcion\u00e1l\u00e1s\u00e1t az \u00faton \u00e9s sz\u0171k helyeken egyar\u00e1nt. A nagy t\u00fckr\u00f6k, a j\u00f3l \u00e1tl\u00e1that\u00f3 karossz\u00e9ria \u00e9s az egyenes vonalvezet\u00e9s\u0171 orr-r\u00e9sz seg\u00edtenek abban, hogy a vezet\u0151 magabiztosan man\u0151verezzen ak\u00e1r v\u00e1rosi k\u00f6rnyezetben, ak\u00e1r sz\u0171k udvarokban vagy rakod\u00f3ter\u00fcleteken. Az alacsony sebess\u00e9gn\u00e9l k\u00f6nny\u0171 korm\u00e1nyz\u00e1s szint\u00e9n hozz\u00e1j\u00e1rul a stresszmentes haszn\u00e1lathoz, k\u00fcl\u00f6n\u00f6sen parkol\u00e1skor vagy sz\u0171k utc\u00e1kban t\u00f6rt\u00e9n\u0151 megfordul\u00e1skor.<\/p>\n","protected":false},"excerpt":{"rendered":"<p>Az int\u00e9zm\u00e9ny vezet\u00e9se meger\u0151s\u00edtette, hogy az \u00fcgyet a rend\u0151rs\u00e9g k\u00f6zigazgat\u00e1si elj\u00e1r\u00e1sban vizsg\u00e1lja, amelyr\u0151l a Budapesti Rend\u0151r-f\u0151kapit\u00e1nys\u00e1g adhat r\u00e9szletesebb t\u00e1j\u00e9koztat\u00e1st. A&#8230; <span class=\"gridview-grid-post-read-more\"><a href=\"https:\/\/matrend.hu\/maitrend\/?p=6119\">read more<span class=\"gridview-sr-only\"> Trag\u00e9dia a Bajcsy-Zsilinszky K\u00f3rh\u00e1zban<\/span><\/a><\/span><\/p>\n","protected":false},"author":1,"featured_media":6120,"comment_status":"open","ping_status":"open","sticky":false,"template":"","format":"standard","meta":{"footnotes":""},"categories":[1],"tags":[],"class_list":["post-6119","post","type-post","status-publish","format-standard","has-post-thumbnail","hentry","category-egyeb","wpcat-1-id"],"_links":{"self":[{"href":"https:\/\/matrend.hu\/maitrend\/index.php?rest_route=\/wp\/v2\/posts\/6119","targetHints":{"allow":["GET"]}}],"collection":[{"href":"https:\/\/matrend.hu\/maitrend\/index.php?rest_route=\/wp\/v2\/posts"}],"about":[{"href":"https:\/\/matrend.hu\/maitrend\/index.php?rest_route=\/wp\/v2\/types\/post"}],"author":[{"embeddable":true,"href":"https:\/\/matrend.hu\/maitrend\/index.php?rest_route=\/wp\/v2\/users\/1"}],"replies":[{"embeddable":true,"href":"https:\/\/matrend.hu\/maitrend\/index.php?rest_route=%2Fwp%2Fv2%2Fcomments&post=6119"}],"version-history":[{"count":1,"href":"https:\/\/matrend.hu\/maitrend\/index.php?rest_route=\/wp\/v2\/posts\/6119\/revisions"}],"predecessor-version":[{"id":6121,"href":"https:\/\/matrend.hu\/maitrend\/index.php?rest_route=\/wp\/v2\/posts\/6119\/revisions\/6121"}],"wp:featuredmedia":[{"embeddable":true,"href":"https:\/\/matrend.hu\/maitrend\/index.php?rest_route=\/wp\/v2\/media\/6120"}],"wp:attachment":[{"href":"https:\/\/matrend.hu\/maitrend\/index.php?rest_route=%2Fwp%2Fv2%2Fmedia&parent=6119"}],"wp:term":[{"taxonomy":"category","embeddable":true,"href":"https:\/\/matrend.hu\/maitrend\/index.php?rest_route=%2Fwp%2Fv2%2Fcategories&post=6119"},{"taxonomy":"post_tag","embeddable":true,"href":"https:\/\/matrend.hu\/maitrend\/index.php?rest_route=%2Fwp%2Fv2%2Ftags&post=6119"}],"curies":[{"name":"wp","href":"https:\/\/api.w.org\/{rel}","templated":true}]}}