{"id":6128,"date":"2026-01-29T19:01:22","date_gmt":"2026-01-29T18:01:22","guid":{"rendered":"https:\/\/matrend.hu\/maitrend\/?p=6128"},"modified":"2026-01-29T19:01:22","modified_gmt":"2026-01-29T18:01:22","slug":"kitort-a-botrany-oriasi-hiba-a-nagy-o-ben","status":"publish","type":"post","link":"https:\/\/matrend.hu\/maitrend\/?p=6128","title":{"rendered":"Kit\u00f6rt a botr\u00e1ny! \u00d3ri\u00e1si hiba a Nagy \u0150-ben!"},"content":{"rendered":"<h3>\u00c9s itt jutunk el oda, ahol a fejek t\u00e9nyleg elkezdtek forogni: a jelek szerint Stohl nem tudja pal\u00e1stolni azt a zavarodotts\u00e1got, amit a szerep okoz neki. Egyes jelenetek, reakci\u00f3k \u00e9s d\u00f6nt\u00e9sek ak\u00e1r k\u00ednos pillanatokat is sz\u00fclnek a k\u00e9perny\u0151n \u2013 az els\u0151 ad\u00e1sokban l\u00e1that\u00f3 r\u00f3zsacerem\u00f3ni\u00e1k \u00e9s besz\u00e9lget\u00e9sek k\u00f6zben a versenyz\u0151k \u00e9s a n\u00e9z\u0151k sz\u00e1m\u00e1ra is \u00e9rz\u00e9kelhet\u0151 volt, hogy Stohl sokszor furcs\u00e1n, fesz\u00e9lyezetten viselkedik.<br \/>\nEz az er\u0151ltetett hangulat sok kommentel\u0151 szerint f\u00e1raszt\u00f3bb\u00e1 teszi a m\u0171sort, mint sz\u00f3rakoztat\u00f3v\u00e1 \u2013 \u00e9s pont ez az, amit\u0151l a rajong\u00f3k k\u00f6z\u00fcl rengetegen azt mondj\u00e1k: \u201eEnnyi? T\u00e9nyleg erre volt sz\u00fcks\u00e9g?\u201d<br \/>\nMert m\u00edg kor\u00e1bban egy Stohl-szerepl\u00e9s kapcs\u00e1n azt \u00e9rezt\u00fck, hogy na ez\u00e9rt \u00e9rdemes sz\u00ednh\u00e1zba menni, most azt \u00e9rezz\u00fck: egy tehets\u00e9g eladta mag\u00e1t a show-biznisznek, \u00e9s az eg\u00e9sz t\u00fal sok.<\/h3>\n<p>VIA FB<\/p>\n<p>A Toyota Corolla a vil\u00e1g egyik legismertebb \u00e9s legsikeresebb aut\u00f3ja: t\u00f6bb mint hatvan \u00e9ve van jelen a piacon, \u00e9s gener\u00e1ci\u00f3r\u00f3l gener\u00e1ci\u00f3ra finom\u00edtva olyan modellt k\u00edn\u00e1l, amelyet milli\u00f3k ismernek meg megb\u00edzhat\u00f3s\u00e1ga, tart\u00f3ss\u00e1ga \u00e9s alacsony \u00fczemeltet\u00e9si k\u00f6lts\u00e9ge miatt. A legfrissebb, tizedik vagy tizenkettedik gener\u00e1ci\u00f3s Corolla \u2013 att\u00f3l f\u00fcgg\u0151en, hogyan sz\u00e1molj\u00e1k a k\u00fcl\u00f6nb\u00f6z\u0151 piacokon \u2013 ma m\u00e1r hibrid hajt\u00e1ssal k\u00e9sz\u00fcl, amely vil\u00e1gszerte a Toyota egyik legsikeresebb \u00f6nfelt\u00f6lt\u0151 hibrid technol\u00f3gi\u00e1j\u00e1t haszn\u00e1lja. Ez azt jelenti, hogy a Corolla kiz\u00e1r\u00f3lag olyan hajt\u00e1sl\u00e1ncot k\u00edn\u00e1l, amelyben benzines motor \u00e9s elektromotor egy\u00fctt dolgozik, \u00e9s az energia visszanyer\u00e9s\u00e9vel, valamint elektromos \u00fczemm\u00f3dokkal kombin\u00e1lva cs\u00f6kkenti az \u00fczemanyag-fogyaszt\u00e1st \u00e9s a k\u00e1rosanyag-kibocs\u00e1t\u00e1st an\u00e9lk\u00fcl, hogy k\u00fcls\u0151 t\u00f6lt\u00e9sre lenne sz\u00fcks\u00e9g.<br \/>\nA Corolla friss\u00edtett v\u00e1ltozat\u00e1t 2023-ban mutatt\u00e1k be, amely nem csup\u00e1n a hibrid technol\u00f3gia tov\u00e1bbfejleszt\u00e9s\u00e9t hozta, hanem komoly friss\u00edt\u00e9seket kapott az infotainment- \u00e9s fed\u00e9lzeti elektronikai rendszerek ter\u00e9n is. Ez a k\u00f6z\u00e9pkateg\u00f3ri\u00e1s csal\u00e1di hatchback ma m\u00e1r a Toyota TNGA (Toyota New Global Architecture) padl\u00f3lemez\u00e9re van \u00e9p\u00edtve, amely merevebb karossz\u00e9ri\u00e1t \u00e9s javult menetdinamik\u00e1t biztos\u00edt. Ez a platform kor\u00e1bban m\u00e1r bizony\u00edtott m\u00e1s, sikeres Toyota modellekben, p\u00e9ld\u00e1ul a C-HR SUV-ban \u00e9s a Priusban, ami hozz\u00e1j\u00e1rul a Corolla kiegyens\u00falyozott kezelhet\u0151s\u00e9g\u00e9hez.<\/p>\n<p>A Corolla k\u00fclseje letisztult, modern formanyelvet k\u00f6vet: b\u00e1r nem a legszem\u00e9lyesebb vagy legkarakteresebb aut\u00f3 az utakon, a friss\u00edtett el\u00fcls\u0151 r\u00e9sz \u00e9s a finoman form\u00e1lt test oldala kifinomult \u00e9s id\u0151t\u00e1ll\u00f3 megjelen\u00e9st ad a t\u00edpusnak. A karossz\u00e9ria t\u00f6bbf\u00e9le felnikivitelben v\u00e1laszthat\u00f3, jellemz\u0151en 16-t\u00f3l 18-h\u00fcvelykes k\u00f6nny\u0171f\u00e9m kerekekkel, k\u00fcl\u00f6nb\u00f6z\u0151 trimcsomagokkal \u00e9s fest\u00e9si opci\u00f3kkal, bele\u00e9rtve a met\u00e1l- \u00e9s gy\u00f6ngyh\u00e1zf\u00e9nyez\u00e9seket is.<br \/>\nA bels\u0151 t\u00e9r hagyom\u00e1nyosan praktikus \u00e9s logikus kialak\u00edt\u00e1s\u00fa \u2013 a Toyota \u00e9p\u00edt\u00e9si min\u0151s\u00e9ge itt is megmutatkozik: a csomagol\u00e1s, az illeszt\u00e9sek \u00e9s az anyagok tart\u00f3ss\u00e1ga j\u00f3 \u00e9rz\u00e9st kelt, b\u00e1r a bels\u0151 hangulat nem pr\u00e9mium jelleg\u0171, hanem ink\u00e1bb funkcion\u00e1lis \u00e9s megb\u00edzhat\u00f3. A vezet\u0151 \u00e9s az utasok j\u00f3l elf\u00e9rnek, el\u0151re n\u00e9zve a kil\u00e1t\u00e1s j\u00f3, a kezel\u0151szervek ergon\u00f3miai elhelyez\u00e9se pedig \u00e1tgondolt. A Corolla k\u00fcl\u00f6n\u00f6sen k\u00e9nyelmes utaz\u00f3aut\u00f3nak sz\u00e1m\u00edt \u2013 v\u00e1rosi forgalomban csendes \u00e9s rugalmas, m\u00edg hosszabb utakon stabil \u00e9s kiegyens\u00falyozott utaz\u00e1si komfortot ny\u00fajt.<\/p>\n","protected":false},"excerpt":{"rendered":"<p>\u00c9s itt jutunk el oda, ahol a fejek t\u00e9nyleg elkezdtek forogni: a jelek szerint Stohl nem tudja pal\u00e1stolni azt a&#8230; <span class=\"gridview-grid-post-read-more\"><a href=\"https:\/\/matrend.hu\/maitrend\/?p=6128\">read more<span class=\"gridview-sr-only\"> Kit\u00f6rt a botr\u00e1ny! \u00d3ri\u00e1si hiba a Nagy \u0150-ben!<\/span><\/a><\/span><\/p>\n","protected":false},"author":1,"featured_media":6132,"comment_status":"open","ping_status":"open","sticky":false,"template":"","format":"standard","meta":{"footnotes":""},"categories":[1],"tags":[],"class_list":["post-6128","post","type-post","status-publish","format-standard","has-post-thumbnail","hentry","category-egyeb","wpcat-1-id"],"_links":{"self":[{"href":"https:\/\/matrend.hu\/maitrend\/index.php?rest_route=\/wp\/v2\/posts\/6128","targetHints":{"allow":["GET"]}}],"collection":[{"href":"https:\/\/matrend.hu\/maitrend\/index.php?rest_route=\/wp\/v2\/posts"}],"about":[{"href":"https:\/\/matrend.hu\/maitrend\/index.php?rest_route=\/wp\/v2\/types\/post"}],"author":[{"embeddable":true,"href":"https:\/\/matrend.hu\/maitrend\/index.php?rest_route=\/wp\/v2\/users\/1"}],"replies":[{"embeddable":true,"href":"https:\/\/matrend.hu\/maitrend\/index.php?rest_route=%2Fwp%2Fv2%2Fcomments&post=6128"}],"version-history":[{"count":1,"href":"https:\/\/matrend.hu\/maitrend\/index.php?rest_route=\/wp\/v2\/posts\/6128\/revisions"}],"predecessor-version":[{"id":6133,"href":"https:\/\/matrend.hu\/maitrend\/index.php?rest_route=\/wp\/v2\/posts\/6128\/revisions\/6133"}],"wp:featuredmedia":[{"embeddable":true,"href":"https:\/\/matrend.hu\/maitrend\/index.php?rest_route=\/wp\/v2\/media\/6132"}],"wp:attachment":[{"href":"https:\/\/matrend.hu\/maitrend\/index.php?rest_route=%2Fwp%2Fv2%2Fmedia&parent=6128"}],"wp:term":[{"taxonomy":"category","embeddable":true,"href":"https:\/\/matrend.hu\/maitrend\/index.php?rest_route=%2Fwp%2Fv2%2Fcategories&post=6128"},{"taxonomy":"post_tag","embeddable":true,"href":"https:\/\/matrend.hu\/maitrend\/index.php?rest_route=%2Fwp%2Fv2%2Ftags&post=6128"}],"curies":[{"name":"wp","href":"https:\/\/api.w.org\/{rel}","templated":true}]}}