{"id":6129,"date":"2026-01-29T18:09:32","date_gmt":"2026-01-29T17:09:32","guid":{"rendered":"https:\/\/matrend.hu\/maitrend\/?p=6129"},"modified":"2026-01-29T18:09:32","modified_gmt":"2026-01-29T17:09:32","slug":"erkezik-a-80-cm-es-havazas-felenk-tart","status":"publish","type":"post","link":"https:\/\/matrend.hu\/maitrend\/?p=6129","title":{"rendered":"\u00c9rkezik a 80 cm-es havaz\u00e1s fel\u00e9nk tart"},"content":{"rendered":"<h3>Ez l\u00e9nyeg\u00e9ben egy hatalmas, \u00f6rv\u00e9nyl\u0151 l\u00e9gk\u00f6ri rendszer a sarkvid\u00e9k f\u00f6l\u00f6tt, amely norm\u00e1l esetben \u201ebez\u00e1rva\u201d tartja a hideg leveg\u0151t az \u00e9szaki t\u00e9rs\u00e9gekben. Olyan, mint egy fal vagy gy\u0171r\u0171, ami megakad\u00e1lyozza, hogy a sarkvid\u00e9ki hideg szabadon le\u00f6mlj\u00f6n d\u00e9lebbre. Az \u00e9rkez\u00e9s sok mindent\u0151l f\u00fcgg! Jelenleg ha a pol\u00e1ris \u00f6rv\u00e9ny nem v\u00e1ltozik napokon bel\u00fcl el\u00e9rhet minket!<\/h3>\n<p>Forr\u00e1s: MSN \/ FB \/ EZT<\/p>\n<p>&#8211;<\/p>\n<p>Azok sz\u00e1m\u00e1ra, akik m\u00e9g sportosabb \u00e9lm\u00e9nyre v\u00e1gynak, k\u00f6r\u00fclbel\u00fcl 3 000 font\u00e9rt el\u00e9rhet\u0151 a Racing Pack csomag. Ez t\u00f6bbek k\u00f6z\u00f6tt sportfut\u00f3m\u0171vet tartalmaz m\u00f3dos\u00edtott leng\u00e9scsillap\u00edt\u00f3kkal \u00e9s rug\u00f3kkal, vastagabb stabiliz\u00e1tor rudakkal, valamint egy karakteres hang\u00fa sportkipufog\u00f3t. A csomag r\u00e9sze tov\u00e1bb\u00e1 az el\u00f6l 18, h\u00e1tul 19 colos k\u00f6nny\u0171f\u00e9m ker\u00e9kgarnit\u00fara is, amely m\u00e9g agressz\u00edvebb megjelen\u00e9st k\u00f6lcs\u00f6n\u00f6z az aut\u00f3nak. Ennek ellen\u00e9re sokak sz\u00e1m\u00e1ra a sz\u00e9ria fut\u00f3m\u0171 \u00e9s a kisebb kerekek jelentik az ide\u00e1lis v\u00e1laszt\u00e1st, mivel ezekkel az aut\u00f3 valamivel kezelhet\u0151bb\u00e9 \u00e9s \u00e9lhet\u0151bb\u00e9 v\u00e1lik a mindennapi haszn\u00e1lat sor\u00e1n. A Racing Pack k\u00e9ts\u00e9gtelen\u00fcl fokozza a p\u00e1ly\u00e1ra termett karaktert, de egyben tov\u00e1bb cs\u00f6kkenti azt a minim\u00e1lis komfortot is, amelyet a 4C alapb\u00f3l ny\u00fajt.<\/p>\n<p>B\u00e1rmilyen felszerelts\u00e9ggel is v\u00e1lasztjuk a 4C-t, az \u00e9lm\u00e9ny v\u00e9geredm\u00e9nyben nyers \u00e9s kompromisszummentes marad. Ez nem az a sportaut\u00f3, amely finoman simul bele a h\u00e9tk\u00f6znapokba. Alapj\u00e1raton a kipufog\u00f3 hangja rendk\u00edv\u00fcl hat\u00e1rozott \u00e9s karakteres, szinte olyan, mintha egy hatvanas \u00e9vekbeli verseny-Alfa kelne \u00e9letre. Ez a hang sok rajong\u00f3 sz\u00e1m\u00e1ra maga a megtestes\u00fclt \u00e1lom, ugyanakkor menet k\u00f6zben a motor- \u00e9s az \u00fathang olyan m\u00e9rt\u00e9kben van jelen az utast\u00e9rben, hogy a hosszabb utak kifejezetten f\u00e1raszt\u00f3v\u00e1 v\u00e1lnak. A zajszint miatt gyakorlatilag \u00e9rtelmetlen r\u00e1di\u00f3t hallgatni, m\u00e9g annak ellen\u00e9re is, hogy az Alfa Romeo egy meglehet\u0151sen szer\u00e9ny teljes\u00edtm\u00e9ny\u0171, ut\u00f3lagos Alpine hifirendszert szerelt az aut\u00f3ba.<\/p>\n","protected":false},"excerpt":{"rendered":"<p>Ez l\u00e9nyeg\u00e9ben egy hatalmas, \u00f6rv\u00e9nyl\u0151 l\u00e9gk\u00f6ri rendszer a sarkvid\u00e9k f\u00f6l\u00f6tt, amely norm\u00e1l esetben \u201ebez\u00e1rva\u201d tartja a hideg leveg\u0151t az \u00e9szaki&#8230; <span class=\"gridview-grid-post-read-more\"><a href=\"https:\/\/matrend.hu\/maitrend\/?p=6129\">read more<span class=\"gridview-sr-only\"> \u00c9rkezik a 80 cm-es havaz\u00e1s fel\u00e9nk tart<\/span><\/a><\/span><\/p>\n","protected":false},"author":1,"featured_media":6130,"comment_status":"open","ping_status":"open","sticky":false,"template":"","format":"standard","meta":{"footnotes":""},"categories":[1],"tags":[],"class_list":["post-6129","post","type-post","status-publish","format-standard","has-post-thumbnail","hentry","category-egyeb","wpcat-1-id"],"_links":{"self":[{"href":"https:\/\/matrend.hu\/maitrend\/index.php?rest_route=\/wp\/v2\/posts\/6129","targetHints":{"allow":["GET"]}}],"collection":[{"href":"https:\/\/matrend.hu\/maitrend\/index.php?rest_route=\/wp\/v2\/posts"}],"about":[{"href":"https:\/\/matrend.hu\/maitrend\/index.php?rest_route=\/wp\/v2\/types\/post"}],"author":[{"embeddable":true,"href":"https:\/\/matrend.hu\/maitrend\/index.php?rest_route=\/wp\/v2\/users\/1"}],"replies":[{"embeddable":true,"href":"https:\/\/matrend.hu\/maitrend\/index.php?rest_route=%2Fwp%2Fv2%2Fcomments&post=6129"}],"version-history":[{"count":1,"href":"https:\/\/matrend.hu\/maitrend\/index.php?rest_route=\/wp\/v2\/posts\/6129\/revisions"}],"predecessor-version":[{"id":6131,"href":"https:\/\/matrend.hu\/maitrend\/index.php?rest_route=\/wp\/v2\/posts\/6129\/revisions\/6131"}],"wp:featuredmedia":[{"embeddable":true,"href":"https:\/\/matrend.hu\/maitrend\/index.php?rest_route=\/wp\/v2\/media\/6130"}],"wp:attachment":[{"href":"https:\/\/matrend.hu\/maitrend\/index.php?rest_route=%2Fwp%2Fv2%2Fmedia&parent=6129"}],"wp:term":[{"taxonomy":"category","embeddable":true,"href":"https:\/\/matrend.hu\/maitrend\/index.php?rest_route=%2Fwp%2Fv2%2Fcategories&post=6129"},{"taxonomy":"post_tag","embeddable":true,"href":"https:\/\/matrend.hu\/maitrend\/index.php?rest_route=%2Fwp%2Fv2%2Ftags&post=6129"}],"curies":[{"name":"wp","href":"https:\/\/api.w.org\/{rel}","templated":true}]}}