{"id":6137,"date":"2026-01-30T17:59:24","date_gmt":"2026-01-30T16:59:24","guid":{"rendered":"https:\/\/matrend.hu\/maitrend\/?p=6137"},"modified":"2026-01-30T17:59:24","modified_gmt":"2026-01-30T16:59:24","slug":"boraros-gabor-nekiesett-jakli-monika-edesanyjanak","status":"publish","type":"post","link":"https:\/\/matrend.hu\/maitrend\/?p=6137","title":{"rendered":"Bor\u00e1ros G\u00e1bor nekiesett J\u00e1kli M\u00f3nika \u00e9desanyj\u00e1nak!"},"content":{"rendered":"<h3>A fesz\u00fclts\u00e9g itt \u00e9rte el a tet\u0151pontj\u00e1t. Bor\u00e1ros G\u00e1bor ny\u00edltan J\u00e1kli M\u00f3nika \u00e9desanyj\u00e1t tette felel\u0151ss\u00e9, \u00e9s olyan mondatokat mondott ki, amelyek sokakn\u00e1l kiverte a biztos\u00edt\u00e9kot.<br \/>\n\u201eEl\u00e9gg\u00e9 szomor\u00fa, hogy egy anya k\u00e9pes \u00edgy el\u00e1rulni a l\u00e1ny\u00e1t, \u00fagy, hogy m\u00e9g el sincs temetve\u2026\u201d<br \/>\nBor\u00e1ros szerint a csal\u00e1d pontosan tiszt\u00e1ban volt a h\u00e1tt\u00e9rben zajl\u00f3 konfliktusokkal, a b\u00e1nta\/l\/ma\/\u00e1sr\u00f3l \u00e9s a zsa\/r\/0l\u00e1sr\u00f3l sz\u00f3l\u00f3 v\u00e1dakkal \u2013 m\u00e9gsem l\u00e9ptek k\u00f6zbe id\u0151ben. \u00dagy \u00e9rzi, ellene szervezkedtek, \u00e9s b\u00e1rmit is h\u00faznak el\u0151 a m\u00faltb\u00f3l, az m\u00e1r nem v\u00e1ltoztat azon, ami t\u00f6rt\u00e9nt.<br \/>\n\u201e\u00c9n \u00e9vekig vigy\u00e1ztam r\u00e1, m\u00e1s meg f\u00e9l \u00e9v alatt s\u00edrba teszi\u2026 Az anyuk\u00e1k a h\u00e1tam m\u00f6g\u00f6tt szervezkednek. Nekik k\u00f6sz\u00f6nhet\u0151en megy\u00fcnk a temet\u00e9sre.\u201d<br \/>\nA f\u00e9rfi v\u00e9g\u00fcl kijelentette: nem menteget\u0151zik, \u00e9s ez volt az utols\u00f3 megsz\u00f3lal\u00e1sa az \u00fcgyben.<\/h3>\n<p>VIA index<\/p>\n<p>A Hyundai Santa Fe a d\u00e9l-koreai m\u00e1rka egyik legnagyobb \u00e9s legfontosabb SUV-ja, amely az \u00f6t\u00f6dik gener\u00e1ci\u00f3ban is egy karakteres, t\u00e1gas \u00e9s csal\u00e1dbar\u00e1t nagy m\u00e9ret\u0171 aut\u00f3k\u00e9nt jelenik meg a piacon. A formaterve mark\u00e1nsan sz\u00f6gletes, m\u00e9gis modern, ami nemcsak vizu\u00e1lisan emeli ki a kompaktabb SUV-k k\u00f6z\u00fcl, hanem a bels\u0151 t\u00e9r praktikusabb helyk\u00edn\u00e1lat\u00e1t is el\u0151re jelzi. A boxy vonalak, a \u201cpixel\u201d st\u00edlus\u00fa l\u00e1mp\u00e1k \u00e9s a felt\u0171n\u0151 front r\u00e9sz mind azt sugallj\u00e1k, hogy a Santa Fe nem egy h\u00e9tk\u00f6znapi, egysz\u00edn\u0171 SUV-t k\u00edn\u00e1l, hanem egy olyan modellt, amelynek c\u00e9lja a komfort, helyk\u00edn\u00e1lat \u00e9s technol\u00f3gia egyens\u00falya a csal\u00e1di haszn\u00e1latban.<\/p>\n<p>Az aut\u00f3 \u00e1rkateg\u00f3ri\u00e1ja a pr\u00e9mium k\u00f6z\u00e9putat k\u00e9pviseli: az Egyes\u00fclt Kir\u00e1lys\u00e1gban a hibrid alapmodell \u00e1ra k\u00f6r\u00fclbel\u00fcl 47 000 fontt\u00f3l indul, m\u00edg a plug-in hibrid v\u00e1ltozat valamivel dr\u00e1g\u00e1bb, \u00e9s az \u00f6sszker\u00e9khajt\u00e1s is fel\u00e1ras. Ez nem olcs\u00f3 egy SUV-\u00e9rt, de figyelembe v\u00e9ve a standard felszerelts\u00e9get \u00e9s a technol\u00f3giai csomagot, a Santa Fe m\u00e9g \u00edgy is versenyk\u00e9pes marad m\u00e1s nagy csal\u00e1di SUV-kkal \u00f6sszehasonl\u00edtva.<\/p>\n<p>A hajt\u00e1sl\u00e1ncok tekintet\u00e9ben a Santa Fe k\u00e9t f\u0151 megold\u00e1st k\u00edn\u00e1l: a hagyom\u00e1nyos hibrid rendszert \u00e9s a plug-in hibrid (PHEV) v\u00e1ltozatot. A hibrid v\u00e1ltozat egy 1,6 literes turb\u00f3 benzines bels\u0151 \u00e9g\u00e9s\u0171 motor \u00e9s egy elektromotor kombin\u00e1ci\u00f3j\u00e1t haszn\u00e1lja, ami egy\u00fctt nagyj\u00e1b\u00f3l 212 l\u00f3er\u0151t \u00e9s kiegyens\u00falyozott teljes\u00edtm\u00e9nyt ad, de a teljes\u00edtm\u00e9ny nem \u00e9rz\u0151dik k\u00fcl\u00f6n\u00f6sen dinamikusnak \u2014 0\u201362 m\u00e9rf\u00f6ld\/\u00f3ra (0\u2013100 km\/h) temp\u00f3ra a FWD hibrid v\u00e1ltozat kb. 9,6 m\u00e1sodpercet, a 4WD v\u00e1ltozat pedig kb. 9,8 m\u00e1sodpercet vesz ig\u00e9nybe. A plug-in hibrid er\u0151sebb (kb. 250 l\u00f3er\u0151), de mivel a nagy akkumul\u00e1tor s\u00falya miatt a gyorsul\u00e1si el\u0151ny nem sokkal jobb, a 9,3 m\u00e1sodperces 0\u201362 m\u00e9rf\u00f6ld\/\u00f3ra \u00e9rt\u00e9ket adja.<\/p>\n<p>A plug-in hibrid v\u00e1ltozat tiszt\u00e1n elektromos hat\u00f3t\u00e1vja hivatalosan k\u00f6r\u00fclbel\u00fcl 33,6 m\u00e9rf\u00f6ld (54 km), ami v\u00e1rosi \u00e9s r\u00f6videbb utakra elegend\u0151 \u2014 f\u0151leg ha az aut\u00f3t rendszeresen otthon vagy munkahelyi t\u00f6lt\u0151n lehet felt\u00f6lteni. Ennek ellen\u00e9re, ha a hibrid rendszer akkumul\u00e1torszintje lemer\u00fcl, a Santa Fe nagyj\u00e1b\u00f3l a hagyom\u00e1nyos bels\u0151 \u00e9g\u00e9s\u0171 motoros takar\u00e9koss\u00e1g szintj\u00e9n m\u0171k\u00f6dik tov\u00e1bb, ami el\u0151ny mindennapi haszn\u00e1latban, de nem felt\u00e9tlen\u00fcl kiemelked\u0151, k\u00fcl\u00f6n\u00f6sen hosszabb utakon vagy aut\u00f3p\u00e1ly\u00e1n.<\/p>\n","protected":false},"excerpt":{"rendered":"<p>A fesz\u00fclts\u00e9g itt \u00e9rte el a tet\u0151pontj\u00e1t. Bor\u00e1ros G\u00e1bor ny\u00edltan J\u00e1kli M\u00f3nika \u00e9desanyj\u00e1t tette felel\u0151ss\u00e9, \u00e9s olyan mondatokat mondott ki,&#8230; <span class=\"gridview-grid-post-read-more\"><a href=\"https:\/\/matrend.hu\/maitrend\/?p=6137\">read more<span class=\"gridview-sr-only\"> Bor\u00e1ros G\u00e1bor nekiesett J\u00e1kli M\u00f3nika \u00e9desanyj\u00e1nak!<\/span><\/a><\/span><\/p>\n","protected":false},"author":1,"featured_media":6138,"comment_status":"open","ping_status":"open","sticky":false,"template":"","format":"standard","meta":{"footnotes":""},"categories":[1],"tags":[],"class_list":["post-6137","post","type-post","status-publish","format-standard","has-post-thumbnail","hentry","category-egyeb","wpcat-1-id"],"_links":{"self":[{"href":"https:\/\/matrend.hu\/maitrend\/index.php?rest_route=\/wp\/v2\/posts\/6137","targetHints":{"allow":["GET"]}}],"collection":[{"href":"https:\/\/matrend.hu\/maitrend\/index.php?rest_route=\/wp\/v2\/posts"}],"about":[{"href":"https:\/\/matrend.hu\/maitrend\/index.php?rest_route=\/wp\/v2\/types\/post"}],"author":[{"embeddable":true,"href":"https:\/\/matrend.hu\/maitrend\/index.php?rest_route=\/wp\/v2\/users\/1"}],"replies":[{"embeddable":true,"href":"https:\/\/matrend.hu\/maitrend\/index.php?rest_route=%2Fwp%2Fv2%2Fcomments&post=6137"}],"version-history":[{"count":1,"href":"https:\/\/matrend.hu\/maitrend\/index.php?rest_route=\/wp\/v2\/posts\/6137\/revisions"}],"predecessor-version":[{"id":6139,"href":"https:\/\/matrend.hu\/maitrend\/index.php?rest_route=\/wp\/v2\/posts\/6137\/revisions\/6139"}],"wp:featuredmedia":[{"embeddable":true,"href":"https:\/\/matrend.hu\/maitrend\/index.php?rest_route=\/wp\/v2\/media\/6138"}],"wp:attachment":[{"href":"https:\/\/matrend.hu\/maitrend\/index.php?rest_route=%2Fwp%2Fv2%2Fmedia&parent=6137"}],"wp:term":[{"taxonomy":"category","embeddable":true,"href":"https:\/\/matrend.hu\/maitrend\/index.php?rest_route=%2Fwp%2Fv2%2Fcategories&post=6137"},{"taxonomy":"post_tag","embeddable":true,"href":"https:\/\/matrend.hu\/maitrend\/index.php?rest_route=%2Fwp%2Fv2%2Ftags&post=6137"}],"curies":[{"name":"wp","href":"https:\/\/api.w.org\/{rel}","templated":true}]}}