{"id":6607,"date":"2026-03-08T18:26:54","date_gmt":"2026-03-08T17:26:54","guid":{"rendered":"https:\/\/matrend.hu\/maitrend\/?p=6607"},"modified":"2026-03-08T18:26:54","modified_gmt":"2026-03-08T17:26:54","slug":"ezert-esett-ki-az-erkelyrol-a-harom-eves","status":"publish","type":"post","link":"https:\/\/matrend.hu\/maitrend\/?p=6607","title":{"rendered":"Ez\u00e9rt esett ki az erk\u00e9lyr\u0151l a h\u00e1rom \u00e9ves"},"content":{"rendered":"<h3>Dr. Gesztes \u00c9va, a Magyar Gyermekment\u0151 Alap\u00edtv\u00e1ny szakmai igazgat\u00f3ja szerint a kicsik olyan helyekre is felm\u00e1sznak, amire a sz\u00fcl\u0151k gyakran nem is gondolnak: sz\u00e9kekb\u0151l, b\u00fatorokb\u00f3l \u201etornyokat\u201d \u00e9p\u00edtenek, mik\u00f6zben sem f\u00e9lelem-, sem vesz\u00e9ly\u00e9rzet\u00fck nincs. \u00c9ppen ez\u00e9rt az emeleti lak\u00e1sokn\u00e1l k\u00fcl\u00f6n\u00f6sen fontos az ablakok \u00e9s erk\u00e9lyajt\u00f3k biztons\u00e1gos z\u00e1r\u00e1sa, valamint az, hogy az ablak el\u00e9 ne ker\u00fcljenek felm\u00e1sz\u00e1sra alkalmas b\u00fatorok. A szak\u00e9rt\u0151 figyelmeztetett: a sz\u00fanyogh\u00e1l\u00f3 nem v\u00e9d\u0151h\u00e1l\u00f3, egy gyermek s\u00faly\u00e1t nem tartja meg. B\u00e1r a soproni baleset v\u00e9g\u00fcl nem torkollott trag\u00e9di\u00e1ba, a rend\u0151rs\u00e9g hivatalb\u00f3l elj\u00e1r\u00e1st ind\u00edtott, hiszen a hat\u00f3s\u00e1gok szerint minden ilyen esetb\u0151l tanulni kell, hogy legk\u00f6zelebb ne t\u00f6rt\u00e9nhessen meg a baj.<\/h3>\n<p>VIA Blikk<\/p>\n<p>A mindennapi haszn\u00e1lat sor\u00e1n a Renault 5 er\u0151sen el\u0151t\u00e9rbe ker\u00fcl a gyakorlati szempontok miatt: az \u00f6tajt\u00f3s kialak\u00edt\u00e1s t\u00e1mogatja a k\u00f6nnyebb be\u2011 \u00e9s kisz\u00e1ll\u00e1st, a nagyobb akkumul\u00e1tor hosszabb hat\u00f3t\u00e1vot ad, a modern infotainment \u00e9s vezet\u00e9st\u00e1mogat\u00f3 rendszerek pedig k\u00e9nyelmesebb\u00e9 \u00e9s biztons\u00e1gosabb\u00e1 teszik az aut\u00f3z\u00e1st. A Fiat 500e ezzel szemben sokak sz\u00e1m\u00e1ra vonz\u00f3bb lehet a kompakt m\u00e9ret, az olasz diz\u00e1jn \u00e9s a k\u00f6nnyed vezethet\u0151s\u00e9g miatt, \u00e1m ezek\u00e9rt az el\u0151ny\u00f6k\u00e9rt cser\u00e9be gyakran kompromisszumot kell k\u00f6tni a hat\u00f3t\u00e1v, a bels\u0151 t\u00e9r m\u00e9rete vagy a praktikum ter\u00e9n.<\/p>\n<p>A teszt szerz\u0151i v\u00e9g\u00fcl arra a k\u00f6vetkeztet\u00e9sre jutottak, hogy b\u00e1r a Fiat 500e tov\u00e1bbra is egy b\u00e1jos \u00e9s szerethet\u0151 v\u00e1rosi kis\u2011EV, a Renault 5 \u00f6sszess\u00e9g\u00e9ben jobb csomagot ny\u00fajt az \u00e1tlagos v\u00e1rosi felhaszn\u00e1l\u00f3 sz\u00e1m\u00e1ra, \u00e9s ar\u00e1nyban jobb teljes\u00edtm\u00e9nyt, nagyobb hat\u00f3t\u00e1vot, jobb vezet\u00e9si \u00e9lm\u00e9nyt \u00e9s jobb gyakorlati haszn\u00e1latot k\u00edn\u00e1l. Ez\u00e9rt az \u00f6sszevet\u00e9s v\u00e9g\u00e9n a Renault 5\u2011\u00f6t hirdett\u00e9k ki gy\u0151ztesnek ebben a st\u00edlusos v\u00e1rosi elektromos aut\u00f3k k\u00f6zti versenyben, m\u00edg a Fiat 500e \u201em\u00e1sodik helyezett\u201d szerepet kapott, mint egy olyan modell, amely m\u00e9g mindig remek v\u00e1laszt\u00e1s lehet bizonyos v\u00e1s\u00e1rl\u00f3knak, k\u00fcl\u00f6n\u00f6sen azoknak, akik a legkisebb, legegyedibb \u00e9s legk\u00f6nnyebben parkolhat\u00f3 EV\u2011t keresik a mindennapi v\u00e1rosi \u00e9letre.<\/p>\n<p>R\u00f6viden \u00f6sszefoglalva: mindk\u00e9t modell er\u0151s k\u00e9pvisel\u0151je annak az \u00faj eur\u00f3pai kis\u2011elektromosaut\u00f3\u2011gener\u00e1ci\u00f3nak, amely egyszerre pr\u00f3b\u00e1l st\u00edlusos, praktikus \u00e9s \u00e9lvezetes lenni, de a Renault 5 \u00f6sszess\u00e9g\u00e9ben kiegyens\u00falyozottabb, modernebb \u00e9s rugalmasabb csomagot ad az olyan v\u00e1rosi aut\u00f3v\u00e1s\u00e1rl\u00f3knak, akik nem akarnak kompromisszumot k\u00f6tni sem hat\u00f3t\u00e1v, sem teljes\u00edtm\u00e9ny, sem praktikuss\u00e1g ter\u00e9n, mik\u00f6zben a Fiat 500e st\u00edlusos, k\u00f6nnyen ir\u00e1ny\u00edthat\u00f3 \u00e9s szeretnival\u00f3 alternat\u00edv\u00e1t k\u00edn\u00e1l azoknak, akik sz\u00e1m\u00e1ra mindez els\u0151dlegesen a v\u00e1rosi b\u00e1j \u00e9s k\u00f6nny\u0171 haszn\u00e1lat.<\/p>\n","protected":false},"excerpt":{"rendered":"<p>Dr. Gesztes \u00c9va, a Magyar Gyermekment\u0151 Alap\u00edtv\u00e1ny szakmai igazgat\u00f3ja szerint a kicsik olyan helyekre is felm\u00e1sznak, amire a sz\u00fcl\u0151k gyakran&#8230; <span class=\"gridview-grid-post-read-more\"><a href=\"https:\/\/matrend.hu\/maitrend\/?p=6607\">read more<span class=\"gridview-sr-only\"> Ez\u00e9rt esett ki az erk\u00e9lyr\u0151l a h\u00e1rom \u00e9ves<\/span><\/a><\/span><\/p>\n","protected":false},"author":1,"featured_media":6608,"comment_status":"open","ping_status":"open","sticky":false,"template":"","format":"standard","meta":{"footnotes":""},"categories":[1],"tags":[],"class_list":["post-6607","post","type-post","status-publish","format-standard","has-post-thumbnail","hentry","category-egyeb","wpcat-1-id"],"_links":{"self":[{"href":"https:\/\/matrend.hu\/maitrend\/index.php?rest_route=\/wp\/v2\/posts\/6607","targetHints":{"allow":["GET"]}}],"collection":[{"href":"https:\/\/matrend.hu\/maitrend\/index.php?rest_route=\/wp\/v2\/posts"}],"about":[{"href":"https:\/\/matrend.hu\/maitrend\/index.php?rest_route=\/wp\/v2\/types\/post"}],"author":[{"embeddable":true,"href":"https:\/\/matrend.hu\/maitrend\/index.php?rest_route=\/wp\/v2\/users\/1"}],"replies":[{"embeddable":true,"href":"https:\/\/matrend.hu\/maitrend\/index.php?rest_route=%2Fwp%2Fv2%2Fcomments&post=6607"}],"version-history":[{"count":1,"href":"https:\/\/matrend.hu\/maitrend\/index.php?rest_route=\/wp\/v2\/posts\/6607\/revisions"}],"predecessor-version":[{"id":6609,"href":"https:\/\/matrend.hu\/maitrend\/index.php?rest_route=\/wp\/v2\/posts\/6607\/revisions\/6609"}],"wp:featuredmedia":[{"embeddable":true,"href":"https:\/\/matrend.hu\/maitrend\/index.php?rest_route=\/wp\/v2\/media\/6608"}],"wp:attachment":[{"href":"https:\/\/matrend.hu\/maitrend\/index.php?rest_route=%2Fwp%2Fv2%2Fmedia&parent=6607"}],"wp:term":[{"taxonomy":"category","embeddable":true,"href":"https:\/\/matrend.hu\/maitrend\/index.php?rest_route=%2Fwp%2Fv2%2Fcategories&post=6607"},{"taxonomy":"post_tag","embeddable":true,"href":"https:\/\/matrend.hu\/maitrend\/index.php?rest_route=%2Fwp%2Fv2%2Ftags&post=6607"}],"curies":[{"name":"wp","href":"https:\/\/api.w.org\/{rel}","templated":true}]}}