{"id":6626,"date":"2026-03-09T22:35:49","date_gmt":"2026-03-09T21:35:49","guid":{"rendered":"https:\/\/matrend.hu\/maitrend\/?p=6626"},"modified":"2026-03-09T22:35:49","modified_gmt":"2026-03-09T21:35:49","slug":"orban-vedett-arat-vezetett-be","status":"publish","type":"post","link":"https:\/\/matrend.hu\/maitrend\/?p=6626","title":{"rendered":"Orb\u00e1n v\u00e9dett \u00e1rat vezetett be"},"content":{"rendered":"<h3>A korm\u00e1ny szerint \u00e9ppen ez\u00e9rt a legfontosabb a nyugd\u00edjasok v\u00e9delme. A legkisebb j\u00f6vedelemb\u0151l \u00e9l\u0151k ugyanis sokkal \u00e9rz\u00e9kenyebben reag\u00e1lnak minden dr\u00e1gul\u00e1sra, k\u00fcl\u00f6n\u00f6sen akkor, ha az az \u00e9lelmiszereket \u00e9rinti. Orb\u00e1n Viktor bejelentette: a v\u00e9dett \u00e1r seg\u00edts\u00e9g\u00e9vel megakad\u00e1lyozz\u00e1k, hogy az \u00fczemanyag dr\u00e1gul\u00e1sa felrobbantsa az alapvet\u0151 \u00e9lelmiszerek \u00e1r\u00e1t, \u00edgy a nyugd\u00edjasok meg\u00e9lhet\u00e9si k\u00f6lts\u00e9geit is kord\u00e1ban tartj\u00e1k. A d\u00f6nt\u00e9s \u00e9rtelm\u00e9ben a benzin \u00e1ra legfeljebb 595 forint, a g\u00e1zolaj\u00e9 615 forint lehet literenk\u00e9nt, az int\u00e9zked\u00e9s pedig m\u00e1r h\u00e9tf\u0151 \u00e9jf\u00e9lt\u0151l \u00e9letbe l\u00e9p, hogy a magyar id\u0151sek p\u00e9nzt\u00e1rc\u00e1j\u00e1t is megv\u00e9dj\u00e9k az \u00fajabb \u00e1remelked\u00e9si hull\u00e1mt\u00f3l.<\/h3>\n<p>VIA MSN<\/p>\n<p>A haszn\u00e1ltaut\u00f3 v\u00e1s\u00e1rl\u00f3k sz\u00e1m\u00e1ra nemcsak a felszerelts\u00e9g fontos, hanem az is, hogy milyen probl\u00e9m\u00e1kra \u00e9rdemes figyelni: a Sorento Mk4\u2011n\u00e9l t\u00f6bb visszah\u00edv\u00e1st is regisztr\u00e1ltak. P\u00e9ld\u00e1ul egyes p\u00e9ld\u00e1nyokn\u00e1l a h\u00e1ts\u00f3 parkol\u00f3kamera kilazulhat a hely\u00e9r\u0151l, ami miatt cser\u00e9re szorul, m\u00e1s esetekben a d\u00edzelmotoros modellek \u00fczemanyagleveg\u0151 sziv\u00e1rg\u00e1ssal kapcsolatos visszah\u00edv\u00e1st kaptak, de el\u0151fordult szoftverfriss\u00edt\u00e9s\u2011ig\u00e9ny is a jelz\u0151berendez\u00e9sek jelz\u00e9s\u00e9vel kapcsolatban. Ez\u00e9rt \u00e9rdemes v\u00e1s\u00e1rl\u00e1s el\u0151tt ellen\u0151rizni, hogy minden ilyen jav\u00edt\u00e1s el lett\u2011e v\u00e9gezve.<\/p>\n<p>A vezet\u00e9si \u00e9lm\u00e9nyr\u0151l sz\u00f3lva a Sorento nem lesz egy sportos SUV: nagy m\u00e9rete \u00e9s s\u00falya miatt nem a kanyarvad\u00e1szok kedvence lesz, de kiegyens\u00falyozott rug\u00f3z\u00e1st, k\u00e9nyelmes utaz\u00e1st \u00e9s stabil magabiztoss\u00e1got ad az \u00faton. N\u00e9h\u00e1ny tulajdonos szerint a rug\u00f3z\u00e1s egyes v\u00e1ltozatokn\u00e1l kem\u00e9nyebb lehet, k\u00fcl\u00f6n\u00f6sen rossz min\u0151s\u00e9g\u0171 \u00fatfel\u00fcleteken, \u00e9s a korm\u00e1nyz\u00e1s sem olyan k\u00f6zvetlen, mint kisebb SUV\u2011k eset\u00e9ben, de az \u00f6sszk\u00e9p ett\u0151l f\u00fcggetlen\u00fcl pozit\u00edv marad.<\/p>\n<p>A fenntart\u00e1si k\u00f6lts\u00e9gek tekintet\u00e9ben a Sorento vegyes k\u00e9pet mutat: a hibrid \u00e9s a d\u00edzel modellek karbantart\u00e1si intervallumai elt\u00e9r\u0151ek (a hibrid \u00e9vente vagy 10\u202f000 m\u00e9rf\u00f6ldenk\u00e9nt ig\u00e9nyel szervizt, a d\u00edzelek 20\u202f000 m\u00e9rf\u00f6ldenk\u00e9nt), \u00e9s a d\u00edzel v\u00e1ltozatn\u00e1l cser\u00e9lni kell egy id\u0151 ut\u00e1n a vez\u00e9rm\u0171sz\u00edjat nagy fut\u00e1steljes\u00edtm\u00e9ny eset\u00e9n, amelyre k\u00fcl\u00f6n k\u00f6lts\u00e9get kell tervezni. Emellett az ad\u00f3k \u00e9s a regisztr\u00e1ci\u00f3s d\u00edjak is magasabbak lehetnek, ha az aut\u00f3 \u00faj \u00e1ra meghaladta a bizonyos k\u00fcsz\u00f6b\u00f6t, ami egyes orsz\u00e1gokban k\u00fcl\u00f6n ad\u00f3terhet okoz.<\/p>\n<p>V\u00e9g\u00fcl \u00e9rdemes megeml\u00edteni, hogy a Sorento Mk4 pozit\u00edv visszajelz\u00e9seket kapott tulajdonosi el\u00e9gedetts\u00e9gi felm\u00e9r\u00e9sekben: a t\u00edpus j\u00f3 helyez\u00e9st \u00e9rt el az Auto Express Driver Power felm\u00e9r\u00e9s\u00e9n, a tulajdonosok k\u00fcl\u00f6n\u00f6sen dics\u00e9rt\u00e9k az aut\u00f3 k\u00fcls\u0151 kivitel\u00e9t, az infotainment rendszer m\u0171k\u00f6d\u00e9s\u00e9t \u00e9s a biztons\u00e1gi rendszerek hat\u00e9konys\u00e1g\u00e1t. Term\u00e9szetesen nem t\u00f6k\u00e9letes aut\u00f3r\u00f3l van sz\u00f3 \u2013 a fogyaszt\u00e1s \u00e9s a fut\u00f3m\u0171hangol\u00e1s n\u00e9mely v\u00e1ltozatn\u00e1l kritik\u00e1t kapott \u2013, de \u00e1ltal\u00e1noss\u00e1gban v\u00e9ve a Sorento egy kiemelked\u0151en sokoldal\u00fa \u00e9s j\u00f3l haszn\u00e1lhat\u00f3 nagy SUV, amely mindennapi haszn\u00e1latra, csal\u00e1di utaz\u00e1sokra \u00e9s hosszabb kir\u00e1ndul\u00e1sokra is kiv\u00e1l\u00f3an alkalmas.<\/p>\n","protected":false},"excerpt":{"rendered":"<p>A korm\u00e1ny szerint \u00e9ppen ez\u00e9rt a legfontosabb a nyugd\u00edjasok v\u00e9delme. A legkisebb j\u00f6vedelemb\u0151l \u00e9l\u0151k ugyanis sokkal \u00e9rz\u00e9kenyebben reag\u00e1lnak minden dr\u00e1gul\u00e1sra,&#8230; <span class=\"gridview-grid-post-read-more\"><a href=\"https:\/\/matrend.hu\/maitrend\/?p=6626\">read more<span class=\"gridview-sr-only\"> Orb\u00e1n v\u00e9dett \u00e1rat vezetett be<\/span><\/a><\/span><\/p>\n","protected":false},"author":1,"featured_media":6628,"comment_status":"open","ping_status":"open","sticky":false,"template":"","format":"standard","meta":{"footnotes":""},"categories":[1],"tags":[],"class_list":["post-6626","post","type-post","status-publish","format-standard","has-post-thumbnail","hentry","category-egyeb","wpcat-1-id"],"_links":{"self":[{"href":"https:\/\/matrend.hu\/maitrend\/index.php?rest_route=\/wp\/v2\/posts\/6626","targetHints":{"allow":["GET"]}}],"collection":[{"href":"https:\/\/matrend.hu\/maitrend\/index.php?rest_route=\/wp\/v2\/posts"}],"about":[{"href":"https:\/\/matrend.hu\/maitrend\/index.php?rest_route=\/wp\/v2\/types\/post"}],"author":[{"embeddable":true,"href":"https:\/\/matrend.hu\/maitrend\/index.php?rest_route=\/wp\/v2\/users\/1"}],"replies":[{"embeddable":true,"href":"https:\/\/matrend.hu\/maitrend\/index.php?rest_route=%2Fwp%2Fv2%2Fcomments&post=6626"}],"version-history":[{"count":1,"href":"https:\/\/matrend.hu\/maitrend\/index.php?rest_route=\/wp\/v2\/posts\/6626\/revisions"}],"predecessor-version":[{"id":6629,"href":"https:\/\/matrend.hu\/maitrend\/index.php?rest_route=\/wp\/v2\/posts\/6626\/revisions\/6629"}],"wp:featuredmedia":[{"embeddable":true,"href":"https:\/\/matrend.hu\/maitrend\/index.php?rest_route=\/wp\/v2\/media\/6628"}],"wp:attachment":[{"href":"https:\/\/matrend.hu\/maitrend\/index.php?rest_route=%2Fwp%2Fv2%2Fmedia&parent=6626"}],"wp:term":[{"taxonomy":"category","embeddable":true,"href":"https:\/\/matrend.hu\/maitrend\/index.php?rest_route=%2Fwp%2Fv2%2Fcategories&post=6626"},{"taxonomy":"post_tag","embeddable":true,"href":"https:\/\/matrend.hu\/maitrend\/index.php?rest_route=%2Fwp%2Fv2%2Ftags&post=6626"}],"curies":[{"name":"wp","href":"https:\/\/api.w.org\/{rel}","templated":true}]}}