{"id":6636,"date":"2026-03-10T18:16:55","date_gmt":"2026-03-10T17:16:55","guid":{"rendered":"https:\/\/matrend.hu\/maitrend\/?p=6636"},"modified":"2026-03-10T18:16:55","modified_gmt":"2026-03-10T17:16:55","slug":"arpa-attila-kitalalt-a-helyzeterol","status":"publish","type":"post","link":"https:\/\/matrend.hu\/maitrend\/?p=6636","title":{"rendered":"\u00c1rpa Attila kit\u00e1lalt a helyzet\u00e9r\u0151l"},"content":{"rendered":"<h3>&#8222;Buk\u00e1sok mindig voltak itt-ott \u00e9s amott. \u00c9s abba az utc\u00e1ba most ne is menj\u00fcnk bele, amikor k\u00f6lcs\u00f6nadsz valakinek t\u00f6bb milli\u00f3t, mert b\u00edzol benne, azt\u00e1n kider\u00fcl, nem te volt\u00e1l az egyetlen, aki adott, de mire visszak\u00e9rhetn\u00e9d, kider\u00fcl, hogy m\u00e1r nem \u00e9l&#8230; A mai napig itt van pap\u00edron a tulajdonr\u00e9sze.<\/h3>\n<p>Forr\u00e1s: MSN \/ FB<\/p>\n<p>&#8211;<\/p>\n<p>A Single Motor EX90 modellt egyel\u0151re m\u00e9g nem volt alkalmunk kipr\u00f3b\u00e1lni, de felt\u00e9telezhet\u0151, hogy a 333 l\u00f3er\u0151s teljes\u00edtm\u00e9ny \u00e9s a 6,8 m\u00e1sodperces 0\u2013100 km\/\u00f3r\u00e1s gyorsul\u00e1s b\u0151ven elegend\u0151 lesz ahhoz, hogy h\u00e9t utast \u00e9s csomagjaikat is gond n\u00e9lk\u00fcl mozgassa. Ez l\u00e9nyegesen gyorsabb, mint p\u00e9ld\u00e1ul a Hyundai Ioniq 9 vagy a Kia EV9 alapv\u00e1ltozatai, amelyek ugyanezt a gyorsul\u00e1st 9,4 m\u00e1sodperc alatt teljes\u00edtik.<\/p>\n<p>V\u00e1rosi k\u00f6rnyezetben term\u00e9szetes m\u00f3don ink\u00e1bb a korm\u00e1nyz\u00e1s \u00e9s a fut\u00f3m\u0171 \u201el\u00e1gy\u201d be\u00e1ll\u00edt\u00e1s\u00e1t \u00e9rdemes v\u00e1lasztani. A korm\u00e1nyz\u00e1s nem \u00e9rz\u0151dik t\u00fal k\u00f6nny\u0171nek, ink\u00e1bb megfelel\u0151en hat\u00e1rozott visszajelz\u00e9st ad, ami j\u00f3l illik az EX90 jelent\u0151s t\u00f6meg\u00e9hez. Annak ellen\u00e9re, hogy egy nagy, h\u00e9t\u00fcl\u00e9ses j\u00e1rm\u0171r\u0151l van sz\u00f3, a dobozszer\u0171 forma miatt viszonylag k\u00f6nny\u0171 vele man\u0151verezni sz\u0171k helyeken is.<\/p>\n<p>Egy \u00e9rdekes r\u00e9szlet a sz\u00e9lv\u00e9d\u0151 kialak\u00edt\u00e1sa: a tet\u0151 f\u00f6l\u00e9 helyezett Lidar szenzor miatt a sz\u00e9lv\u00e9d\u0151 fels\u0151 r\u00e9sze enyh\u00e9n \u00edvelt form\u00e1t kapott. Ez a megold\u00e1s a kil\u00e1t\u00e1st gyakorlatilag nem befoly\u00e1solja negat\u00edvan, amely \u00f6sszess\u00e9g\u00e9ben j\u00f3, b\u00e1r az A-oszlopok kiss\u00e9 vastagok.<\/p>\n<p>B\u00e1rmilyen fejlett elektronika ker\u00fcl is az aut\u00f3ba, az EX90 jelent\u0151s saj\u00e1t t\u00f6meg\u00e9t teljesen elfedni nem lehet. Ez legink\u00e1bb alacsony sebess\u00e9gn\u00e9l, rossz min\u0151s\u00e9g\u0171 utakon \u00e9rezhet\u0151. Az Ultra felszerelts\u00e9ghez tartoz\u00f3 22 colos kerekek id\u0151nk\u00e9nt n\u00e9mi nyugtalans\u00e1got okoznak a fut\u00e1sban. A nagy fekv\u0151rend\u0151r\u00f6ket \u00e9s k\u00e1ty\u00fakat viszont meglehet\u0151sen j\u00f3l csillap\u00edtja a fut\u00f3m\u0171, b\u00e1r gyakran hallhat\u00f3 egy tompa koppan\u00e1s. Felt\u00e9telezhet\u0151, hogy a Plus felszerelts\u00e9gi szinthez k\u00edn\u00e1lt, valamivel kisebb, 21 colos kerekek jobb v\u00e1laszt\u00e1st jelenthetnek azok sz\u00e1m\u00e1ra, akik a k\u00e9nyelmesebb rug\u00f3z\u00e1st r\u00e9szes\u00edtik el\u0151nyben.<\/p>\n","protected":false},"excerpt":{"rendered":"<p>&#8222;Buk\u00e1sok mindig voltak itt-ott \u00e9s amott. \u00c9s abba az utc\u00e1ba most ne is menj\u00fcnk bele, amikor k\u00f6lcs\u00f6nadsz valakinek t\u00f6bb milli\u00f3t,&#8230; <span class=\"gridview-grid-post-read-more\"><a href=\"https:\/\/matrend.hu\/maitrend\/?p=6636\">read more<span class=\"gridview-sr-only\"> \u00c1rpa Attila kit\u00e1lalt a helyzet\u00e9r\u0151l<\/span><\/a><\/span><\/p>\n","protected":false},"author":1,"featured_media":6637,"comment_status":"open","ping_status":"open","sticky":false,"template":"","format":"standard","meta":{"footnotes":""},"categories":[1],"tags":[],"class_list":["post-6636","post","type-post","status-publish","format-standard","has-post-thumbnail","hentry","category-egyeb","wpcat-1-id"],"_links":{"self":[{"href":"https:\/\/matrend.hu\/maitrend\/index.php?rest_route=\/wp\/v2\/posts\/6636","targetHints":{"allow":["GET"]}}],"collection":[{"href":"https:\/\/matrend.hu\/maitrend\/index.php?rest_route=\/wp\/v2\/posts"}],"about":[{"href":"https:\/\/matrend.hu\/maitrend\/index.php?rest_route=\/wp\/v2\/types\/post"}],"author":[{"embeddable":true,"href":"https:\/\/matrend.hu\/maitrend\/index.php?rest_route=\/wp\/v2\/users\/1"}],"replies":[{"embeddable":true,"href":"https:\/\/matrend.hu\/maitrend\/index.php?rest_route=%2Fwp%2Fv2%2Fcomments&post=6636"}],"version-history":[{"count":1,"href":"https:\/\/matrend.hu\/maitrend\/index.php?rest_route=\/wp\/v2\/posts\/6636\/revisions"}],"predecessor-version":[{"id":6638,"href":"https:\/\/matrend.hu\/maitrend\/index.php?rest_route=\/wp\/v2\/posts\/6636\/revisions\/6638"}],"wp:featuredmedia":[{"embeddable":true,"href":"https:\/\/matrend.hu\/maitrend\/index.php?rest_route=\/wp\/v2\/media\/6637"}],"wp:attachment":[{"href":"https:\/\/matrend.hu\/maitrend\/index.php?rest_route=%2Fwp%2Fv2%2Fmedia&parent=6636"}],"wp:term":[{"taxonomy":"category","embeddable":true,"href":"https:\/\/matrend.hu\/maitrend\/index.php?rest_route=%2Fwp%2Fv2%2Fcategories&post=6636"},{"taxonomy":"post_tag","embeddable":true,"href":"https:\/\/matrend.hu\/maitrend\/index.php?rest_route=%2Fwp%2Fv2%2Ftags&post=6636"}],"curies":[{"name":"wp","href":"https:\/\/api.w.org\/{rel}","templated":true}]}}