{"id":6642,"date":"2026-03-10T19:27:02","date_gmt":"2026-03-10T18:27:02","guid":{"rendered":"https:\/\/matrend.hu\/maitrend\/?p=6642"},"modified":"2026-03-10T19:27:02","modified_gmt":"2026-03-10T18:27:02","slug":"nyugdijasok-szavazasa","status":"publish","type":"post","link":"https:\/\/matrend.hu\/maitrend\/?p=6642","title":{"rendered":"Nyugd\u00edjasok szavaz\u00e1sa!"},"content":{"rendered":"<h3>A t\u00f6bb kutat\u00f3int\u00e9zet \u00e1ltal vizsg\u00e1lt adatok alapj\u00e1n egy trend meglehet\u0151sen stabil: az id\u0151sebb, k\u00fcl\u00f6n\u00f6sen a nyugd\u00edjas koroszt\u00e1ly k\u00f6r\u00e9ben tov\u00e1bbra is kiemelked\u0151en er\u0151s a Fidesz\u2013KDNP t\u00e1mogatotts\u00e1ga. Mik\u00f6zben a fiatalabb v\u00e1laszt\u00f3k k\u00f6r\u00e9ben egyre nagyobb teret nyer p\u00e9ld\u00e1ul a TISZA, az id\u0151sebb gener\u00e1ci\u00f3kn\u00e1l a korm\u00e1nyp\u00e1rtok jelent\u0151s el\u0151nnyel szerepelnek a felm\u00e9r\u00e9sekben.<br \/>\nA politikai szak\u00e9rt\u0151k szerint ennek egyik oka az, hogy a nyugd\u00edjasok gyakran nagyobb s\u00falyt adnak a m\u00e1r megtapasztalt int\u00e9zked\u00e9seknek \u2013 p\u00e9ld\u00e1ul a nyugd\u00edjemel\u00e9seknek vagy a korm\u00e1ny gazdas\u00e1gpolitik\u00e1j\u00e1nak \u2013 mint az \u00faj politikai \u00edg\u00e9reteknek.<br \/>\nEz pedig komoly strat\u00e9giai k\u00e9rd\u00e9ss\u00e9 teszi az id\u0151sebb szavaz\u00f3k megsz\u00f3l\u00edt\u00e1s\u00e1t.<br \/>\nMert ha a nyugd\u00edjasok val\u00f3ban ilyen ar\u00e1nyban jelennek meg a szavaz\u00f3f\u00fclk\u00e9kben, akkor egy dolog biztos:<br \/>\naz \u0151 d\u00f6nt\u00e9s\u00fck ak\u00e1r az eg\u00e9sz v\u00e1laszt\u00e1s sors\u00e1t is eld\u00f6ntheti.<\/h3>\n<p>VIA MSN<\/p>\n<p>A modell t\u00f6bbf\u00e9le hajt\u00e1sl\u00e1nccal volt el\u00e9rhet\u0151 a bevezet\u00e9se \u00f3ta. A benzines k\u00edn\u00e1lat alapj\u00e1t egy 1,2 literes h\u00e1romhengeres turb\u00f3motor adja, amely k\u00fcl\u00f6nb\u00f6z\u0151 teljes\u00edtm\u00e9nyszinteken \u00e9rhet\u0151 el. Emellett kezdetben egy 1,5 literes d\u00edzelmotor is szerepelt a palett\u00e1n, b\u00e1r ezt a k\u00e9s\u0151bbi friss\u00edt\u00e9sek sor\u00e1n kivezett\u00e9k. A k\u00edn\u00e1lat k\u00fcl\u00f6nlegess\u00e9ge az elektromos v\u00e1ltozat, amely DS 3 E-Tense n\u00e9ven ker\u00fclt piacra. Ez egy villanymotorral \u00e9s nagyj\u00e1b\u00f3l 50 kWh kapacit\u00e1s\u00fa akkumul\u00e1torral rendelkezik, \u00e9s a teljes\u00edtm\u00e9nye k\u00f6r\u00fclbel\u00fcl 134 l\u00f3er\u0151. A k\u00e9s\u0151bbi friss\u00edt\u00e9s sor\u00e1n az elektromos v\u00e1ltozat er\u0151sebb motort \u00e9s nagyobb, 54 kWh-s akkumul\u00e1tort kapott. Az elektromos modell ak\u00e1r 100 kW teljes\u00edtm\u00e9ny\u0171 vill\u00e1mt\u00f6lt\u00e9st is t\u00e1mogat, ami viszonylag gyors t\u00f6lt\u00e9st tesz lehet\u0151v\u00e9 megfelel\u0151 t\u00f6lt\u0151\u00e1llom\u00e1s haszn\u00e1lat\u00e1val.<\/p>\n<p>A vezet\u00e9si \u00e9lm\u00e9ny szempontj\u00e1b\u00f3l a DS 3 alapvet\u0151en kellemes \u00e9s k\u00f6nnyen kezelhet\u0151 aut\u00f3. A korm\u00e1nyz\u00e1s k\u00f6nny\u0171, a v\u00e1rosi forgalomban pedig egyszer\u0171 vele man\u0151verezni, ami k\u00fcl\u00f6n\u00f6sen el\u0151ny\u00f6s a kisebb m\u00e9ret\u0171 SUV-k kateg\u00f3ri\u00e1j\u00e1ban. Ugyanakkor a vezet\u00e9si \u00e9lm\u00e9ny nem kifejezetten sportos vagy izgalmas. A korm\u00e1nyz\u00e1s visszajelz\u00e9se viszonylag kev\u00e9s, \u00e9s az aut\u00f3 ink\u00e1bb a k\u00e9nyelmes k\u00f6zleked\u00e9sre koncentr\u00e1l, mintsem a dinamikus vezet\u00e9sre. A teljes\u00edtm\u00e9ny azonban a legt\u00f6bb v\u00e1ltozatn\u00e1l megfelel\u0151: a benzines \u00e9s d\u00edzel motorok kell\u0151en rugalmasak, az elektromos verzi\u00f3 pedig csendes \u00e9s gyors reag\u00e1l\u00e1s\u00fa, b\u00e1r nem sz\u00e1m\u00edt a kateg\u00f3ria leggyorsabb modellj\u00e9nek.<\/p>\n<p>A DS 3 bels\u0151 tere legal\u00e1bb annyira megoszt\u00f3, mint a k\u00fcls\u0151 form\u00e1ja. A diz\u00e1jn kifejezetten egyedi, sok h\u00e1romsz\u00f6g- \u00e9s rombuszform\u00e1val, ami futurisztikus hangulatot teremt. A felhaszn\u00e1lt anyagok min\u0151s\u00e9ge \u00e1ltal\u00e1ban j\u00f3, a kidolgoz\u00e1s pedig ig\u00e9nyes, \u00edgy a kabin val\u00f3ban pr\u00e9mium \u00e9rzetet kelthet. Ugyanakkor az ergon\u00f3mia nem minden esetben ide\u00e1lis. T\u00f6bb funkci\u00f3 az \u00e9rint\u0151k\u00e9perny\u0151s infotainment rendszeren kereszt\u00fcl \u00e9rhet\u0151 el, ami vezet\u00e9s k\u00f6zben neh\u00e9zkess\u00e9 teheti a kezel\u00e9st. A kl\u00edmaberendez\u00e9s vez\u00e9rl\u00e9se p\u00e9ld\u00e1ul a men\u00fcrendszerben tal\u00e1lhat\u00f3, ami sok felhaszn\u00e1l\u00f3 sz\u00e1m\u00e1ra kev\u00e9sb\u00e9 praktikus megold\u00e1s.<\/p>\n","protected":false},"excerpt":{"rendered":"<p>A t\u00f6bb kutat\u00f3int\u00e9zet \u00e1ltal vizsg\u00e1lt adatok alapj\u00e1n egy trend meglehet\u0151sen stabil: az id\u0151sebb, k\u00fcl\u00f6n\u00f6sen a nyugd\u00edjas koroszt\u00e1ly k\u00f6r\u00e9ben tov\u00e1bbra is&#8230; <span class=\"gridview-grid-post-read-more\"><a href=\"https:\/\/matrend.hu\/maitrend\/?p=6642\">read more<span class=\"gridview-sr-only\"> Nyugd\u00edjasok szavaz\u00e1sa!<\/span><\/a><\/span><\/p>\n","protected":false},"author":1,"featured_media":6643,"comment_status":"open","ping_status":"open","sticky":false,"template":"","format":"standard","meta":{"footnotes":""},"categories":[1],"tags":[],"class_list":["post-6642","post","type-post","status-publish","format-standard","has-post-thumbnail","hentry","category-egyeb","wpcat-1-id"],"_links":{"self":[{"href":"https:\/\/matrend.hu\/maitrend\/index.php?rest_route=\/wp\/v2\/posts\/6642","targetHints":{"allow":["GET"]}}],"collection":[{"href":"https:\/\/matrend.hu\/maitrend\/index.php?rest_route=\/wp\/v2\/posts"}],"about":[{"href":"https:\/\/matrend.hu\/maitrend\/index.php?rest_route=\/wp\/v2\/types\/post"}],"author":[{"embeddable":true,"href":"https:\/\/matrend.hu\/maitrend\/index.php?rest_route=\/wp\/v2\/users\/1"}],"replies":[{"embeddable":true,"href":"https:\/\/matrend.hu\/maitrend\/index.php?rest_route=%2Fwp%2Fv2%2Fcomments&post=6642"}],"version-history":[{"count":1,"href":"https:\/\/matrend.hu\/maitrend\/index.php?rest_route=\/wp\/v2\/posts\/6642\/revisions"}],"predecessor-version":[{"id":6644,"href":"https:\/\/matrend.hu\/maitrend\/index.php?rest_route=\/wp\/v2\/posts\/6642\/revisions\/6644"}],"wp:featuredmedia":[{"embeddable":true,"href":"https:\/\/matrend.hu\/maitrend\/index.php?rest_route=\/wp\/v2\/media\/6643"}],"wp:attachment":[{"href":"https:\/\/matrend.hu\/maitrend\/index.php?rest_route=%2Fwp%2Fv2%2Fmedia&parent=6642"}],"wp:term":[{"taxonomy":"category","embeddable":true,"href":"https:\/\/matrend.hu\/maitrend\/index.php?rest_route=%2Fwp%2Fv2%2Fcategories&post=6642"},{"taxonomy":"post_tag","embeddable":true,"href":"https:\/\/matrend.hu\/maitrend\/index.php?rest_route=%2Fwp%2Fv2%2Ftags&post=6642"}],"curies":[{"name":"wp","href":"https:\/\/api.w.org\/{rel}","templated":true}]}}