{"id":6656,"date":"2026-03-11T20:09:36","date_gmt":"2026-03-11T19:09:36","guid":{"rendered":"https:\/\/matrend.hu\/maitrend\/?p=6656"},"modified":"2026-03-11T20:09:36","modified_gmt":"2026-03-11T19:09:36","slug":"magyar-peter-fia-orban-viktort-gyulesen","status":"publish","type":"post","link":"https:\/\/matrend.hu\/maitrend\/?p=6656","title":{"rendered":"Magyar P\u00e9ter fia Orb\u00e1n Viktort gy\u0171l\u00e9s\u00e9n"},"content":{"rendered":"<h3>A t\u00f6rt\u00e9net v\u00e9g\u00e9n azonban j\u00f6tt a fordulat. Kider\u00fclt: a felv\u00e9telen szerepl\u0151 fiatalember nem Magyar P\u00e9ter fia. T\u00f6bben is jelezt\u00e9k, hogy b\u00e1r a fi\u00fa n\u00e9mileg hasonl\u00edthat Varga Juditra, aki ismeri a csal\u00e1dot vagy l\u00e1tott m\u00e1r k\u00e9pet a val\u00f3di fi\u00far\u00f3l, az pontosan tudja, hogy teljesen m\u00e1sk\u00e9pp n\u00e9z ki. Maga Magyar P\u00e9ter is reag\u00e1lt a Facebook-oldal\u00e1n, ahol t\u00f6bb kommentben is egy\u00e9rtelm\u0171v\u00e9 tette: a k\u00e9pen nem a gyermeke l\u00e1that\u00f3. Ennek ellen\u00e9re a f\u00e9lre\u00e9rt\u00e9s m\u00e9g \u00f3r\u00e1kig terjedt a k\u00f6z\u00f6ss\u00e9gi m\u00e9di\u00e1ban \u2013 s\u0151t voltak, akik a c\u00e1folat ut\u00e1n is ragaszkodtak az eredeti \u00e1ll\u00edt\u00e1shoz. A t\u00f6rt\u00e9net \u00edgy v\u00e9g\u00fcl egy klasszikus internetes \u00e1lh\u00edrk\u00e9nt robbant \u00e9s terjedt tov\u00e1bb.<\/h3>\n<p>VIA Hang hu<\/p>\n<p>A biztons\u00e1g term\u00e9szetesen tov\u00e1bbra is a Volvo egyik legfontosabb priorit\u00e1sa. Az EX60 t\u00f6bb \u00faj technol\u00f3gi\u00e1t is bevezet ezen a t\u00e9ren. Az egyik ilyen az \u00fagynevezett multi-adaptive biztons\u00e1gi \u00f6v, amely k\u00e9pes a becsap\u00f3d\u00e1s k\u00f6r\u00fclm\u00e9nyeihez \u00e9s az utas fizikai jellemz\u0151ihez igaz\u00edtani a m\u0171k\u00f6d\u00e9s\u00e9t. Emellett a j\u00e1rm\u0171 fejlett szenzorrendszerrel figyeli a k\u00f6rnyezet\u00e9t, amely radarokat, kamer\u00e1kat \u00e9s egy\u00e9b \u00e9rz\u00e9kel\u0151ket haszn\u00e1l a balesetek megel\u0151z\u00e9s\u00e9re. A rendszer t\u00f6bbek k\u00f6z\u00f6tt automatikus v\u00e9szf\u00e9kez\u00e9st, adapt\u00edv tempomatot, s\u00e1vk\u00f6vet\u00e9st \u00e9s \u00fctk\u00f6z\u00e9smegel\u0151z\u0151 funkci\u00f3kat is tartalmaz.<\/p>\n<p>A praktikum ter\u00e9n is er\u0151s az aut\u00f3. Az utast\u00e9r t\u00e1gas, az elektromos platform miatt a padl\u00f3 s\u00edk, ami n\u00f6veli a h\u00e1ts\u00f3 utasok l\u00e1bter\u00e9t. A csomagt\u00e9r m\u00e9rete a kateg\u00f3ri\u00e1ban versenyk\u00e9pes, \u00e9s egy kisebb els\u0151 csomagt\u00e9r \u2013 \u00fagynevezett frunk \u2013 is rendelkez\u00e9sre \u00e1ll a t\u00f6lt\u0151k\u00e1belek vagy kisebb csomagok t\u00e1rol\u00e1s\u00e1ra. A modell emellett ak\u00e1r 2 tonn\u00e1s vontat\u00e1si kapacit\u00e1ssal is rendelkezhet bizonyos v\u00e1ltozatok eset\u00e9ben, ami egy elektromos SUV-n\u00e1l k\u00fcl\u00f6n\u00f6sen hasznos lehet.<\/p>\n<p>\u00d6sszess\u00e9g\u00e9ben a Volvo EX60 egy olyan elektromos SUV, amely j\u00f3l p\u00e9ld\u00e1zza, merre tart a m\u00e1rka j\u00f6v\u0151je. Az \u00faj platform, a hossz\u00fa hat\u00f3t\u00e1v, a vill\u00e1mgyors t\u00f6lt\u00e9s \u00e9s a fejlett biztons\u00e1gi rendszerek egy\u00fctt egy olyan csomagot alkotnak, amely komoly riv\u00e1liss\u00e1 teheti a modellt a pr\u00e9mium elektromos SUV-k piac\u00e1n. Ha a sorozatgy\u00e1rt\u00e1s sor\u00e1n is megmarad az a kifinomults\u00e1g \u00e9s min\u0151s\u00e9g, amelyet az els\u0151 tesztek alapj\u00e1n \u00edg\u00e9r, akkor az EX60 k\u00f6nnyen a kateg\u00f3ria egyik meghat\u00e1roz\u00f3 modellj\u00e9v\u00e9 v\u00e1lhat a k\u00f6vetkez\u0151 \u00e9vekben.<\/p>\n","protected":false},"excerpt":{"rendered":"<p>A t\u00f6rt\u00e9net v\u00e9g\u00e9n azonban j\u00f6tt a fordulat. Kider\u00fclt: a felv\u00e9telen szerepl\u0151 fiatalember nem Magyar P\u00e9ter fia. T\u00f6bben is jelezt\u00e9k, hogy&#8230; <span class=\"gridview-grid-post-read-more\"><a href=\"https:\/\/matrend.hu\/maitrend\/?p=6656\">read more<span class=\"gridview-sr-only\"> Magyar P\u00e9ter fia Orb\u00e1n Viktort gy\u0171l\u00e9s\u00e9n<\/span><\/a><\/span><\/p>\n","protected":false},"author":1,"featured_media":6658,"comment_status":"open","ping_status":"open","sticky":false,"template":"","format":"standard","meta":{"footnotes":""},"categories":[1],"tags":[],"class_list":["post-6656","post","type-post","status-publish","format-standard","has-post-thumbnail","hentry","category-egyeb","wpcat-1-id"],"_links":{"self":[{"href":"https:\/\/matrend.hu\/maitrend\/index.php?rest_route=\/wp\/v2\/posts\/6656","targetHints":{"allow":["GET"]}}],"collection":[{"href":"https:\/\/matrend.hu\/maitrend\/index.php?rest_route=\/wp\/v2\/posts"}],"about":[{"href":"https:\/\/matrend.hu\/maitrend\/index.php?rest_route=\/wp\/v2\/types\/post"}],"author":[{"embeddable":true,"href":"https:\/\/matrend.hu\/maitrend\/index.php?rest_route=\/wp\/v2\/users\/1"}],"replies":[{"embeddable":true,"href":"https:\/\/matrend.hu\/maitrend\/index.php?rest_route=%2Fwp%2Fv2%2Fcomments&post=6656"}],"version-history":[{"count":1,"href":"https:\/\/matrend.hu\/maitrend\/index.php?rest_route=\/wp\/v2\/posts\/6656\/revisions"}],"predecessor-version":[{"id":6659,"href":"https:\/\/matrend.hu\/maitrend\/index.php?rest_route=\/wp\/v2\/posts\/6656\/revisions\/6659"}],"wp:featuredmedia":[{"embeddable":true,"href":"https:\/\/matrend.hu\/maitrend\/index.php?rest_route=\/wp\/v2\/media\/6658"}],"wp:attachment":[{"href":"https:\/\/matrend.hu\/maitrend\/index.php?rest_route=%2Fwp%2Fv2%2Fmedia&parent=6656"}],"wp:term":[{"taxonomy":"category","embeddable":true,"href":"https:\/\/matrend.hu\/maitrend\/index.php?rest_route=%2Fwp%2Fv2%2Fcategories&post=6656"},{"taxonomy":"post_tag","embeddable":true,"href":"https:\/\/matrend.hu\/maitrend\/index.php?rest_route=%2Fwp%2Fv2%2Ftags&post=6656"}],"curies":[{"name":"wp","href":"https:\/\/api.w.org\/{rel}","templated":true}]}}