{"id":6660,"date":"2026-03-11T20:25:41","date_gmt":"2026-03-11T19:25:41","guid":{"rendered":"https:\/\/matrend.hu\/maitrend\/?p=6660"},"modified":"2026-03-11T20:25:41","modified_gmt":"2026-03-11T19:25:41","slug":"ekkora-osszeget-tettek-orban-gyozelmere","status":"publish","type":"post","link":"https:\/\/matrend.hu\/maitrend\/?p=6660","title":{"rendered":"Ekkora \u00f6sszeget tettek Orb\u00e1n gy\u0151zelm\u00e9re"},"content":{"rendered":"<h3>M\u00edg kor\u00e1bban m\u00e9g 40 sz\u00e1zal\u00e9k felett \u00e1llt Orb\u00e1n Viktor, az elm\u00falt napokban hirtelen visszaesett a t\u00e1mogatotts\u00e1ga. A fogad\u00f3k egyre nagyobb r\u00e9sze m\u00e1r nem r\u00e1 tippel \u2013 legal\u00e1bbis ha a p\u00e9nzt kell megmozgatni. A platform adatai szerint m\u00e1rcius elej\u00e9re mind\u00f6ssze a j\u00e1t\u00e9kosok harmada gondolta \u00fagy, hogy a jelenlegi minisztereln\u00f6k marad a hely\u00e9n.<br \/>\nAz addig stabilnak t\u0171n\u0151 ar\u00e1nyok napr\u00f3l napra cs\u00fasztak lefel\u00e9, m\u00edgnem m\u00e1rcius 2-\u00e1n d\u00e9lut\u00e1n \u00e9rkezett a l\u00e1tv\u00e1nyos m\u00e9lypont: a fogad\u00f3k mind\u00f6ssze 34 sz\u00e1zal\u00e9ka tett p\u00e9nzt Orb\u00e1n Viktor \u00fajabb gy\u0151zelm\u00e9re. A t\u00f6bbs\u00e9g viszont m\u00e1r m\u00e1sra fogadott. A platformon p\u00e9nzt kock\u00e1ztat\u00f3k 66 sz\u00e1zal\u00e9ka ink\u00e1bb Magyar P\u00e9terben, a Tisza P\u00e1rt eln\u00f6k\u00e9ben l\u00e1tja a k\u00f6vetkez\u0151 minisztereln\u00f6k\u00f6t. Fontos azonban, hogy ez nem k\u00f6zv\u00e9lem\u00e9ny-kutat\u00e1s \u2013 ahogy arra T\u00f6r\u00f6k G\u00e1bor politikai elemz\u0151 is felh\u00edvta a figyelmet \u2013, hanem csup\u00e1n azt mutatja, hov\u00e1 teszik a f0gad\u00f3k a p\u00e9nz\u00fcket.<\/h3>\n<p>VIA Index<\/p>\n<p>A vezet\u00e9si \u00e9lm\u00e9ny azonban m\u00e1r kev\u00e9sb\u00e9 meggy\u0151z\u0151. A tesztel\u0151k szerint az aut\u00f3 ink\u00e1bb a komfortot helyezi el\u0151t\u00e9rbe, \u00e9s kev\u00e9sb\u00e9 a dinamikus vezethet\u0151s\u00e9get. A korm\u00e1nyz\u00e1s nagyon k\u00f6nny\u0171, \u00e9s a fut\u00f3m\u0171 ink\u00e1bb puha hangol\u00e1s\u00fa, ami k\u00e9nyelmes utaz\u00e1st biztos\u00edt, de kanyarokban jelent\u0151s karossz\u00e9riad\u0151l\u00e9st okozhat. A g\u00e1zped\u00e1l reakci\u00f3ja is t\u00fal \u00e9rz\u00e9keny lehet, ami megnehez\u00edti az egyenletes, finom gyors\u00edt\u00e1st. Emiatt a modell ink\u00e1bb nyugodt, h\u00e9tk\u00f6znapi k\u00f6zleked\u00e9sre alkalmas, mint sportos vezet\u00e9sre.<\/p>\n<p>A komfort \u00e9s a zajszigetel\u00e9s viszont kifejezetten j\u00f3. Az \u00fagynevezett \u201esilent glass\u201d hangszigetelt \u00fcvegek hat\u00e9konyan cs\u00f6kkentik a sz\u00e9l- \u00e9s g\u00f6rd\u00fcl\u00e9si zajt, \u00edgy az aut\u00f3 aut\u00f3p\u00e1ly\u00e1n is viszonylag csendes marad. A fut\u00f3m\u0171 j\u00f3l kezeli a nagyobb \u00fathib\u00e1kat, b\u00e1r rossz min\u0151s\u00e9g\u0171 utakon a karossz\u00e9ria mozg\u00e1sa kiss\u00e9 bizonytalann\u00e1 v\u00e1lhat.<\/p>\n<p>\u00c1r tekintet\u00e9ben az Omoda 7 egyik legnagyobb \u00fct\u0151k\u00e1rty\u00e1ja a versenyk\u00e9pes pozicion\u00e1l\u00e1s. A benzines v\u00e1ltozat \u00e1ra k\u00f6r\u00fclbel\u00fcl 29 900 font k\u00f6r\u00fcl indul, m\u00edg a plug-in hibrid modell nagyj\u00e1b\u00f3l 32 000 fontt\u00f3l \u00e9rhet\u0151 el. Ez olcs\u00f3bb, mint sok hasonl\u00f3 m\u00e9ret\u0171 SUV, mik\u00f6zben a felszerelts\u00e9ge gyakran gazdagabb. A cs\u00facsfelszerelts\u00e9g\u0171 v\u00e1ltozat \u00e1ra k\u00f6r\u00fclbel\u00fcl 35 000 font k\u00f6r\u00fcl alakul.<\/p>\n<p>A m\u00e1rka m\u00e9g viszonylag \u00faj Eur\u00f3p\u00e1ban, ez\u00e9rt a gy\u00e1rt\u00f3 hossz\u00fa garanci\u00e1val pr\u00f3b\u00e1l bizalmat \u00e9p\u00edteni. Az Omoda 7 h\u00e9t \u00e9v vagy 100 000 m\u00e9rf\u00f6ld garanci\u00e1t kap, a plug-in hibrid akkumul\u00e1torra pedig k\u00fcl\u00f6n nyolc\u00e9ves garancia j\u00e1r. Ez fontos t\u00e9nyez\u0151 lehet azok sz\u00e1m\u00e1ra, akik egy \u00faj m\u00e1rk\u00e1t\u00f3l v\u00e1s\u00e1rolnak aut\u00f3t, \u00e9s szeretn\u00e9nek hossz\u00fa t\u00e1v\u00fa biztons\u00e1got.<\/p>\n<p>Az Omoda 7 egy \u00e9rdekes \u00faj szerepl\u0151 a csal\u00e1di SUV-k piac\u00e1n. T\u00e1gas utastere, gazdag felszerelts\u00e9ge \u00e9s kedvez\u0151 \u00e1ra vonz\u00f3v\u00e1 teszi, k\u00fcl\u00f6n\u00f6sen azok sz\u00e1m\u00e1ra, akik modern technol\u00f3gi\u00e1t szeretn\u00e9nek megfizethet\u0151 \u00e1ron. Ugyanakkor a vezet\u00e9si \u00e9lm\u00e9ny nem kiemelked\u0151, \u00e9s a dinamika ink\u00e1bb \u00e1tlagos. Ez\u00e9rt a modell legink\u00e1bb azoknak a v\u00e1s\u00e1rl\u00f3knak lehet ide\u00e1lis, akik els\u0151sorban k\u00e9nyelmes, praktikus \u00e9s j\u00f3l felszerelt csal\u00e1di aut\u00f3t keresnek, nem pedig sportos vezet\u00e9si \u00e9lm\u00e9nyt.<\/p>\n","protected":false},"excerpt":{"rendered":"<p>M\u00edg kor\u00e1bban m\u00e9g 40 sz\u00e1zal\u00e9k felett \u00e1llt Orb\u00e1n Viktor, az elm\u00falt napokban hirtelen visszaesett a t\u00e1mogatotts\u00e1ga. A fogad\u00f3k egyre nagyobb&#8230; <span class=\"gridview-grid-post-read-more\"><a href=\"https:\/\/matrend.hu\/maitrend\/?p=6660\">read more<span class=\"gridview-sr-only\"> Ekkora \u00f6sszeget tettek Orb\u00e1n gy\u0151zelm\u00e9re<\/span><\/a><\/span><\/p>\n","protected":false},"author":1,"featured_media":6661,"comment_status":"open","ping_status":"open","sticky":false,"template":"","format":"standard","meta":{"footnotes":""},"categories":[1],"tags":[],"class_list":["post-6660","post","type-post","status-publish","format-standard","has-post-thumbnail","hentry","category-egyeb","wpcat-1-id"],"_links":{"self":[{"href":"https:\/\/matrend.hu\/maitrend\/index.php?rest_route=\/wp\/v2\/posts\/6660","targetHints":{"allow":["GET"]}}],"collection":[{"href":"https:\/\/matrend.hu\/maitrend\/index.php?rest_route=\/wp\/v2\/posts"}],"about":[{"href":"https:\/\/matrend.hu\/maitrend\/index.php?rest_route=\/wp\/v2\/types\/post"}],"author":[{"embeddable":true,"href":"https:\/\/matrend.hu\/maitrend\/index.php?rest_route=\/wp\/v2\/users\/1"}],"replies":[{"embeddable":true,"href":"https:\/\/matrend.hu\/maitrend\/index.php?rest_route=%2Fwp%2Fv2%2Fcomments&post=6660"}],"version-history":[{"count":1,"href":"https:\/\/matrend.hu\/maitrend\/index.php?rest_route=\/wp\/v2\/posts\/6660\/revisions"}],"predecessor-version":[{"id":6662,"href":"https:\/\/matrend.hu\/maitrend\/index.php?rest_route=\/wp\/v2\/posts\/6660\/revisions\/6662"}],"wp:featuredmedia":[{"embeddable":true,"href":"https:\/\/matrend.hu\/maitrend\/index.php?rest_route=\/wp\/v2\/media\/6661"}],"wp:attachment":[{"href":"https:\/\/matrend.hu\/maitrend\/index.php?rest_route=%2Fwp%2Fv2%2Fmedia&parent=6660"}],"wp:term":[{"taxonomy":"category","embeddable":true,"href":"https:\/\/matrend.hu\/maitrend\/index.php?rest_route=%2Fwp%2Fv2%2Fcategories&post=6660"},{"taxonomy":"post_tag","embeddable":true,"href":"https:\/\/matrend.hu\/maitrend\/index.php?rest_route=%2Fwp%2Fv2%2Ftags&post=6660"}],"curies":[{"name":"wp","href":"https:\/\/api.w.org\/{rel}","templated":true}]}}