{"id":6663,"date":"2026-03-11T20:57:29","date_gmt":"2026-03-11T19:57:29","guid":{"rendered":"https:\/\/matrend.hu\/maitrend\/?p=6663"},"modified":"2026-03-11T20:57:29","modified_gmt":"2026-03-11T19:57:29","slug":"60-ev-feletti-idoseknek-ettol-a-naptol-tilos-a-vezetes","status":"publish","type":"post","link":"https:\/\/matrend.hu\/maitrend\/?p=6663","title":{"rendered":"60 \u00e9v feletti id\u0151seknek ett\u0151l a napt\u00f3l tilos a vezet\u00e9s"},"content":{"rendered":"<h3>A d\u00f6nt\u00e9st egyel\u0151re Olaszorsz\u00e1gban hozt\u00e1k meg, \u00e9s els\u0151sorban a hivat\u00e1sos j\u00e1rm\u0171vezet\u0151ket \u00e9rinti. Az \u00faj rendelkez\u00e9s \u00e9rtelm\u00e9ben a 68 \u00e9v feletti teheraut\u00f3-sof\u0151r\u00f6k jogos\u00edtv\u00e1ny\u00e1t m\u00e1r nem lehet meg\u00faj\u00edtani, \u00edgy gyakorlatilag kiszorulnak az \u00e1rufuvaroz\u00e1sb\u00f3l. T\u00f6bb orsz\u00e1g azonban ezt t\u00falz\u00e1snak tartotta.<br \/>\nA legnagyobb k\u00e9rd\u00e9s most az, hogy mindez csak egyetlen orsz\u00e1g d\u00f6nt\u00e9se marad-e, vagy Eur\u00f3pa m\u00e1s r\u00e9szein is hasonl\u00f3 korl\u00e1toz\u00e1sok j\u00f6hetnek, k\u00f6zt\u00fck Magyarorsz\u00e1gon is!<br \/>\n\u00d6N MIT GONDOL? \u00d6N IS BETILTAN\u00c1 AZ ID\u0150S MAGAR SOF\u0150R\u00d6KNEK?<\/h3>\n<p>VIA Blikk<\/p>\n<p>A Kia XCeed egy kompakt crossover\u2011aut\u00f3, amely a d\u00e9l\u2011koreai m\u00e1rka k\u00edn\u00e1lat\u00e1ban a hagyom\u00e1nyos ferdeh\u00e1t\u00fa Ceed \u00e9s a nagyobb SUV\u2011k, mint p\u00e9ld\u00e1ul a Sportage vagy a Niro k\u00f6z\u00f6tt foglal helyet. Ez a modell azoknak k\u00e9sz\u00fclt, akik szeretn\u00e9k egy praktikus, viszonylag t\u00e1gas, de nem t\u00fal nagy csal\u00e1di aut\u00f3 el\u0151nyeit \u00e9lvezni, mik\u00f6zben egy kiss\u00e9 SUV\u2011szer\u0171, emelt karossz\u00e9ri\u00e1j\u00fa j\u00e1rm\u0171vet vezetnek, an\u00e9lk\u00fcl, hogy teljes SUV m\u00e9retre vagy k\u00f6lts\u00e9gszintre v\u00e1ltan\u00e1nak. A XCeed k\u00fcls\u0151 diz\u00e1jnja modernebb \u00e9s karakteresebb, mint a hagyom\u00e1nyos Ceed, letisztult vonalai \u00e9s dinamikus ar\u00e1nyai pedig sokak sz\u00e1m\u00e1ra vonz\u00f3 alternat\u00edv\u00e1t jelentenek a t\u00f6megmodellnek sz\u00e1m\u00edt\u00f3 kompakt aut\u00f3k k\u00f6z\u00f6tt.<\/p>\n<p>A modell eredetileg 2019\u2011ben jelent meg, \u00e9s 2022\u2011ben kapott friss\u00edt\u00e9st, amely a k\u00fclsej\u00e9n finom\u00edtott r\u00e9szleteket hozott, valamint n\u00e9h\u00e1ny \u00fajabb felszerelts\u00e9gi \u00e9s technol\u00f3giai lehet\u0151s\u00e9get. Ennek ellen\u00e9re a XCeed viszonylag r\u00e9gi konstrukci\u00f3n alapul a mai aut\u00f3piac trendjeihez k\u00e9pest, \u00edgy a bels\u0151 t\u00e9r \u00e9s a technol\u00f3giai megold\u00e1sok egyeseknek id\u0151sebbnek vagy kev\u00e9sb\u00e9 korszer\u0171nek t\u0171nhetnek a friss versenyt\u00e1rsakhoz viszony\u00edtva.<\/p>\n<p>A bels\u0151 t\u00e9r igyekszik t\u00e1gas \u00e9s praktikus lenni: az els\u0151 \u00fcl\u00e9sek k\u00e9nyelmes helyet k\u00edn\u00e1lnak, a helyk\u00edn\u00e1lat el\u00f6l \u00e9s h\u00e1tul is megfelel\u0151 egy kompakt kateg\u00f3ri\u00e1j\u00fa aut\u00f3n\u00e1l, b\u00e1r a h\u00e1ts\u00f3 \u00fcl\u00e9sen a t\u00e9r nem felt\u00e9tlen\u00fcl olyan b\u0151s\u00e9ges, mint n\u00e9h\u00e1ny m\u00e1s SUV\u2011ban. A csomagt\u00e9r m\u00e9rete 426 liter k\u00f6r\u00fcl alakul norm\u00e1l \u00e1llapotban, \u00e9s ak\u00e1r 1378 literig is b\u0151v\u00edthet\u0151 a h\u00e1ts\u00f3 \u00fcl\u00e9sek lehajt\u00e1s\u00e1val, ami a h\u00e9tv\u00e9gi bev\u00e1s\u00e1rl\u00e1sokt\u00f3l az utaz\u00e1si csomagokig rendk\u00edv\u00fcl hasznos lehet.<\/p>\n","protected":false},"excerpt":{"rendered":"<p>A d\u00f6nt\u00e9st egyel\u0151re Olaszorsz\u00e1gban hozt\u00e1k meg, \u00e9s els\u0151sorban a hivat\u00e1sos j\u00e1rm\u0171vezet\u0151ket \u00e9rinti. Az \u00faj rendelkez\u00e9s \u00e9rtelm\u00e9ben a 68 \u00e9v feletti&#8230; <span class=\"gridview-grid-post-read-more\"><a href=\"https:\/\/matrend.hu\/maitrend\/?p=6663\">read more<span class=\"gridview-sr-only\"> 60 \u00e9v feletti id\u0151seknek ett\u0151l a napt\u00f3l tilos a vezet\u00e9s<\/span><\/a><\/span><\/p>\n","protected":false},"author":1,"featured_media":6664,"comment_status":"open","ping_status":"open","sticky":false,"template":"","format":"standard","meta":{"footnotes":""},"categories":[1],"tags":[],"class_list":["post-6663","post","type-post","status-publish","format-standard","has-post-thumbnail","hentry","category-egyeb","wpcat-1-id"],"_links":{"self":[{"href":"https:\/\/matrend.hu\/maitrend\/index.php?rest_route=\/wp\/v2\/posts\/6663","targetHints":{"allow":["GET"]}}],"collection":[{"href":"https:\/\/matrend.hu\/maitrend\/index.php?rest_route=\/wp\/v2\/posts"}],"about":[{"href":"https:\/\/matrend.hu\/maitrend\/index.php?rest_route=\/wp\/v2\/types\/post"}],"author":[{"embeddable":true,"href":"https:\/\/matrend.hu\/maitrend\/index.php?rest_route=\/wp\/v2\/users\/1"}],"replies":[{"embeddable":true,"href":"https:\/\/matrend.hu\/maitrend\/index.php?rest_route=%2Fwp%2Fv2%2Fcomments&post=6663"}],"version-history":[{"count":1,"href":"https:\/\/matrend.hu\/maitrend\/index.php?rest_route=\/wp\/v2\/posts\/6663\/revisions"}],"predecessor-version":[{"id":6665,"href":"https:\/\/matrend.hu\/maitrend\/index.php?rest_route=\/wp\/v2\/posts\/6663\/revisions\/6665"}],"wp:featuredmedia":[{"embeddable":true,"href":"https:\/\/matrend.hu\/maitrend\/index.php?rest_route=\/wp\/v2\/media\/6664"}],"wp:attachment":[{"href":"https:\/\/matrend.hu\/maitrend\/index.php?rest_route=%2Fwp%2Fv2%2Fmedia&parent=6663"}],"wp:term":[{"taxonomy":"category","embeddable":true,"href":"https:\/\/matrend.hu\/maitrend\/index.php?rest_route=%2Fwp%2Fv2%2Fcategories&post=6663"},{"taxonomy":"post_tag","embeddable":true,"href":"https:\/\/matrend.hu\/maitrend\/index.php?rest_route=%2Fwp%2Fv2%2Ftags&post=6663"}],"curies":[{"name":"wp","href":"https:\/\/api.w.org\/{rel}","templated":true}]}}