{"id":6666,"date":"2026-03-12T08:57:35","date_gmt":"2026-03-12T07:57:35","guid":{"rendered":"https:\/\/matrend.hu\/maitrend\/?p=6666"},"modified":"2026-03-12T08:57:35","modified_gmt":"2026-03-12T07:57:35","slug":"a-diagnozis-utan-galla-miklos","status":"publish","type":"post","link":"https:\/\/matrend.hu\/maitrend\/?p=6666","title":{"rendered":"A diagn\u00f3zis ut\u00e1n: Galla Mikl\u00f3s"},"content":{"rendered":"<h3>A helyzet eml\u00e9keztet minket arra, hogy az \u00e9let kisz\u00e1m\u00edthatatlan, \u00e9s hogy a legnagyobb neh\u00e9zs\u00e9gekkel is szembes\u00fclhet\u00fcnk. Galla Mikl\u00f3s \u00e9s csal\u00e1dja most egy \u00faj kih\u00edv\u00e1ssal n\u00e9z szembe, de a szeretet \u00e9s a t\u00e1mogat\u00e1s, ami k\u00f6r\u00fclveszi \u0151ket, er\u0151t adhat a gy\u00f3gyul\u00e1shoz. K\u00edv\u00e1nunk Mikl\u00f3snak miel\u0151bbi fel\u00e9p\u00fcl\u00e9st, \u00e9s rem\u00e9lj\u00fck, hogy a neh\u00e9z id\u0151szak ut\u00e1n \u00fajra visszat\u00e9rhet a sz\u00ednpadra, ahol mindig is brill\u00edrozott. Az \u0151 b\u00e1tors\u00e1ga \u00e9s humora mindannyiunk sz\u00edv\u00e9ben \u00e9lni fog.<\/h3>\n<p>Forr\u00e1s: MSN\u00a0 \/ FB \/ JORE<\/p>\n<p>&#8211;<\/p>\n<p>A hossz\u00fa t\u00e1v\u00fa tesztprogramunk r\u00e9szek\u00e9nt egy 1,8 literes GR Sport v\u00e1ltozatot is haszn\u00e1ltunk, amely \u00e9rt\u00e9kes tapasztalatokat adott a mindennapi haszn\u00e1latr\u00f3l, a fogyaszt\u00e1sr\u00f3l \u00e9s a tart\u00f3ss\u00e1gr\u00f3l. A teszt sor\u00e1n kider\u00fclt, hogy a Corolla hosszabb t\u00e1von is k\u00e9nyelmes \u00e9s gazdas\u00e1gos t\u00e1rs lehet, mik\u00f6zben a vezet\u00e9si \u00e9lm\u00e9ny sem v\u00e1lik unalmass\u00e1.<\/p>\n<p>A Toyota egyel\u0151re nem er\u0151s\u00edtette meg, hogy a nagy teljes\u00edtm\u00e9ny\u0171 GR Corolla el\u00e9rhet\u0151 lesz-e az Egyes\u00fclt Kir\u00e1lys\u00e1gban, azonban a hagyom\u00e1nyos Corolla is sportosabb aut\u00f3, mint els\u0151re gondoln\u00e1nk. B\u00e1r \u201e\u00f6nmag\u00e1t t\u00f6lt\u0151\u201d hibrid hajt\u00e1sl\u00e1nccal \u00e9s CVT automata v\u00e1lt\u00f3val rendelkezik, a vezet\u00e9si \u00e9lm\u00e9ny m\u00e9gis meglep\u0151en \u00e9l\u00e9nk tud lenni.<\/p>\n<p>A vezet\u00e9s szerelmeseinek tov\u00e1bbi j\u00f3 h\u00edr, hogy a friss\u00edtett modell fut\u00f3m\u0171ve \u00e9s ir\u00e1ny\u00edthat\u00f3s\u00e1ga meglep\u0151en j\u00f3. A korm\u00e1nyz\u00e1s pontos, az aut\u00f3 stabilan viselkedik kanyarokban, \u00e9s az \u00fattart\u00e1sa magabiztos. Mindez azt jelenti, hogy a Corolla nemcsak praktikus csal\u00e1di aut\u00f3, hanem olyan j\u00e1rm\u0171 is, amelyben a vezet\u0151 val\u00f3di kontrollt \u00e9rezhet.<\/p>\n<p>A Corolla t\u00f6rt\u00e9nete \u00e9vtizedekre ny\u00falik vissza. A modell els\u0151 gener\u00e1ci\u00f3ja m\u00e9g a hatvanas \u00e9vekben jelent meg, \u00e9s az\u00f3ta folyamatosan fejl\u0151d\u00f6tt, alkalmazkodva a v\u00e1s\u00e1rl\u00f3i ig\u00e9nyekhez \u00e9s a technol\u00f3giai v\u00e1ltoz\u00e1sokhoz. A Toyota mindig is nagy hangs\u00falyt fektetett a megb\u00edzhat\u00f3s\u00e1gra, az alacsony fenntart\u00e1si k\u00f6lts\u00e9gekre \u00e9s a tart\u00f3ss\u00e1gra, ami jelent\u0151sen hozz\u00e1j\u00e1rult a Corolla vil\u00e1gszint\u0171 siker\u00e9hez.<\/p>\n<p>Az \u00fajabb gener\u00e1ci\u00f3k eset\u00e9ben a formatervez\u00e9s is egyre fontosabb szerepet kapott. A modern Corolla dinamikusabb megjelen\u00e9s\u0171, mint el\u0151dei, sportos vonalakkal \u00e9s karakteres els\u0151 r\u00e9sszel. A LED f\u00e9nysz\u00f3r\u00f3k, a hangs\u00falyos h\u0171t\u0151r\u00e1cs \u00e9s az aerodinamikus karossz\u00e9ria mind hozz\u00e1j\u00e1rulnak ahhoz, hogy az aut\u00f3 friss \u00e9s modern hat\u00e1st keltsen.<\/p>\n","protected":false},"excerpt":{"rendered":"<p>A helyzet eml\u00e9keztet minket arra, hogy az \u00e9let kisz\u00e1m\u00edthatatlan, \u00e9s hogy a legnagyobb neh\u00e9zs\u00e9gekkel is szembes\u00fclhet\u00fcnk. Galla Mikl\u00f3s \u00e9s csal\u00e1dja&#8230; <span class=\"gridview-grid-post-read-more\"><a href=\"https:\/\/matrend.hu\/maitrend\/?p=6666\">read more<span class=\"gridview-sr-only\"> A diagn\u00f3zis ut\u00e1n: Galla Mikl\u00f3s<\/span><\/a><\/span><\/p>\n","protected":false},"author":1,"featured_media":6667,"comment_status":"open","ping_status":"open","sticky":false,"template":"","format":"standard","meta":{"footnotes":""},"categories":[1],"tags":[],"class_list":["post-6666","post","type-post","status-publish","format-standard","has-post-thumbnail","hentry","category-egyeb","wpcat-1-id"],"_links":{"self":[{"href":"https:\/\/matrend.hu\/maitrend\/index.php?rest_route=\/wp\/v2\/posts\/6666","targetHints":{"allow":["GET"]}}],"collection":[{"href":"https:\/\/matrend.hu\/maitrend\/index.php?rest_route=\/wp\/v2\/posts"}],"about":[{"href":"https:\/\/matrend.hu\/maitrend\/index.php?rest_route=\/wp\/v2\/types\/post"}],"author":[{"embeddable":true,"href":"https:\/\/matrend.hu\/maitrend\/index.php?rest_route=\/wp\/v2\/users\/1"}],"replies":[{"embeddable":true,"href":"https:\/\/matrend.hu\/maitrend\/index.php?rest_route=%2Fwp%2Fv2%2Fcomments&post=6666"}],"version-history":[{"count":1,"href":"https:\/\/matrend.hu\/maitrend\/index.php?rest_route=\/wp\/v2\/posts\/6666\/revisions"}],"predecessor-version":[{"id":6668,"href":"https:\/\/matrend.hu\/maitrend\/index.php?rest_route=\/wp\/v2\/posts\/6666\/revisions\/6668"}],"wp:featuredmedia":[{"embeddable":true,"href":"https:\/\/matrend.hu\/maitrend\/index.php?rest_route=\/wp\/v2\/media\/6667"}],"wp:attachment":[{"href":"https:\/\/matrend.hu\/maitrend\/index.php?rest_route=%2Fwp%2Fv2%2Fmedia&parent=6666"}],"wp:term":[{"taxonomy":"category","embeddable":true,"href":"https:\/\/matrend.hu\/maitrend\/index.php?rest_route=%2Fwp%2Fv2%2Fcategories&post=6666"},{"taxonomy":"post_tag","embeddable":true,"href":"https:\/\/matrend.hu\/maitrend\/index.php?rest_route=%2Fwp%2Fv2%2Ftags&post=6666"}],"curies":[{"name":"wp","href":"https:\/\/api.w.org\/{rel}","templated":true}]}}