{"id":6672,"date":"2026-03-12T19:04:21","date_gmt":"2026-03-12T18:04:21","guid":{"rendered":"https:\/\/matrend.hu\/maitrend\/?p=6672"},"modified":"2026-03-12T19:04:21","modified_gmt":"2026-03-12T18:04:21","slug":"osszejottek-a-sefek-sefe-versenyzoje-es-sefe","status":"publish","type":"post","link":"https:\/\/matrend.hu\/maitrend\/?p=6672","title":{"rendered":"\u00d6sszej\u00f6ttek a S\u00e9fek S\u00e9fe versenyz\u0151je \u00e9s s\u00e9fe!"},"content":{"rendered":"<h3>A pletyk\u00e1k szerint Lukasz figyelme most m\u00e1r nem a statiszt\u00e1k vagy vend\u00e9gek fel\u00e9 ir\u00e1nyul, hanem a z\u00f6ld csapat vezet\u0151je, Tischler Petra fel\u00e9.<br \/>\nLegal\u00e1bbis ezt \u00e1ll\u00edtja Pir\u00f3, aki szerint a versenyz\u0151 viselked\u00e9se felt\u0171n\u0151en megv\u00e1ltozott.<br \/>\n\u201eNem tudom, mi t\u00f6rt\u00e9nt Lukasszal, de \u00fagy n\u00e9z ki, beleszerelmesedett Petr\u00e1ba. Minden mondata r\u00f3la sz\u00f3l: Petra kisasszony, Petra s\u00e9f, Petra \u00edgy, Petra \u00fagy\u2026\u201d \u2013 fogalmazott a j\u00e1t\u00e9kos.<br \/>\nPir\u00f3 m\u00e9g azt is hozz\u00e1tette: \u0151 bizony egy\u00e1ltal\u00e1n nem b\u00e1nn\u00e1, ha Lukasz a k\u00e9s\u0151bbiekben m\u00e1r nem a fekete csapatot er\u0151s\u00edten\u00e9.<br \/>\nHogy val\u00f3ban \u00c1mor nyila tal\u00e1lta-e el a versenyz\u0151t, vagy csak egy \u00fajabb st\u00fadi\u00f3pletyka kering, az egyel\u0151re k\u00e9rd\u00e9s. Egy azonban biztos: ha a sz\u00f3besz\u00e9d igaznak bizonyul, akkor a S\u00e9fek S\u00e9fe t\u00f6rt\u00e9net\u00e9ben el\u0151sz\u00f6r nemcsak a konyh\u00e1ban, hanem a sz\u00edvekben is komoly verseny indulhat\u2026<\/h3>\n<p>VIA Borsonline<\/p>\n<p>A Toyota bZ4X Touring a jap\u00e1n gy\u00e1rt\u00f3 elektromos k\u00edn\u00e1lat\u00e1nak egyik leg\u00e9rdekesebb \u00faj modellje, amely a hagyom\u00e1nyos SUV \u00e9s a kombi karossz\u00e9ria el\u0151nyeit igyekszik \u00f6tv\u00f6zni. A Toyota az elm\u00falt \u00e9vekben \u00f3vatosan l\u00e9pett be a tiszt\u00e1n elektromos aut\u00f3k piac\u00e1ra, \u00e9s b\u00e1r az alapmodellnek sz\u00e1m\u00edt\u00f3 bZ4X nem minden piacon aratott azonnali sikert, a Touring v\u00e1ltozat egy olyan ir\u00e1nyt k\u00e9pvisel, amely sokkal praktikusabb\u00e1 \u00e9s karakteresebb\u00e9 teszi az aut\u00f3t. A modell l\u00e9nyeg\u00e9ben az eredeti bZ4X tov\u00e1bbfejlesztett, megn\u00f6velt \u00e9s kombiszer\u0171 v\u00e1ltozata, amelynek legnagyobb er\u0151ss\u00e9ge a t\u00e1gas csomagt\u00e9r, a csal\u00e1di haszn\u00e1lhat\u00f3s\u00e1g \u00e9s az er\u0151s elektromos hajt\u00e1s kombin\u00e1ci\u00f3ja.<\/p>\n<p>A Toyota m\u00e9rn\u00f6kei az alapmodellt vett\u00e9k alapul, de t\u00f6bb ponton jelent\u0151s v\u00e1ltoztat\u00e1sokat hajtottak v\u00e9gre. A Touring v\u00e1ltozat p\u00e9ld\u00e1ul hosszabb \u00e9s valamivel magasabb is lett, ami azonnal megl\u00e1tszik a karossz\u00e9ria ar\u00e1nyain. A h\u00e1ts\u00f3 r\u00e9sz megny\u00fajt\u00e1sa nem puszt\u00e1n formai m\u00f3dos\u00edt\u00e1s: a c\u00e9l az volt, hogy az aut\u00f3 ink\u00e1bb egy praktikus csal\u00e1di kombira eml\u00e9keztessen, amely rengeteg csomagot k\u00e9pes elnyelni, mik\u00f6zben meg\u0151rzi az SUV-k robusztus karakter\u00e9t. Az eredm\u00e9ny egy olyan elektromos j\u00e1rm\u0171 lett, amely a hagyom\u00e1nyos crossoverekn\u00e9l sokkal jobb helyk\u00edn\u00e1latot k\u00edn\u00e1l, k\u00fcl\u00f6n\u00f6sen a csomagtart\u00f3 tekintet\u00e9ben.<\/p>\n<p>A praktikum val\u00f3ban az aut\u00f3 egyik legfontosabb er\u00e9nye. A Touring csomagtere jelent\u0151sen nagyobb lett a norm\u00e1l bZ4X-hez k\u00e9pest: a h\u00e1ts\u00f3 t\u00falny\u00fal\u00e1s n\u00f6vel\u00e9se r\u00e9v\u00e9n a rakod\u00f3kapacit\u00e1s nagyj\u00e1b\u00f3l 600\u2013669 liter k\u00f6r\u00fcl alakul, ami m\u00e1r a csal\u00e1di elektromos aut\u00f3k \u00e9lmez\u0151ny\u00e9be sorolja. Ez az \u00e9rt\u00e9k nagyobb, mint t\u00f6bb hasonl\u00f3 kateg\u00f3ri\u00e1j\u00fa elektromos SUV csomagtere, \u00e9s k\u00f6zel\u00edti a klasszikus elektromos kombik szintj\u00e9t is. A h\u00e1ts\u00f3 \u00fcl\u00e9sek lehajt\u00e1s\u00e1val pedig hatalmas, s\u00edk rakteret kapunk, ami ide\u00e1lis nagyobb t\u00e1rgyak vagy sportfelszerel\u00e9sek sz\u00e1ll\u00edt\u00e1s\u00e1ra. Az aut\u00f3 r\u00e1ad\u00e1sul tet\u0151s\u00edneket is kapott, amelyek ak\u00e1r 70 kilogramm terhel\u00e9st is elb\u00edrnak, \u00edgy k\u00f6nnyen felszerelhet\u0151 r\u00e1 tet\u0151box vagy ker\u00e9kp\u00e1rtart\u00f3.<\/p>\n","protected":false},"excerpt":{"rendered":"<p>A pletyk\u00e1k szerint Lukasz figyelme most m\u00e1r nem a statiszt\u00e1k vagy vend\u00e9gek fel\u00e9 ir\u00e1nyul, hanem a z\u00f6ld csapat vezet\u0151je, Tischler&#8230; <span class=\"gridview-grid-post-read-more\"><a href=\"https:\/\/matrend.hu\/maitrend\/?p=6672\">read more<span class=\"gridview-sr-only\"> \u00d6sszej\u00f6ttek a S\u00e9fek S\u00e9fe versenyz\u0151je \u00e9s s\u00e9fe!<\/span><\/a><\/span><\/p>\n","protected":false},"author":1,"featured_media":6673,"comment_status":"open","ping_status":"open","sticky":false,"template":"","format":"standard","meta":{"footnotes":""},"categories":[1],"tags":[],"class_list":["post-6672","post","type-post","status-publish","format-standard","has-post-thumbnail","hentry","category-egyeb","wpcat-1-id"],"_links":{"self":[{"href":"https:\/\/matrend.hu\/maitrend\/index.php?rest_route=\/wp\/v2\/posts\/6672","targetHints":{"allow":["GET"]}}],"collection":[{"href":"https:\/\/matrend.hu\/maitrend\/index.php?rest_route=\/wp\/v2\/posts"}],"about":[{"href":"https:\/\/matrend.hu\/maitrend\/index.php?rest_route=\/wp\/v2\/types\/post"}],"author":[{"embeddable":true,"href":"https:\/\/matrend.hu\/maitrend\/index.php?rest_route=\/wp\/v2\/users\/1"}],"replies":[{"embeddable":true,"href":"https:\/\/matrend.hu\/maitrend\/index.php?rest_route=%2Fwp%2Fv2%2Fcomments&post=6672"}],"version-history":[{"count":1,"href":"https:\/\/matrend.hu\/maitrend\/index.php?rest_route=\/wp\/v2\/posts\/6672\/revisions"}],"predecessor-version":[{"id":6674,"href":"https:\/\/matrend.hu\/maitrend\/index.php?rest_route=\/wp\/v2\/posts\/6672\/revisions\/6674"}],"wp:featuredmedia":[{"embeddable":true,"href":"https:\/\/matrend.hu\/maitrend\/index.php?rest_route=\/wp\/v2\/media\/6673"}],"wp:attachment":[{"href":"https:\/\/matrend.hu\/maitrend\/index.php?rest_route=%2Fwp%2Fv2%2Fmedia&parent=6672"}],"wp:term":[{"taxonomy":"category","embeddable":true,"href":"https:\/\/matrend.hu\/maitrend\/index.php?rest_route=%2Fwp%2Fv2%2Fcategories&post=6672"},{"taxonomy":"post_tag","embeddable":true,"href":"https:\/\/matrend.hu\/maitrend\/index.php?rest_route=%2Fwp%2Fv2%2Ftags&post=6672"}],"curies":[{"name":"wp","href":"https:\/\/api.w.org\/{rel}","templated":true}]}}