{"id":6675,"date":"2026-03-12T19:13:54","date_gmt":"2026-03-12T18:13:54","guid":{"rendered":"https:\/\/matrend.hu\/maitrend\/?p=6675"},"modified":"2026-03-12T19:13:54","modified_gmt":"2026-03-12T18:13:54","slug":"ez-okozta-dudas-miki-halalat","status":"publish","type":"post","link":"https:\/\/matrend.hu\/maitrend\/?p=6675","title":{"rendered":"Ez okozta Dud\u00e1s Miki hal\u00e1l\u00e1t"},"content":{"rendered":"<h3>A trag\u00e9dia k\u00f6r\u00fclm\u00e9nyei ugyanis tov\u00e1bbra sem teljesen tiszt\u00e1zottak, a hat\u00f3s\u00e1gi vizsg\u00e1lat m\u00e9g mindig folyamatban van. Ivett el\u00e1rulta, hogy a nyomoz\u00e1s lass\u00fas\u00e1ga \u00e9s a rengeteg megv\u00e1laszolatlan k\u00e9rd\u00e9s komoly terhet jelent sz\u00e1m\u00e1ra. \u201eA nyomoz\u00e1s m\u00e9g mindig tart, biztosabb inform\u00e1ci\u00f3t \u00e9n sem tudok egyel\u0151re az \u00fcgyr\u0151l. Ez is megnehez\u00edti az am\u00fagy is tragikus helyzetet. A t\u00e9nyen persze semmi nem v\u00e1ltoztat, \u0151t m\u00e1r semmi nem hozza vissza\u2026 de \u0151szint\u00e9n sz\u00f3lva csal\u00f3dott vagyok, nem felt\u00e9tlen \u00edgy k\u00e9pzeltem el a nyomoz\u00e1s folyamat\u00e1t \u00e9s a rend\u0151r\u00f6k munk\u00e1j\u00e1t. Tov\u00e1bbra is b\u00edzom benne, hogy mindent megtesznek, de m\u00e9g mindig rengeteg a k\u00e9rd\u0151jel.\u201d Ivett most egyetlen dologra v\u00e1r: hogy v\u00e9gre kider\u00fclj\u00f6n az igazs\u00e1g arr\u00f3l, mi is t\u00f6rt\u00e9nt val\u00f3j\u00e1ban.<\/h3>\n<p>VIA Blikk<\/p>\n<p>A praktikum ter\u00e9n a 2008 vegyes k\u00e9pet mutat. A csomagtart\u00f3 434 literes kapacit\u00e1sa a kateg\u00f3ri\u00e1ban j\u00f3nak sz\u00e1m\u00edt, \u00e9s a h\u00e1ts\u00f3 \u00fcl\u00e9sek lehajt\u00e1s\u00e1val ak\u00e1r 1467 literes t\u00e9r is kialak\u00edthat\u00f3. A csomagt\u00e9r padl\u00f3ja \u00e1ll\u00edthat\u00f3 magass\u00e1g\u00fa, ami megk\u00f6nny\u00edti a pakol\u00e1st. A h\u00e1ts\u00f3 utasok sz\u00e1m\u00e1ra azonban a l\u00e1bt\u00e9r nem t\u00fal b\u0151s\u00e9ges, \u00edgy hosszabb utakon ink\u00e1bb k\u00e9t feln\u0151tt sz\u00e1m\u00e1ra k\u00e9nyelmes. N\u00e9h\u00e1ny riv\u00e1lis, p\u00e9ld\u00e1ul a Hyundai Kona vagy a Skoda Kamiq t\u00e1gasabb h\u00e1ts\u00f3 \u00fcl\u00e9seket k\u00edn\u00e1l.<\/p>\n<p>Biztons\u00e1gi szempontb\u00f3l a modell j\u00f3l felszerelt. Az alapfelszerelts\u00e9g r\u00e9sze t\u00f6bbek k\u00f6z\u00f6tt az automatikus v\u00e9szf\u00e9kez\u0151 rendszer, a s\u00e1velhagy\u00e1s-figyelmeztet\u00e9s \u00e9s a k\u00f6zleked\u00e9si t\u00e1bl\u00e1k felismer\u00e9se. Az Euro NCAP t\u00f6r\u00e9stesztj\u00e9n a m\u00e1sodik gener\u00e1ci\u00f3 n\u00e9gycsillagos min\u0151s\u00edt\u00e9st kapott alapfelszerelts\u00e9ggel, de a biztons\u00e1gi csomaggal \u00f6t csillagot is el\u00e9rhet. A Peugeot megb\u00edzhat\u00f3s\u00e1gi meg\u00edt\u00e9l\u00e9se az ut\u00f3bbi \u00e9vekben javult, \u00e9s a m\u00e1rka a tulajdonosi el\u00e9gedetts\u00e9gi felm\u00e9r\u00e9sekben is egyre jobb helyez\u00e9seket \u00e9r el.<\/p>\n<p>A Peugeot 2008 egy st\u00edlusos \u00e9s modern kis SUV, amely els\u0151sorban formatervez\u00e9s\u00e9vel \u00e9s min\u0151s\u00e9gi utaster\u00e9vel igyekszik kit\u0171nni a rendk\u00edv\u00fcl er\u0151s mez\u0151nyb\u0151l. B\u00e1r nem a kateg\u00f3ria legpraktikusabb vagy legizgalmasabb vezet\u00e9si \u00e9lm\u00e9nyt ny\u00fajt\u00f3 modellje, sok v\u00e1s\u00e1rl\u00f3 sz\u00e1m\u00e1ra vonz\u00f3 lehet az eleg\u00e1ns megjelen\u00e9s, a modern technol\u00f3gia \u00e9s a sz\u00e9les hajt\u00e1sl\u00e1nc-v\u00e1laszt\u00e9k kombin\u00e1ci\u00f3ja. A benzines, hibrid \u00e9s elektromos v\u00e1ltozatoknak k\u00f6sz\u00f6nhet\u0151en a 2008 k\u00fcl\u00f6nb\u00f6z\u0151 ig\u00e9nyekhez tud alkalmazkodni, \u00edgy v\u00e1rosi haszn\u00e1latra, csal\u00e1di aut\u00f3k\u00e9nt vagy ak\u00e1r elektromos alternat\u00edvak\u00e9nt is \u00e9letk\u00e9pes v\u00e1laszt\u00e1s lehet a kompakt SUV-k vil\u00e1g\u00e1ban.<\/p>\n","protected":false},"excerpt":{"rendered":"<p>A trag\u00e9dia k\u00f6r\u00fclm\u00e9nyei ugyanis tov\u00e1bbra sem teljesen tiszt\u00e1zottak, a hat\u00f3s\u00e1gi vizsg\u00e1lat m\u00e9g mindig folyamatban van. Ivett el\u00e1rulta, hogy a nyomoz\u00e1s&#8230; <span class=\"gridview-grid-post-read-more\"><a href=\"https:\/\/matrend.hu\/maitrend\/?p=6675\">read more<span class=\"gridview-sr-only\"> Ez okozta Dud\u00e1s Miki hal\u00e1l\u00e1t<\/span><\/a><\/span><\/p>\n","protected":false},"author":1,"featured_media":6676,"comment_status":"open","ping_status":"open","sticky":false,"template":"","format":"standard","meta":{"footnotes":""},"categories":[1],"tags":[],"class_list":["post-6675","post","type-post","status-publish","format-standard","has-post-thumbnail","hentry","category-egyeb","wpcat-1-id"],"_links":{"self":[{"href":"https:\/\/matrend.hu\/maitrend\/index.php?rest_route=\/wp\/v2\/posts\/6675","targetHints":{"allow":["GET"]}}],"collection":[{"href":"https:\/\/matrend.hu\/maitrend\/index.php?rest_route=\/wp\/v2\/posts"}],"about":[{"href":"https:\/\/matrend.hu\/maitrend\/index.php?rest_route=\/wp\/v2\/types\/post"}],"author":[{"embeddable":true,"href":"https:\/\/matrend.hu\/maitrend\/index.php?rest_route=\/wp\/v2\/users\/1"}],"replies":[{"embeddable":true,"href":"https:\/\/matrend.hu\/maitrend\/index.php?rest_route=%2Fwp%2Fv2%2Fcomments&post=6675"}],"version-history":[{"count":1,"href":"https:\/\/matrend.hu\/maitrend\/index.php?rest_route=\/wp\/v2\/posts\/6675\/revisions"}],"predecessor-version":[{"id":6677,"href":"https:\/\/matrend.hu\/maitrend\/index.php?rest_route=\/wp\/v2\/posts\/6675\/revisions\/6677"}],"wp:featuredmedia":[{"embeddable":true,"href":"https:\/\/matrend.hu\/maitrend\/index.php?rest_route=\/wp\/v2\/media\/6676"}],"wp:attachment":[{"href":"https:\/\/matrend.hu\/maitrend\/index.php?rest_route=%2Fwp%2Fv2%2Fmedia&parent=6675"}],"wp:term":[{"taxonomy":"category","embeddable":true,"href":"https:\/\/matrend.hu\/maitrend\/index.php?rest_route=%2Fwp%2Fv2%2Fcategories&post=6675"},{"taxonomy":"post_tag","embeddable":true,"href":"https:\/\/matrend.hu\/maitrend\/index.php?rest_route=%2Fwp%2Fv2%2Ftags&post=6675"}],"curies":[{"name":"wp","href":"https:\/\/api.w.org\/{rel}","templated":true}]}}