{"id":6681,"date":"2026-03-12T20:59:43","date_gmt":"2026-03-12T19:59:43","guid":{"rendered":"https:\/\/matrend.hu\/maitrend\/?p=6681"},"modified":"2026-03-12T20:59:43","modified_gmt":"2026-03-12T19:59:43","slug":"dobbenetes-fordulat-a-sefek-sefe-ben","status":"publish","type":"post","link":"https:\/\/matrend.hu\/maitrend\/?p=6681","title":{"rendered":"D\u00f6bbenetes fordulat a S\u00e9fek S\u00e9fe-BEN"},"content":{"rendered":"<h3>\u201eNem sz\u00e9g\/el\/em a m\u00faltamat, de nem szeretem, amikor ezzel pr\u00f3b\u00e1lnak meg b\u00e1ntani\u201d \u2013 fogalmazott egy besz\u00e9lget\u00e9s sor\u00e1n. A versenyz\u0151 szerint mindenkinek van t\u00f6rt\u00e9nete, \u00e9s a m\u0171sor sz\u00e1m\u00e1ra arr\u00f3l kellene sz\u00f3lnia, ki mit tud a konyh\u00e1ban, nem pedig arr\u00f3l, hogy ki honnan j\u00f6tt. A pletyk\u00e1k szerint Lukasz fel akarja adni a versenyt!<\/h3>\n<p>Forr\u00e1s: MSN \/ FB \/ TTOK<\/p>\n<p>&#8211;<\/p>\n<p>Az akseler\u00e1tor k\u00e9s\u00e9se azonban \u00e9szrevehet\u0151, k\u00fcl\u00f6n\u00f6sen akkor, ha dinamikus vezet\u00e9sre v\u00e1gyunk. Ez a kis lag kb. 0,2-0,3 m\u00e1sodpercet jelent, ami a n\u00e9gyker\u00e9k-meghajt\u00e1s\u00fa modelln\u00e9l jobban \u00e9rezhet\u0151, mert ott az er\u0151sebb motorok ellen\u00e9re is elvesz a spontaneit\u00e1sb\u00f3l. Ez\u00e9rt javasoljuk a h\u00e1ts\u00f3ker\u00e9k-meghajt\u00e1s\u00fa verzi\u00f3t, amelynek 225 kW-os teljes\u00edtm\u00e9nye (kb. 301 l\u00f3er\u0151) b\u0151ven el\u00e9g ahhoz, hogy 0-100 km\/h-ra 5,1 m\u00e1sodperc alatt gyorsuljon, \u00e9s sim\u00e1n el\u0151zz\u00f6n a forgalomban. P\u00e9ld\u00e1ul egy k\u00f6rforgalomb\u00f3l kil\u00e9pve vagy egy l\u00e1mp\u00e1n\u00e1l indulva vill\u00e1mgyorsan reag\u00e1l, \u00edgy biztons\u00e1gosabb\u00e1 teszi a k\u00f6zleked\u00e9st s\u0171r\u0171 forgalomban. Ez a v\u00e1ltozat r\u00e1ad\u00e1sul k\u00f6nnyebb is, ami jav\u00edtja a hat\u00e9konys\u00e1got \u00e9s a kezelhet\u0151s\u00e9get.<\/p>\n<p>A f\u00e9kek kiv\u00e1l\u00f3s\u00e1ga a kateg\u00f3ri\u00e1ban kiemelked\u0151: a 360 mm-es els\u0151 t\u00e1rcs\u00e1k \u00e9s a j\u00f3l hangolt ABS rendszer miatt ak\u00e1r 100 km\/h-r\u00f3l 35-40 m\u00e9ter alatt meg\u00e1ll. A ped\u00e1l \u00e9rzete progressz\u00edv, vagyis eleinte finoman \u00e9p\u00fcl fel az er\u0151, azt\u00e1n line\u00e1risan er\u0151s\u00f6dik, ami ide\u00e1lis mind v\u00e1rosi lass\u00edt\u00e1shoz, mind v\u00e9szf\u00e9kez\u00e9sekhez. A regenerat\u00edv rendszer paddl\u00e9i pedig zseni\u00e1lisak \u2013 a B m\u00f3d teljes visszanyer\u00e9st jelent (one-pedal driving), ahol a g\u00e1z elenged\u00e9sekor az aut\u00f3 szinte azonnal lass\u00edt, ak\u00e1r 0,3g-s lassul\u00e1ssal, m\u00edg a D m\u00f3d gyeng\u00e9bb, hogy term\u00e9szetesebb legyen a vezet\u00e9s. Ez nem csak k\u00e9nyelmes, de sp\u00f3rol az akksival is, k\u00fcl\u00f6n\u00f6sen Budapest hepehup\u00e1s \u00fatjain, ahol gyakori a lass\u00edt\u00e1s-indul\u00e1s ciklus. Szerint\u00fcnk ez a funkci\u00f3 szabv\u00e1nyos lenne minden EV-ben, mert cs\u00f6kkenti a f\u00e9kek kop\u00e1s\u00e1t \u00e9s n\u00f6veli a hat\u00f3t\u00e1vols\u00e1got 5-10 sz\u00e1zal\u00e9kkal re\u00e1lis haszn\u00e1latban.<\/p>\n","protected":false},"excerpt":{"rendered":"<p>\u201eNem sz\u00e9g\/el\/em a m\u00faltamat, de nem szeretem, amikor ezzel pr\u00f3b\u00e1lnak meg b\u00e1ntani\u201d \u2013 fogalmazott egy besz\u00e9lget\u00e9s sor\u00e1n. A versenyz\u0151 szerint&#8230; <span class=\"gridview-grid-post-read-more\"><a href=\"https:\/\/matrend.hu\/maitrend\/?p=6681\">read more<span class=\"gridview-sr-only\"> D\u00f6bbenetes fordulat a S\u00e9fek S\u00e9fe-BEN<\/span><\/a><\/span><\/p>\n","protected":false},"author":1,"featured_media":6682,"comment_status":"open","ping_status":"open","sticky":false,"template":"","format":"standard","meta":{"footnotes":""},"categories":[1],"tags":[],"class_list":["post-6681","post","type-post","status-publish","format-standard","has-post-thumbnail","hentry","category-egyeb","wpcat-1-id"],"_links":{"self":[{"href":"https:\/\/matrend.hu\/maitrend\/index.php?rest_route=\/wp\/v2\/posts\/6681","targetHints":{"allow":["GET"]}}],"collection":[{"href":"https:\/\/matrend.hu\/maitrend\/index.php?rest_route=\/wp\/v2\/posts"}],"about":[{"href":"https:\/\/matrend.hu\/maitrend\/index.php?rest_route=\/wp\/v2\/types\/post"}],"author":[{"embeddable":true,"href":"https:\/\/matrend.hu\/maitrend\/index.php?rest_route=\/wp\/v2\/users\/1"}],"replies":[{"embeddable":true,"href":"https:\/\/matrend.hu\/maitrend\/index.php?rest_route=%2Fwp%2Fv2%2Fcomments&post=6681"}],"version-history":[{"count":1,"href":"https:\/\/matrend.hu\/maitrend\/index.php?rest_route=\/wp\/v2\/posts\/6681\/revisions"}],"predecessor-version":[{"id":6683,"href":"https:\/\/matrend.hu\/maitrend\/index.php?rest_route=\/wp\/v2\/posts\/6681\/revisions\/6683"}],"wp:featuredmedia":[{"embeddable":true,"href":"https:\/\/matrend.hu\/maitrend\/index.php?rest_route=\/wp\/v2\/media\/6682"}],"wp:attachment":[{"href":"https:\/\/matrend.hu\/maitrend\/index.php?rest_route=%2Fwp%2Fv2%2Fmedia&parent=6681"}],"wp:term":[{"taxonomy":"category","embeddable":true,"href":"https:\/\/matrend.hu\/maitrend\/index.php?rest_route=%2Fwp%2Fv2%2Fcategories&post=6681"},{"taxonomy":"post_tag","embeddable":true,"href":"https:\/\/matrend.hu\/maitrend\/index.php?rest_route=%2Fwp%2Fv2%2Ftags&post=6681"}],"curies":[{"name":"wp","href":"https:\/\/api.w.org\/{rel}","templated":true}]}}