{"id":6693,"date":"2026-03-15T08:25:07","date_gmt":"2026-03-15T07:25:07","guid":{"rendered":"https:\/\/matrend.hu\/maitrend\/?p=6693"},"modified":"2026-03-15T08:25:07","modified_gmt":"2026-03-15T07:25:07","slug":"nagy-baj-tortent-vomberg-frigyessel","status":"publish","type":"post","link":"https:\/\/matrend.hu\/maitrend\/?p=6693","title":{"rendered":"Nagy baj t\u00f6rt\u00e9nt Vomberg Frigyessel!"},"content":{"rendered":"<h3>A dr\u00e1ma ezzel m\u00e9g nem \u00e9rt v\u00e9get. A versenynek folytat\u00f3dnia kellett, de a piros csapat kapit\u00e1nya n\u00e9lk\u00fcl minden teljesen m\u00e1s lett. A versenyz\u0151k szemmel l\u00e1that\u00f3an megt\u00f6rtek, \u00e9s sokan att\u00f3l tartanak, hogy a nap esem\u00e9nyei v\u00e9gleg r\u00e1nyomj\u00e1k b\u00e9lyeg\u00fcket a csapat teljes\u00edtm\u00e9ny\u00e9re. \u00d6rd\u00f6g N\u00f3ra ugyan pr\u00f3b\u00e1lta megnyugtatni \u0151ket, mondv\u00e1n minden rendben lesz, de egyel\u0151re senki sem tudja biztosan, hogy Vomberg Frigyes mikor t\u00e9rhet vissza a S\u00e9fek S\u00e9fe konyh\u00e1j\u00e1ba. A k\u00e9rd\u00e9s most mindenkit ugyan\u00fagy foglalkoztat: vajon \u00fajra l\u00e1tjuk m\u00e9g a pirosak legend\u00e1s s\u00e9fj\u00e9t a zs\u0171ripult m\u00f6g\u00f6tt?<\/h3>\n<p>VIA Bors<\/p>\n<p>A Civic egyik legnagyobb er\u0151ss\u00e9ge a helyk\u00edn\u00e1lat. A kompakt kateg\u00f3ri\u00e1ban az aut\u00f3 az egyik legnagyobb m\u00e9ret\u0171 modell, ami k\u00fcl\u00f6n\u00f6sen a h\u00e1ts\u00f3 utasok sz\u00e1m\u00e1ra jelent el\u0151nyt. A h\u00e1ts\u00f3 l\u00e1bt\u00e9r t\u00e1gas, \u00edgy a feln\u0151ttek is k\u00e9nyelmesen elf\u00e9rnek, b\u00e1r a tet\u0151\u00edv miatt a fejt\u00e9r valamivel sz\u0171k\u00f6sebb lehet. A csomagtart\u00f3 415 literes, ami a kateg\u00f3ri\u00e1ban kifejezetten j\u00f3 \u00e9rt\u00e9k, lehajtott h\u00e1ts\u00f3 \u00fcl\u00e9sekkel pedig 1220 literes rakod\u00f3t\u00e9r \u00e1ll rendelkez\u00e9sre. Ez a praktikum a Civicet kiv\u00e1l\u00f3 csal\u00e1di aut\u00f3v\u00e1 teszi, amely hosszabb utaz\u00e1sokra is j\u00f3l haszn\u00e1lhat\u00f3.<\/p>\n<p>A fenntart\u00e1si k\u00f6lts\u00e9gek jelent\u0151sen elt\u00e9rhetnek a hibrid \u00e9s a sportv\u00e1ltozat k\u00f6z\u00f6tt. A hibrid Civic viszonylag takar\u00e9kos \u00e9s alacsonyabb biztos\u00edt\u00e1si kateg\u00f3ri\u00e1ba tartozik, m\u00edg a Type R j\u00f3val dr\u00e1g\u00e1bb \u00fczemeltet\u00e9s\u0171 modell. A hibrid v\u00e1ltozat biztos\u00edt\u00e1si besorol\u00e1sa jellemz\u0151en a 26\u201328-as csoportba esik, m\u00edg a Type R a 40 feletti kateg\u00f3ri\u00e1ba tartozik. A fogyaszt\u00e1sban is nagy a k\u00fcl\u00f6nbs\u00e9g: a hibrid k\u00f6nnyed\u00e9n hozhat 60 mpg k\u00f6r\u00fcli \u00e9rt\u00e9ket, m\u00edg a sportv\u00e1ltozat ink\u00e1bb 34 mpg k\u00f6r\u00fcl alakul.<\/p>\n<p>Haszn\u00e1ltan a modell \u00e1ra sem alacsony. Az els\u0151 p\u00e9ld\u00e1nyok 2022-ben jelentek meg, \u00e9s a korai aut\u00f3k \u00e1ra k\u00f6r\u00fclbel\u00fcl 20 ezer fontt\u00f3l indulhat, m\u00edg a Type R v\u00e1ltozat ak\u00e1r 40 ezer font k\u00f6r\u00fcl is lehet a haszn\u00e1lt piacon. Ez j\u00f3l mutatja, hogy a Civic tov\u00e1bbra is er\u0151s \u00e9rt\u00e9ktart\u00e1ssal rendelkezik, ami r\u00e9szben a Honda h\u00edrnev\u00e9nek \u00e9s a modell megb\u00edzhat\u00f3s\u00e1g\u00e1nak k\u00f6sz\u00f6nhet\u0151.<\/p>\n<p>A megb\u00edzhat\u00f3s\u00e1g a Civic egyik legfontosabb er\u0151ss\u00e9ge. A felm\u00e9r\u00e9sek szerint a jelenlegi gener\u00e1ci\u00f3 a csal\u00e1di aut\u00f3k k\u00f6z\u00f6tt kiemelked\u0151en j\u00f3l szerepel, \u00e9s a tulajdonosok t\u00f6bbs\u00e9ge probl\u00e9mamentes haszn\u00e1latr\u00f3l sz\u00e1mol be. A m\u00e1rka \u00e1ltal\u00e1ban er\u0151s eredm\u00e9nyeket \u00e9r el a megb\u00edzhat\u00f3s\u00e1gi list\u00e1kon, \u00e9s a legt\u00f6bb tulajdonos csak kisebb szoftverfriss\u00edt\u00e9sekkel vagy apr\u00f3 hib\u00e1kkal tal\u00e1lkozik. Ez a j\u00f3 h\u00edrn\u00e9v hozz\u00e1j\u00e1rul ahhoz, hogy a Civic sok v\u00e1s\u00e1rl\u00f3 sz\u00e1m\u00e1ra biztons\u00e1gos v\u00e1laszt\u00e1s legyen a haszn\u00e1lt aut\u00f3k piac\u00e1n.<\/p>\n","protected":false},"excerpt":{"rendered":"<p>A dr\u00e1ma ezzel m\u00e9g nem \u00e9rt v\u00e9get. A versenynek folytat\u00f3dnia kellett, de a piros csapat kapit\u00e1nya n\u00e9lk\u00fcl minden teljesen m\u00e1s&#8230; <span class=\"gridview-grid-post-read-more\"><a href=\"https:\/\/matrend.hu\/maitrend\/?p=6693\">read more<span class=\"gridview-sr-only\"> Nagy baj t\u00f6rt\u00e9nt Vomberg Frigyessel!<\/span><\/a><\/span><\/p>\n","protected":false},"author":1,"featured_media":6694,"comment_status":"open","ping_status":"open","sticky":false,"template":"","format":"standard","meta":{"footnotes":""},"categories":[1],"tags":[],"class_list":["post-6693","post","type-post","status-publish","format-standard","has-post-thumbnail","hentry","category-egyeb","wpcat-1-id"],"_links":{"self":[{"href":"https:\/\/matrend.hu\/maitrend\/index.php?rest_route=\/wp\/v2\/posts\/6693","targetHints":{"allow":["GET"]}}],"collection":[{"href":"https:\/\/matrend.hu\/maitrend\/index.php?rest_route=\/wp\/v2\/posts"}],"about":[{"href":"https:\/\/matrend.hu\/maitrend\/index.php?rest_route=\/wp\/v2\/types\/post"}],"author":[{"embeddable":true,"href":"https:\/\/matrend.hu\/maitrend\/index.php?rest_route=\/wp\/v2\/users\/1"}],"replies":[{"embeddable":true,"href":"https:\/\/matrend.hu\/maitrend\/index.php?rest_route=%2Fwp%2Fv2%2Fcomments&post=6693"}],"version-history":[{"count":1,"href":"https:\/\/matrend.hu\/maitrend\/index.php?rest_route=\/wp\/v2\/posts\/6693\/revisions"}],"predecessor-version":[{"id":6695,"href":"https:\/\/matrend.hu\/maitrend\/index.php?rest_route=\/wp\/v2\/posts\/6693\/revisions\/6695"}],"wp:featuredmedia":[{"embeddable":true,"href":"https:\/\/matrend.hu\/maitrend\/index.php?rest_route=\/wp\/v2\/media\/6694"}],"wp:attachment":[{"href":"https:\/\/matrend.hu\/maitrend\/index.php?rest_route=%2Fwp%2Fv2%2Fmedia&parent=6693"}],"wp:term":[{"taxonomy":"category","embeddable":true,"href":"https:\/\/matrend.hu\/maitrend\/index.php?rest_route=%2Fwp%2Fv2%2Fcategories&post=6693"},{"taxonomy":"post_tag","embeddable":true,"href":"https:\/\/matrend.hu\/maitrend\/index.php?rest_route=%2Fwp%2Fv2%2Ftags&post=6693"}],"curies":[{"name":"wp","href":"https:\/\/api.w.org\/{rel}","templated":true}]}}