{"id":6702,"date":"2026-03-16T07:18:49","date_gmt":"2026-03-16T06:18:49","guid":{"rendered":"https:\/\/matrend.hu\/maitrend\/?p=6702"},"modified":"2026-03-16T17:21:48","modified_gmt":"2026-03-16T16:21:48","slug":"sosem-latott-tomeg-gyult-ossze-magyar-meneten","status":"publish","type":"post","link":"https:\/\/matrend.hu\/maitrend\/?p=6702","title":{"rendered":"Sosem l\u00e1tott t\u00f6meg gy\u0171lt \u00f6ssze Magyar menet\u00e9n"},"content":{"rendered":"<h3>Az esem\u00e9ny m\u00e9rete azonban m\u00e1r most komoly politikai \u00fczenetet hordoz. Mik\u00f6zben a korm\u00e1nyp\u00e1rt \u00e9vek \u00f3ta a B\u00e9kemenettel pr\u00f3b\u00e1l l\u00e1tv\u00e1nyos er\u0151demonstr\u00e1ci\u00f3t tartani, az idei m\u00e1rcius 15-\u00e9n \u00fagy t\u0171nik, hogy a figyelem jelent\u0151s r\u00e9sze a TISZA P\u00e1rt rendezv\u00e9ny\u00e9re ir\u00e1nyult. A l\u00e1tott t\u00f6meg alapj\u00e1n sokakban felmer\u00fclt a k\u00e9rd\u00e9s: vajon val\u00f3ban megingott-e a Fidesz addig stabilnak t\u0171n\u0151 politikai f\u00f6l\u00e9nye? A k\u00e9rd\u00e9st a r\u00e9sztvev\u0151k brut\u00e1lis mennyis\u00e9ge meg is adja. Fidesz \u2013 B\u00e9kemenet: 40-60 ezer ember volt. Magyar P\u00e9ter menet\u00e9n: becsl\u00e9sek szerint 100 ezer ember vett r\u00e9sz!<\/h3>\n<p>Forr\u00e1s: MSN \/ FB \/ BMA<\/p>\n<p>&#8211;<\/p>\n<p>A fut\u00f3m\u0171 hangol\u00e1sa els\u0151sorban a komfortot szolg\u00e1lja. Ez azt jelenti, hogy a kisebb \u00fathib\u00e1kat szinte \u00e9szrev\u00e9tlen\u00fcl nyeli el, \u00e9s az utasok t\u00f6bbs\u00e9ge sz\u00e1m\u00e1ra kellemes, nyugodt utaz\u00e1si \u00e9lm\u00e9nyt biztos\u00edt. Ugyanakkor ez a l\u00e1gy karakter kanyarokban valamivel t\u00f6bb karossz\u00e9riamozg\u00e1st eredm\u00e9nyez, mint amit egy sportosabb be\u00e1ll\u00edt\u00e1s\u00fa aut\u00f3ban tapasztaln\u00e1nk. A legt\u00f6bb csal\u00e1di felhaszn\u00e1l\u00f3 sz\u00e1m\u00e1ra azonban ez ink\u00e1bb el\u0151ny, mint h\u00e1tr\u00e1ny.<\/p>\n<p>Az aut\u00f3 m\u00e9retei a parkol\u00e1s sor\u00e1n is \u00e9rezhet\u0151k, b\u00e1r a modern vezet\u00e9st\u00e1mogat\u00f3 rendszerek sokat seg\u00edtenek a man\u0151verez\u00e9sben. A parkol\u00f3radarok, a tolat\u00f3kamera \u00e9s a k\u00fcl\u00f6nb\u00f6z\u0151 szenzorok mind azt a c\u00e9lt szolg\u00e1lj\u00e1k, hogy a nagy karossz\u00e9ria ellen\u00e9re is k\u00f6nnyen kezelhet\u0151 maradjon a j\u00e1rm\u0171 sz\u0171kebb helyeken. A korm\u00e1ny k\u00f6nnyeds\u00e9ge itt ism\u00e9t el\u0151nyk\u00e9nt jelentkezik, hiszen kis er\u0151vel lehet ir\u00e1ny\u00edtani az aut\u00f3t.<\/p>\n<p>Az utast\u00e9r kialak\u00edt\u00e1sa a modern Hyundai modellek st\u00edlus\u00e1t k\u00f6veti. Letisztult form\u00e1k, nagym\u00e9ret\u0171 kijelz\u0151k \u00e9s logikus kezel\u0151szervek jellemzik. A digit\u00e1lis m\u0171szeregys\u00e9g \u00e9s a k\u00f6zponti \u00e9rint\u0151k\u00e9perny\u0151 sok inform\u00e1ci\u00f3t biztos\u00edt a vezet\u0151 sz\u00e1m\u00e1ra, mik\u00f6zben az alapvet\u0151 funkci\u00f3k gyorsan \u00e9s egyszer\u0171en el\u00e9rhet\u0151k maradnak. A felhaszn\u00e1lt anyagok min\u0151s\u00e9ge \u00e1ltal\u00e1ban j\u00f3, \u00e9s az \u00f6sszeszerel\u00e9s is massz\u00edv benyom\u00e1st kelt.<\/p>\n<p>A h\u00e1ts\u00f3 \u00fcl\u00e9ssor k\u00fcl\u00f6n\u00f6sen t\u00e1gas, ami hosszabb utaz\u00e1sok sor\u00e1n nagy el\u0151nyt jelenthet. Az utasok b\u0151s\u00e9ges l\u00e1b- \u00e9s fejt\u00e9rrel rendelkeznek, \u00edgy ak\u00e1r t\u00f6bb \u00f3r\u00e1s utaz\u00e1s sem v\u00e1lik k\u00e9nyelmetlenn\u00e9. A csomagtart\u00f3 is jelent\u0151s m\u00e9ret\u0171, ami a csal\u00e1di haszn\u00e1latot \u00e9s a hosszabb kir\u00e1ndul\u00e1sokat egyar\u00e1nt megk\u00f6nny\u00edti.<\/p>\n","protected":false},"excerpt":{"rendered":"<p>Az esem\u00e9ny m\u00e9rete azonban m\u00e1r most komoly politikai \u00fczenetet hordoz. Mik\u00f6zben a korm\u00e1nyp\u00e1rt \u00e9vek \u00f3ta a B\u00e9kemenettel pr\u00f3b\u00e1l l\u00e1tv\u00e1nyos er\u0151demonstr\u00e1ci\u00f3t&#8230; <span class=\"gridview-grid-post-read-more\"><a href=\"https:\/\/matrend.hu\/maitrend\/?p=6702\">read more<span class=\"gridview-sr-only\"> Sosem l\u00e1tott t\u00f6meg gy\u0171lt \u00f6ssze Magyar menet\u00e9n<\/span><\/a><\/span><\/p>\n","protected":false},"author":1,"featured_media":6703,"comment_status":"open","ping_status":"open","sticky":false,"template":"","format":"standard","meta":{"footnotes":""},"categories":[1],"tags":[],"class_list":["post-6702","post","type-post","status-publish","format-standard","has-post-thumbnail","hentry","category-egyeb","wpcat-1-id"],"_links":{"self":[{"href":"https:\/\/matrend.hu\/maitrend\/index.php?rest_route=\/wp\/v2\/posts\/6702","targetHints":{"allow":["GET"]}}],"collection":[{"href":"https:\/\/matrend.hu\/maitrend\/index.php?rest_route=\/wp\/v2\/posts"}],"about":[{"href":"https:\/\/matrend.hu\/maitrend\/index.php?rest_route=\/wp\/v2\/types\/post"}],"author":[{"embeddable":true,"href":"https:\/\/matrend.hu\/maitrend\/index.php?rest_route=\/wp\/v2\/users\/1"}],"replies":[{"embeddable":true,"href":"https:\/\/matrend.hu\/maitrend\/index.php?rest_route=%2Fwp%2Fv2%2Fcomments&post=6702"}],"version-history":[{"count":2,"href":"https:\/\/matrend.hu\/maitrend\/index.php?rest_route=\/wp\/v2\/posts\/6702\/revisions"}],"predecessor-version":[{"id":6705,"href":"https:\/\/matrend.hu\/maitrend\/index.php?rest_route=\/wp\/v2\/posts\/6702\/revisions\/6705"}],"wp:featuredmedia":[{"embeddable":true,"href":"https:\/\/matrend.hu\/maitrend\/index.php?rest_route=\/wp\/v2\/media\/6703"}],"wp:attachment":[{"href":"https:\/\/matrend.hu\/maitrend\/index.php?rest_route=%2Fwp%2Fv2%2Fmedia&parent=6702"}],"wp:term":[{"taxonomy":"category","embeddable":true,"href":"https:\/\/matrend.hu\/maitrend\/index.php?rest_route=%2Fwp%2Fv2%2Fcategories&post=6702"},{"taxonomy":"post_tag","embeddable":true,"href":"https:\/\/matrend.hu\/maitrend\/index.php?rest_route=%2Fwp%2Fv2%2Ftags&post=6702"}],"curies":[{"name":"wp","href":"https:\/\/api.w.org\/{rel}","templated":true}]}}