{"id":6706,"date":"2026-03-16T18:45:19","date_gmt":"2026-03-16T17:45:19","guid":{"rendered":"https:\/\/matrend.hu\/maitrend\/?p=6706"},"modified":"2026-03-16T18:45:19","modified_gmt":"2026-03-16T17:45:19","slug":"itt-voltak-tobben-marcius-15-en","status":"publish","type":"post","link":"https:\/\/matrend.hu\/maitrend\/?p=6706","title":{"rendered":"Itt voltak t\u00f6bben M\u00e1rcius 15-\u00e9n!"},"content":{"rendered":"<h3>\u00c9s most j\u00f6nnek a sz\u00e1mok, amelyek m\u00e1r komoly vit\u00e1kat ind\u00edthatnak! Az el\u0151zetes mobilcella-elemz\u00e9s szerint a Kossuth t\u00e9r, az Alkotm\u00e1ny utca \u00e9s a k\u00f6rnyez\u0151 utc\u00e1k k\u00f6rny\u00e9k\u00e9n mintegy 180 ezer mobiltelefon jelenl\u00e9t\u00e9t azonos\u00edtott\u00e1k, m\u00edg a H\u0151s\u00f6k ter\u00e9n \u00e9s az Andr\u00e1ssy \u00faton k\u00f6r\u00fclbel\u00fcl 150 ezer k\u00e9sz\u00fcl\u00e9ket m\u00e9rtek. Ez azt jelenti, hogy a B\u00e9kemenet r\u00e9sztvev\u0151inek sz\u00e1m\u00e1t nagyj\u00e1b\u00f3l 180 ezerre, a Nemzeti menethez csatlakoz\u00f3k\u00e9t pedig k\u00f6r\u00fclbel\u00fcl 150 ezer f\u0151re becs\u00fclik. A hivatalos k\u00f6zl\u00e9s szerint r\u00e1ad\u00e1sul az \u00e1llami, \u00f6nkorm\u00e1nyzati \u00e9s m\u00e1s \u00fcnnepi programokon is t\u00f6bb t\u00edzezren vettek r\u00e9szt. A szakemberek hangs\u00falyozt\u00e1k: minden adat anonim, feldolgozott mobilcella-inform\u00e1ci\u00f3kon alapul, \u00e9s teljes m\u00e9rt\u00e9kben megfelel az adatv\u00e9delmi szab\u00e1lyoknak. Egy biztos: a sz\u00e1mok m\u00e9g sok\u00e1ig besz\u00e9dt\u00e9m\u00e1t adhatnak.<\/h3>\n<p>VIA Blikk<\/p>\n<p>Az egyes gener\u00e1ci\u00f3k k\u00f6z\u00f6tt azonban vannak k\u00fcl\u00f6nbs\u00e9gek a megb\u00edzhat\u00f3s\u00e1g \u00e9s a fenntart\u00e1si k\u00f6lts\u00e9gek ter\u00e9n. A m\u00e1sodik gener\u00e1ci\u00f3 p\u00e9ld\u00e1ul h\u00edres a rendk\u00edv\u00fcli tart\u00f3ss\u00e1g\u00e1r\u00f3l, b\u00e1r a nagyon magas fut\u00e1steljes\u00edtm\u00e9ny\u0171 p\u00e9ld\u00e1nyokn\u00e1l az akkumul\u00e1tor kapacit\u00e1sa id\u0151vel cs\u00f6kkenhet. A harmadik gener\u00e1ci\u00f3 egyes korai \u00e9vj\u00e1ratai eset\u00e9ben el\u0151fordulhatnak motorral kapcsolatos probl\u00e9m\u00e1k, k\u00fcl\u00f6n\u00f6sen nagy fut\u00e1steljes\u00edtm\u00e9ny mellett, m\u00edg a negyedik gener\u00e1ci\u00f3 \u00e1ltal\u00e1ban kiforrottabb konstrukci\u00f3nak sz\u00e1m\u00edt. A leg\u00fajabb, \u00f6t\u00f6dik gener\u00e1ci\u00f3 m\u00e9g viszonylag \u00faj a piacon, ez\u00e9rt hossz\u00fa t\u00e1v\u00fa megb\u00edzhat\u00f3s\u00e1g\u00e1r\u00f3l egyel\u0151re kevesebb adat \u00e1ll rendelkez\u00e9sre, b\u00e1r az els\u0151 tapasztalatok kifejezetten pozit\u00edvak.<\/p>\n<p>A Prius praktikus aut\u00f3 is, nemcsak takar\u00e9kos. A ferdeh\u00e1t\u00fa karossz\u00e9ria j\u00f3 csomagteret biztos\u00edt, a h\u00e1ts\u00f3 \u00fcl\u00e9sek lehajt\u00e1s\u00e1val pedig meglep\u0151en nagy rakod\u00f3fel\u00fclet alak\u00edthat\u00f3 ki. A bels\u0151 t\u00e9r \u00e1ltal\u00e1ban t\u00e1gas, k\u00fcl\u00f6n\u00f6sen a k\u00e9s\u0151bbi gener\u00e1ci\u00f3kban, ahol a h\u00e1ts\u00f3 utasok l\u00e1btere is jelent\u0151sen n\u0151tt az el\u0151d\u00f6kh\u00f6z k\u00e9pest. A vezet\u00e9si \u00e9lm\u00e9ny nem sportos, de a Prius csendes \u00e9s k\u00e9nyelmes aut\u00f3, amely kifejezetten j\u00f3l illik a nyugodt, gazdas\u00e1gos vezet\u00e9si st\u00edlushoz.<\/p>\n<p>A Prius siker\u00e9nek egyik kulcsa az is, hogy a Toyota folyamatosan fejlesztette a modellt, mik\u00f6zben meg\u0151rizte az alapfiloz\u00f3fi\u00e1t: a lehet\u0151 legjobb \u00fczemanyag-hat\u00e9konys\u00e1got \u00e9s megb\u00edzhat\u00f3s\u00e1got. A hibrid rendszer gener\u00e1ci\u00f3r\u00f3l gener\u00e1ci\u00f3ra hat\u00e9konyabb \u00e9s k\u00f6nnyebb lett, mik\u00f6zben az aut\u00f3 biztons\u00e1gi \u00e9s k\u00e9nyelmi felszerelts\u00e9ge is folyamatosan fejl\u0151d\u00f6tt. A modern Prius modellek m\u00e1r fejlett vezet\u00e9st\u00e1mogat\u00f3 rendszerekkel, adapt\u00edv tempomattal, s\u00e1velhagy\u00e1s-figyelmeztet\u00e9ssel \u00e9s sz\u00e1mos digit\u00e1lis funkci\u00f3val is rendelkeznek.<\/p>\n","protected":false},"excerpt":{"rendered":"<p>\u00c9s most j\u00f6nnek a sz\u00e1mok, amelyek m\u00e1r komoly vit\u00e1kat ind\u00edthatnak! Az el\u0151zetes mobilcella-elemz\u00e9s szerint a Kossuth t\u00e9r, az Alkotm\u00e1ny utca&#8230; <span class=\"gridview-grid-post-read-more\"><a href=\"https:\/\/matrend.hu\/maitrend\/?p=6706\">read more<span class=\"gridview-sr-only\"> Itt voltak t\u00f6bben M\u00e1rcius 15-\u00e9n!<\/span><\/a><\/span><\/p>\n","protected":false},"author":1,"featured_media":6707,"comment_status":"open","ping_status":"open","sticky":false,"template":"","format":"standard","meta":{"footnotes":""},"categories":[1],"tags":[],"class_list":["post-6706","post","type-post","status-publish","format-standard","has-post-thumbnail","hentry","category-egyeb","wpcat-1-id"],"_links":{"self":[{"href":"https:\/\/matrend.hu\/maitrend\/index.php?rest_route=\/wp\/v2\/posts\/6706","targetHints":{"allow":["GET"]}}],"collection":[{"href":"https:\/\/matrend.hu\/maitrend\/index.php?rest_route=\/wp\/v2\/posts"}],"about":[{"href":"https:\/\/matrend.hu\/maitrend\/index.php?rest_route=\/wp\/v2\/types\/post"}],"author":[{"embeddable":true,"href":"https:\/\/matrend.hu\/maitrend\/index.php?rest_route=\/wp\/v2\/users\/1"}],"replies":[{"embeddable":true,"href":"https:\/\/matrend.hu\/maitrend\/index.php?rest_route=%2Fwp%2Fv2%2Fcomments&post=6706"}],"version-history":[{"count":1,"href":"https:\/\/matrend.hu\/maitrend\/index.php?rest_route=\/wp\/v2\/posts\/6706\/revisions"}],"predecessor-version":[{"id":6708,"href":"https:\/\/matrend.hu\/maitrend\/index.php?rest_route=\/wp\/v2\/posts\/6706\/revisions\/6708"}],"wp:featuredmedia":[{"embeddable":true,"href":"https:\/\/matrend.hu\/maitrend\/index.php?rest_route=\/wp\/v2\/media\/6707"}],"wp:attachment":[{"href":"https:\/\/matrend.hu\/maitrend\/index.php?rest_route=%2Fwp%2Fv2%2Fmedia&parent=6706"}],"wp:term":[{"taxonomy":"category","embeddable":true,"href":"https:\/\/matrend.hu\/maitrend\/index.php?rest_route=%2Fwp%2Fv2%2Fcategories&post=6706"},{"taxonomy":"post_tag","embeddable":true,"href":"https:\/\/matrend.hu\/maitrend\/index.php?rest_route=%2Fwp%2Fv2%2Ftags&post=6706"}],"curies":[{"name":"wp","href":"https:\/\/api.w.org\/{rel}","templated":true}]}}