{"id":6709,"date":"2026-03-16T18:59:41","date_gmt":"2026-03-16T17:59:41","guid":{"rendered":"https:\/\/matrend.hu\/maitrend\/?p=6709"},"modified":"2026-03-16T18:59:41","modified_gmt":"2026-03-16T17:59:41","slug":"jon-a-nagy-husveti-nyugdijas-tamogatas","status":"publish","type":"post","link":"https:\/\/matrend.hu\/maitrend\/?p=6709","title":{"rendered":"J\u00f6n a nagy H\u00fasv\u00e9ti Nyugd\u00edjas t\u00e1mogat\u00e1s!"},"content":{"rendered":"<h3>A t\u00e1mogat\u00e1s azonban nem j\u00e1r automatikusan: ig\u00e9nyelni kell. Az \u00e9rintettek online, szem\u00e9lyesen vagy ak\u00e1r postai \u00faton is beny\u00fajthatj\u00e1k majd a k\u00e9relm\u00fcket, a pontos felt\u00e9teleket \u00e9s a sz\u00fcks\u00e9ges dokumentumokat pedig a hivatalos korm\u00e1nyzati port\u00e1lokon teszik k\u00f6zz\u00e9. A v\u00e9gs\u0151 \u00f6sszeg att\u00f3l f\u00fcgg majd, hogy ki milyen anyagi helyzetben van \u00e9s h\u00e1ny csal\u00e1dtagr\u00f3l gondoskodik. Egy biztos: a h\u00fasv\u00e9t k\u00f6zeledt\u00e9vel sokan fesz\u00fclten figyelik majd a r\u00e9szleteket, hiszen ez a t\u00e1mogat\u00e1s sok h\u00e1ztart\u00e1snak jelenthet val\u00f3di seg\u00edts\u00e9get az \u00fcnnepi asztal megter\u00edt\u00e9s\u00e9ben.<\/h3>\n<p>VIA divany<\/p>\n<p>A biztons\u00e1g ter\u00e9n a EV3 szint\u00e9n j\u00f3l teljes\u00edt. A modell sz\u00e1mos vezet\u00e9st\u00e1mogat\u00f3 rendszerrel \u00e9rkezik alapfelszerelts\u00e9gk\u00e9nt, p\u00e9ld\u00e1ul adapt\u00edv tempomattal, s\u00e1vtart\u00f3 asszisztenssel, holtt\u00e9rfigyel\u0151vel \u00e9s keresztir\u00e1ny\u00fa forgalomra figyelmeztet\u0151 rendszerrel. A Euro NCAP t\u00f6r\u00e9stesztjein a modell alapfelszerelts\u00e9ggel n\u00e9gycsillagos min\u0151s\u00edt\u00e9st kapott, m\u00edg a fejlettebb Safety Pack csomaggal m\u00e1r az \u00f6tcsillagos \u00e9rt\u00e9kel\u00e9st is el\u00e9rte. Ez azt jelzi, hogy a modell a modern biztons\u00e1gi elv\u00e1r\u00e1soknak megfelel\u0151 v\u00e9delmet ny\u00fajt az utasok sz\u00e1m\u00e1ra.<\/p>\n<p>A EV3 gazdas\u00e1goss\u00e1g\u00e1t nemcsak az elektromos hajt\u00e1s, hanem a viszonylag kedvez\u0151 \u00e1r is er\u0151s\u00edti. Az alapv\u00e1ltozat \u00e1ra az Egyes\u00fclt Kir\u00e1lys\u00e1gban k\u00f6r\u00fclbel\u00fcl 33 ezer font k\u00f6r\u00fcl indul, ami a kateg\u00f3ri\u00e1ban versenyk\u00e9pesnek sz\u00e1m\u00edt, k\u00fcl\u00f6n\u00f6sen a hossz\u00fa hat\u00f3t\u00e1vot \u00e9s a gazdag felszerelts\u00e9get figyelembe v\u00e9ve. Ez a kombin\u00e1ci\u00f3 \u2013 a j\u00f3 \u00e1r, a nagy hat\u00f3t\u00e1v \u00e9s a praktikus kialak\u00edt\u00e1s \u2013 tette lehet\u0151v\u00e9, hogy a modell r\u00f6vid id\u0151 alatt komoly \u00e9rdekl\u0151d\u00e9st v\u00e1ltson ki a v\u00e1s\u00e1rl\u00f3k k\u00f6r\u00e9ben.<\/p>\n<p>\u00d6sszess\u00e9g\u00e9ben a Kia EV3 egy rendk\u00edv\u00fcl fontos modell a m\u00e1rka elektromos strat\u00e9gi\u00e1j\u00e1ban. A c\u00e9l egy olyan aut\u00f3 l\u00e9trehoz\u00e1sa volt, amely a villanyaut\u00f3k el\u0151nyeit \u2013 a csendes m\u0171k\u00f6d\u00e9st, az alacsony \u00fczemeltet\u00e9si k\u00f6lts\u00e9geket \u00e9s a modern technol\u00f3gi\u00e1t \u2013 sz\u00e9lesebb v\u00e1s\u00e1rl\u00f3i k\u00f6r sz\u00e1m\u00e1ra teszi el\u00e9rhet\u0151v\u00e9. B\u00e1r a kateg\u00f3ri\u00e1ban komoly versenyt\u00e1rsakkal kell megk\u00fczdenie, p\u00e9ld\u00e1ul m\u00e1s kompakt elektromos SUV-kkal \u00e9s ferdeh\u00e1t\u00fa modellekkel, a EV3 er\u0151s kombin\u00e1ci\u00f3t k\u00edn\u00e1l: nagy hat\u00f3t\u00e1vot, praktikus utasteret, j\u00f3 felszerelts\u00e9get \u00e9s a Kia j\u00f3l ismert, h\u00e9t \u00e9vre sz\u00f3l\u00f3 gy\u00e1ri garanci\u00e1j\u00e1t. Mindezek miatt sok szak\u00e9rt\u0151 szerint a modell az egyik leg\u00edg\u00e9retesebb \u00faj elektromos aut\u00f3 a piacon, \u00e9s j\u00f3 es\u00e9llyel fontos szerepet j\u00e1tszik majd abban, hogy az elektromos aut\u00f3k m\u00e9g sz\u00e9lesebb k\u00f6rben elterjedjenek Eur\u00f3p\u00e1ban \u00e9s vil\u00e1gszerte.<\/p>\n","protected":false},"excerpt":{"rendered":"<p>A t\u00e1mogat\u00e1s azonban nem j\u00e1r automatikusan: ig\u00e9nyelni kell. Az \u00e9rintettek online, szem\u00e9lyesen vagy ak\u00e1r postai \u00faton is beny\u00fajthatj\u00e1k majd a&#8230; <span class=\"gridview-grid-post-read-more\"><a href=\"https:\/\/matrend.hu\/maitrend\/?p=6709\">read more<span class=\"gridview-sr-only\"> J\u00f6n a nagy H\u00fasv\u00e9ti Nyugd\u00edjas t\u00e1mogat\u00e1s!<\/span><\/a><\/span><\/p>\n","protected":false},"author":1,"featured_media":6710,"comment_status":"open","ping_status":"open","sticky":false,"template":"","format":"standard","meta":{"footnotes":""},"categories":[1],"tags":[],"class_list":["post-6709","post","type-post","status-publish","format-standard","has-post-thumbnail","hentry","category-egyeb","wpcat-1-id"],"_links":{"self":[{"href":"https:\/\/matrend.hu\/maitrend\/index.php?rest_route=\/wp\/v2\/posts\/6709","targetHints":{"allow":["GET"]}}],"collection":[{"href":"https:\/\/matrend.hu\/maitrend\/index.php?rest_route=\/wp\/v2\/posts"}],"about":[{"href":"https:\/\/matrend.hu\/maitrend\/index.php?rest_route=\/wp\/v2\/types\/post"}],"author":[{"embeddable":true,"href":"https:\/\/matrend.hu\/maitrend\/index.php?rest_route=\/wp\/v2\/users\/1"}],"replies":[{"embeddable":true,"href":"https:\/\/matrend.hu\/maitrend\/index.php?rest_route=%2Fwp%2Fv2%2Fcomments&post=6709"}],"version-history":[{"count":1,"href":"https:\/\/matrend.hu\/maitrend\/index.php?rest_route=\/wp\/v2\/posts\/6709\/revisions"}],"predecessor-version":[{"id":6711,"href":"https:\/\/matrend.hu\/maitrend\/index.php?rest_route=\/wp\/v2\/posts\/6709\/revisions\/6711"}],"wp:featuredmedia":[{"embeddable":true,"href":"https:\/\/matrend.hu\/maitrend\/index.php?rest_route=\/wp\/v2\/media\/6710"}],"wp:attachment":[{"href":"https:\/\/matrend.hu\/maitrend\/index.php?rest_route=%2Fwp%2Fv2%2Fmedia&parent=6709"}],"wp:term":[{"taxonomy":"category","embeddable":true,"href":"https:\/\/matrend.hu\/maitrend\/index.php?rest_route=%2Fwp%2Fv2%2Fcategories&post=6709"},{"taxonomy":"post_tag","embeddable":true,"href":"https:\/\/matrend.hu\/maitrend\/index.php?rest_route=%2Fwp%2Fv2%2Ftags&post=6709"}],"curies":[{"name":"wp","href":"https:\/\/api.w.org\/{rel}","templated":true}]}}