{"id":6712,"date":"2026-03-16T19:52:54","date_gmt":"2026-03-16T18:52:54","guid":{"rendered":"https:\/\/matrend.hu\/maitrend\/?p=6712"},"modified":"2026-03-16T19:52:54","modified_gmt":"2026-03-16T18:52:54","slug":"oriasit-hibazott-eloben-curtis","status":"publish","type":"post","link":"https:\/\/matrend.hu\/maitrend\/?p=6712","title":{"rendered":"\u00d3ri\u00e1sit hib\u00e1zott \u00e9l\u0151ben Curtis!"},"content":{"rendered":"<h3>A rapper v\u00e9g\u00fcl a m\u0171sor ut\u00e1n \u00fagy \u00e9rezte, meg kell sz\u00f3lalnia a bakir\u00f3l. Egy bejegyz\u00e9sben magyar\u00e1zta el, milyen elk\u00e9peszt\u0151en s\u0171r\u0171 h\u00e9t \u00e1ll m\u00f6g\u00f6tte: \u00f6t pr\u00f3ba \u00e9s h\u00e1rom fell\u00e9p\u00e9s, r\u00e1ad\u00e1sul vas\u00e1rnap m\u00e1r hajnalban kelt. Mint \u00edrta, a dalt term\u00e9szetesen tudta, mind\u00f6ssze egy sor cs\u00faszott el, amit a kimer\u00fclts\u00e9g sz\u00e1ml\u00e1j\u00e1ra \u00edr. Curtis azt is hangs\u00falyozta, hogy a produkci\u00f3t a pr\u00f3b\u00e1kon rengetegszer hib\u00e1tlanul el\u0151adt\u00e1k, \u00e9s a k\u00f6vetkez\u0151 hetek sem lesznek k\u00f6nnyebbek: \u00fajabb pr\u00f3b\u00e1k \u00e9s fell\u00e9p\u00e9sek v\u00e1rnak r\u00e1. Egy dolgot azonban meg\u00edg\u00e9rt a rajong\u00f3knak \u2013 mindent megtesz az\u00e9rt, hogy legk\u00f6zelebb m\u00e1r hib\u00e1tlan produkci\u00f3val \u00e1lljon sz\u00ednpadra.<\/h3>\n<p>VIA Blikk<\/p>\n<p>A Panda harmadik gener\u00e1ci\u00f3ja m\u00e1r radik\u00e1lisan elt\u00e9r\u0151 megk\u00f6zel\u00edt\u00e9st jelentett. A Fiat felismerte, hogy a v\u00e1rosi k\u00f6zleked\u00e9s ig\u00e9nyei az \u201980\u2011as \u00e9vekhez k\u00e9pest l\u00e9nyegesen megv\u00e1ltoztak, ez\u00e9rt az \u00faj modell m\u00e1r magasabb tet\u0151vonalat, nagyobb bels\u0151 teret \u00e9s hat\u00e9konyabb haszn\u00e1lhat\u00f3s\u00e1got k\u00edn\u00e1lt. A h\u00e1ts\u00f3 oldals\u00f3 ajt\u00f3k megjelen\u00e9se r\u00e9v\u00e9n a Panda egy val\u00f3di \u201emini\u2011MPV\u201d jelleg\u0171 j\u00e1rm\u0171v\u00e9 v\u00e1lt, amely a csal\u00e1di haszn\u00e1latban is versenyk\u00e9pes volt. A m\u0171szerfal m\u00e1r nem csup\u00e1n minim\u00e1lis m\u0171szaki elemekb\u0151l \u00e1llt, hanem ergonomikusabb, k\u00f6nnyebben kezelhet\u0151 vez\u00e9rl\u0151kkel \u00e9s olyan megold\u00e1sokkal, amelyek a korabeli v\u00e1rosi kisaut\u00f3k piac\u00e1n kiemelkedtek. Ez a gener\u00e1ci\u00f3 hozta mag\u00e1val a Panda 100HP v\u00e1ltozatot is, amely egy 1,4\u2011literes motorral \u00e9s hatfokozat\u00fa v\u00e1lt\u00f3val szerelt, kimondottan \u00e9lvezetes, lend\u00fcletes kisaut\u00f3 volt, amely a kateg\u00f3ria sportosabb oldal\u00e1t k\u00e9pviselte, mik\u00f6zben meg\u0151rizte a Panda karakter\u00e9t. Az ilyen v\u00e1ltozatok k\u00fcl\u00f6n\u00f6sen n\u00e9pszer\u0171ek lettek az aut\u00f3rajong\u00f3k k\u00f6r\u00e9ben, mert a kis aut\u00f3 gyorsul\u00e1si \u00e9s menettulajdons\u00e1ga a korabeli \u201ehot hatch\u201d modellekkel is versenyk\u00e9pesen tudott teljes\u00edteni.<\/p>\n<p>A negyedik gener\u00e1ci\u00f3 m\u00e1r ism\u00e9t a technikai moderniz\u00e1ci\u00f3 ir\u00e1ny\u00e1ba l\u00e9pett. Ebben a v\u00e1ltozatban a Panda sokkal komolyabb \u00fcgyet csin\u00e1lt az olyan t\u00e9nyez\u0151kb\u0151l, mint a k\u00e9nyelem, a zajcsillap\u00edt\u00e1s \u00e9s a m\u0171szaki finoms\u00e1g. A Fiat \u201esquircle\u201d tervez\u00e9si nyelvet alkalmazott \u2014 amely a sz\u00f6gletes form\u00e1kat l\u00e1gy\u00edtott, m\u00e9gis karakteres vonalakk\u00e1 alak\u00edtotta \u2014, ami egyszerre tette bar\u00e1ts\u00e1goss\u00e1 \u00e9s funkcion\u00e1liss\u00e1 az aut\u00f3 megjelen\u00e9s\u00e9t. Motorjai k\u00f6z\u00e9 tartozott a turb\u00f3felt\u00f6lt\u00e9s\u0171 TwinAir egys\u00e9g is, amely kis k\u00f6bcentiben nagy nyomat\u00e9kot \u00e9s j\u00f3 reakci\u00f3k\u00e9szs\u00e9get biztos\u00edtott, mik\u00f6zben a mild\u2011hibrid technol\u00f3gia megjelen\u00e9se a fogyaszt\u00e1s cs\u00f6kkent\u00e9s\u00e9t \u00e9s a vezet\u00e9si komfort n\u00f6vel\u00e9s\u00e9t szolg\u00e1lta. A bels\u0151 t\u00e9rben a k\u00e9zre \u00e1ll\u00f3 v\u00e1lt\u00f3kar, a k\u00f6nny\u0171 korm\u00e1nyz\u00e1s \u00e9s a vil\u00e1gos, \u00e1tl\u00e1that\u00f3 kezel\u0151szervek mind azt mutatt\u00e1k, hogy a Panda most m\u00e1r nem csup\u00e1n olcs\u00f3 \u00e9s egyszer\u0171, hanem egy teljesen \u201emodern\u201d kisaut\u00f3k\u00e9nt is k\u00e9pes meg\u00e1llni a hely\u00e9t.<\/p>\n<p>Az\u00f3ta el\u00e9rkezt\u00fcnk a \u00f6t\u00f6dik, Grande Panda gener\u00e1ci\u00f3hoz, amely a m\u00e9reteiben tov\u00e1bb n\u00f6vekedett, de m\u00e9g mindig meg\u0151rizte a Panda\u2011csal\u00e1d egyedi karakter\u00e9t: praktikum, \u00e9l\u00e9nk szem\u00e9lyis\u00e9g \u00e9s megfizethet\u0151s\u00e9g. Az \u00faj modell \u2014 mik\u00f6zben modern, eszt\u00e9tikus form\u00e1kat \u00e9s stiliz\u00e1lt r\u00e9szleteket kapott \u2014 \u2014 a kor\u00e1bbi er\u00e9nyeket is tov\u00e1bbviszi, mint a j\u00f3 helyk\u00edn\u00e1lat, a t\u00e1gas bels\u0151 t\u00e9r \u00e9s a h\u00e9tk\u00f6znapi haszn\u00e1lhat\u00f3s\u00e1g. A Grande Panda leg\u00fajabb verzi\u00f3it m\u00e1r mild\u2011hibrid hajt\u00e1ssal szerelik, amely egy 1,2\u2011literes motor \u00e9s egy kis teljes\u00edtm\u00e9ny\u0171 elektromos seg\u00e9dmotor kombin\u00e1ci\u00f3ja, m\u00e9ghozz\u00e1 hatfokozat\u00fa automata v\u00e1lt\u00f3val p\u00e1ros\u00edtva. Ez a rendszer hat\u00e9konyabb \u00fczemanyag\u2011felhaszn\u00e1l\u00e1st \u00e9s sim\u00e1bb indul\u00e1st tesz lehet\u0151v\u00e9, valamint a v\u00e1rosi forgalomban k\u00e9nyelmesebb, finomabb vezet\u00e9si \u00e9lm\u00e9nyt biztos\u00edt. A diz\u00e1jn \u2014 bele\u00e9rtve a pixel\u2011st\u00edlus\u00fa f\u00e9nysz\u00f3r\u00f3kat \u00e9s a karakteresen kidolgozott h\u00e1ts\u00f3 l\u00e1mp\u00e1kat \u2014 modern hangulatot ad a kis aut\u00f3nak, mik\u00f6zben a Panda klasszikus hangulat\u00e1t id\u00e9z\u0151 r\u00e9szletek r\u00e9v\u00e9n meg\u0151rzi azt a karaktert, amelyhez az \u00e9vtizedek sor\u00e1n ennyien ragaszkodtak.<\/p>\n","protected":false},"excerpt":{"rendered":"<p>A rapper v\u00e9g\u00fcl a m\u0171sor ut\u00e1n \u00fagy \u00e9rezte, meg kell sz\u00f3lalnia a bakir\u00f3l. Egy bejegyz\u00e9sben magyar\u00e1zta el, milyen elk\u00e9peszt\u0151en s\u0171r\u0171&#8230; <span class=\"gridview-grid-post-read-more\"><a href=\"https:\/\/matrend.hu\/maitrend\/?p=6712\">read more<span class=\"gridview-sr-only\"> \u00d3ri\u00e1sit hib\u00e1zott \u00e9l\u0151ben Curtis!<\/span><\/a><\/span><\/p>\n","protected":false},"author":1,"featured_media":6713,"comment_status":"open","ping_status":"open","sticky":false,"template":"","format":"standard","meta":{"footnotes":""},"categories":[1],"tags":[],"class_list":["post-6712","post","type-post","status-publish","format-standard","has-post-thumbnail","hentry","category-egyeb","wpcat-1-id"],"_links":{"self":[{"href":"https:\/\/matrend.hu\/maitrend\/index.php?rest_route=\/wp\/v2\/posts\/6712","targetHints":{"allow":["GET"]}}],"collection":[{"href":"https:\/\/matrend.hu\/maitrend\/index.php?rest_route=\/wp\/v2\/posts"}],"about":[{"href":"https:\/\/matrend.hu\/maitrend\/index.php?rest_route=\/wp\/v2\/types\/post"}],"author":[{"embeddable":true,"href":"https:\/\/matrend.hu\/maitrend\/index.php?rest_route=\/wp\/v2\/users\/1"}],"replies":[{"embeddable":true,"href":"https:\/\/matrend.hu\/maitrend\/index.php?rest_route=%2Fwp%2Fv2%2Fcomments&post=6712"}],"version-history":[{"count":1,"href":"https:\/\/matrend.hu\/maitrend\/index.php?rest_route=\/wp\/v2\/posts\/6712\/revisions"}],"predecessor-version":[{"id":6715,"href":"https:\/\/matrend.hu\/maitrend\/index.php?rest_route=\/wp\/v2\/posts\/6712\/revisions\/6715"}],"wp:featuredmedia":[{"embeddable":true,"href":"https:\/\/matrend.hu\/maitrend\/index.php?rest_route=\/wp\/v2\/media\/6713"}],"wp:attachment":[{"href":"https:\/\/matrend.hu\/maitrend\/index.php?rest_route=%2Fwp%2Fv2%2Fmedia&parent=6712"}],"wp:term":[{"taxonomy":"category","embeddable":true,"href":"https:\/\/matrend.hu\/maitrend\/index.php?rest_route=%2Fwp%2Fv2%2Fcategories&post=6712"},{"taxonomy":"post_tag","embeddable":true,"href":"https:\/\/matrend.hu\/maitrend\/index.php?rest_route=%2Fwp%2Fv2%2Ftags&post=6712"}],"curies":[{"name":"wp","href":"https:\/\/api.w.org\/{rel}","templated":true}]}}