{"id":6714,"date":"2026-03-16T20:01:04","date_gmt":"2026-03-16T19:01:04","guid":{"rendered":"https:\/\/matrend.hu\/maitrend\/?p=6714"},"modified":"2026-03-16T20:01:04","modified_gmt":"2026-03-16T19:01:04","slug":"hajnalban-jott-a-tragikus-hir","status":"publish","type":"post","link":"https:\/\/matrend.hu\/maitrend\/?p=6714","title":{"rendered":"Hajnalban j\u00f6tt a tragikus h\u00edr"},"content":{"rendered":"<h3>A rajong\u00f3k abban b\u00edznak, hogy Luk\u00e1sz k\u00e9pes lesz pozit\u00edvan tekinteni a j\u00f6v\u0151re, \u00e9s nem hagyja, hogy a kies\u00e9s meghat\u00e1rozza a tov\u00e1bbi \u00e9let\u00e9t. Egy azonban biztos: Luk\u00e1sz r\u00f6vid szerepl\u00e9se ellen\u00e9re is er\u0151s nyomot hagyott a n\u00e9z\u0151kben, \u00e9s sokan m\u00e1r most hi\u00e1nyolj\u00e1k azt az egyedi hangulatot, amit a m\u0171sorba hozott.<\/h3>\n<p>Forr\u00e1s: MSN \/ FB \/ TTOK<\/p>\n<p>&#8211;<\/p>\n<p>A Suzuki Vitara m\u00e1r t\u00f6bb mint egy \u00e9vtizede piacon van, \u00e9s kezd igaz\u00e1n l\u00e1tszani az \u00e9letkora, ha \u00f6sszehasonl\u00edtjuk a kis-k\u00f6zepes m\u00e9ret\u0171 SUV-kateg\u00f3ria riv\u00e1lisaival. Nincs semmi baj az hat\u00e9kony Boosterjet motorj\u00e1val vagy a f\u00fcrge kezelhet\u0151s\u00e9g\u00e9vel, de a fed\u00e9lzeti technol\u00f3gia \u00e9s az \u00e1ltal\u00e1nos elrendez\u00e9s ma m\u00e1r nem \u00e9ri el a kateg\u00f3riavezet\u0151k sz\u00ednvonal\u00e1t, mik\u00f6zben a belt\u00e9r helyk\u00edn\u00e1lata csak \u00e1tlagos. Ha hat\u00e9kony, mindennapi haszn\u00e1latra sz\u00e1nt sz\u00e1ll\u00edt\u00f3eszk\u00f6zt keresel, ami k\u00f6nnyed\u00e9n beillik az \u00e9letviteledbe, akkor \u00e9rdemes megn\u00e9zni, b\u00e1r el kell t\u0171rn\u00f6d a \u00e9rint\u0151k\u00e9perny\u0151s infotainment rendszert \u00e9s a t\u00f6bbi belt\u00e9ri furcsas\u00e1got. Amikor a negyedik gener\u00e1ci\u00f3s Suzuki Vitara 2015-ben megjelent a szalonokban, az igazi paradigmav\u00e1lt\u00e1st jelentett a c\u00e9g kis SUV-j\u00e1hoz. V\u00e9gleg elt\u0171nt a l\u00e9traalv\u00e1zas konstrukci\u00f3 \u00e9s a terepk\u00e9pess\u00e9gekre val\u00f3 f\u00f3kusz, helyette k\u00f6nnyebb, \u00f6nhord\u00f3 karossz\u00e9ria \u00e9rkezett, mik\u00f6zben az els\u0151ker\u00e9k-hajt\u00e1s lett a leggyakoribb drivetrain-konfigur\u00e1ci\u00f3. Ezek a v\u00e1ltoztat\u00e1sok arra szolg\u00e1ltak, hogy a Vitar\u00e1t sz\u00e9lesebb k\u00f6z\u00f6ns\u00e9g sz\u00e1m\u00e1ra vonz\u00f3v\u00e1 tegy\u00e9k, olyan tulajdons\u00e1gokkal, amelyekkel felveheti a versenyt a riv\u00e1lis kis SUV-kkal.<\/p>\n<p>T\u00f6bb mint egy \u00e9vtizeddel k\u00e9s\u0151bb a Vitara alapvet\u0151 szerkezete v\u00e1ltozatlan maradt, de rendszeres friss\u00edt\u00e9sekkel pr\u00f3b\u00e1lj\u00e1k frissen tartani. A legut\u00f3bbi among ezek egy \u00faj biztons\u00e1gi rendszercsomagot \u00e9s \u00e1tdolgozott felszerelts\u00e9gi szinteket hozott, mik\u00f6zben a k\u00fcls\u0151 friss\u00fclt \u00faj h\u0171t\u0151r\u00e1ccsal \u00e9s ker\u00e9kt\u00e1rcs\u00e1kkal. Bent mindk\u00e9t felszerelts\u00e9gi szinten (Motion \u00e9s Ultra) kilenccolos \u00e9rint\u0151k\u00e9perny\u0151s kijelz\u0151 \u00e9s vezet\u00e9k n\u00e9lk\u00fcli okostelefon-kapcsolat tal\u00e1lhat\u00f3. Az 1,4 literes Boosterjet turb\u00f3s benzinmotor 2020-ban ker\u00fclt a k\u00edn\u00e1latba, \u00e9s ma m\u00e1r ez az egyetlen motorv\u00e1laszt\u00e1s \u00faj Vitar\u00e1hoz.<\/p>\n","protected":false},"excerpt":{"rendered":"<p>A rajong\u00f3k abban b\u00edznak, hogy Luk\u00e1sz k\u00e9pes lesz pozit\u00edvan tekinteni a j\u00f6v\u0151re, \u00e9s nem hagyja, hogy a kies\u00e9s meghat\u00e1rozza a&#8230; <span class=\"gridview-grid-post-read-more\"><a href=\"https:\/\/matrend.hu\/maitrend\/?p=6714\">read more<span class=\"gridview-sr-only\"> Hajnalban j\u00f6tt a tragikus h\u00edr<\/span><\/a><\/span><\/p>\n","protected":false},"author":1,"featured_media":6716,"comment_status":"open","ping_status":"open","sticky":false,"template":"","format":"standard","meta":{"footnotes":""},"categories":[1],"tags":[],"class_list":["post-6714","post","type-post","status-publish","format-standard","has-post-thumbnail","hentry","category-egyeb","wpcat-1-id"],"_links":{"self":[{"href":"https:\/\/matrend.hu\/maitrend\/index.php?rest_route=\/wp\/v2\/posts\/6714","targetHints":{"allow":["GET"]}}],"collection":[{"href":"https:\/\/matrend.hu\/maitrend\/index.php?rest_route=\/wp\/v2\/posts"}],"about":[{"href":"https:\/\/matrend.hu\/maitrend\/index.php?rest_route=\/wp\/v2\/types\/post"}],"author":[{"embeddable":true,"href":"https:\/\/matrend.hu\/maitrend\/index.php?rest_route=\/wp\/v2\/users\/1"}],"replies":[{"embeddable":true,"href":"https:\/\/matrend.hu\/maitrend\/index.php?rest_route=%2Fwp%2Fv2%2Fcomments&post=6714"}],"version-history":[{"count":1,"href":"https:\/\/matrend.hu\/maitrend\/index.php?rest_route=\/wp\/v2\/posts\/6714\/revisions"}],"predecessor-version":[{"id":6717,"href":"https:\/\/matrend.hu\/maitrend\/index.php?rest_route=\/wp\/v2\/posts\/6714\/revisions\/6717"}],"wp:featuredmedia":[{"embeddable":true,"href":"https:\/\/matrend.hu\/maitrend\/index.php?rest_route=\/wp\/v2\/media\/6716"}],"wp:attachment":[{"href":"https:\/\/matrend.hu\/maitrend\/index.php?rest_route=%2Fwp%2Fv2%2Fmedia&parent=6714"}],"wp:term":[{"taxonomy":"category","embeddable":true,"href":"https:\/\/matrend.hu\/maitrend\/index.php?rest_route=%2Fwp%2Fv2%2Fcategories&post=6714"},{"taxonomy":"post_tag","embeddable":true,"href":"https:\/\/matrend.hu\/maitrend\/index.php?rest_route=%2Fwp%2Fv2%2Ftags&post=6714"}],"curies":[{"name":"wp","href":"https:\/\/api.w.org\/{rel}","templated":true}]}}