{"id":7159,"date":"2026-04-26T12:08:02","date_gmt":"2026-04-26T10:08:02","guid":{"rendered":"https:\/\/matrend.hu\/maitrend\/?p=7159"},"modified":"2026-04-26T12:08:02","modified_gmt":"2026-04-26T10:08:02","slug":"oriasi-fordulat-tortent-az-mnb-ugyben","status":"publish","type":"post","link":"https:\/\/matrend.hu\/maitrend\/?p=7159","title":{"rendered":"\u00d3ri\u00e1si fordulat t\u00f6rt\u00e9nt az MNB-\u00fcgyben!"},"content":{"rendered":"<h3>A nyomoz\u00e1s a K\u00f6zponti Nyomoz\u00f3 F\u0151\u00fcgy\u00e9szs\u00e9ghez ker\u00fcl. \u201cA b\u00fcntet\u0151elj\u00e1r\u00e1si t\u00f6rv\u00e9ny a nyomoz\u00e1st k\u00e9t r\u00e9szre osztja: felder\u00edt\u00e9si \u00e9s vizsg\u00e1lati szakaszra, ahol a v\u00e1laszt\u00f3vonalat a gyan\u00fas\u00edtotti kihallgat\u00e1s jelenti. A felder\u00edt\u00e9si szakaszban a nyomoz\u00e1s ura a nyomoz\u00f3 hat\u00f3s\u00e1g. Ilyenkor a nyomoz\u00e1s tervez\u00e9se, a nyomoz\u00e1si cselekm\u00e9nyek \u00fctemez\u00e9se, a gyan\u00fas\u00edt\u00e1s a nyomoz\u00f3 hat\u00f3s\u00e1g feladata \u00e9s felel\u0151ss\u00e9ge. Az \u00fcgy\u00e9szs\u00e9g a nyomoz\u00e1s ezen szakasz\u00e1ban kiz\u00e1r\u00f3lag a nyomozati cselekm\u00e9nyek t\u00f6rv\u00e9nyess\u00e9g\u00e9t vizsg\u00e1lhatja. A b\u00fcntet\u0151elj\u00e1r\u00e1si t\u00f6rv\u00e9ny nem teszi lehet\u0151v\u00e9, hogy nyomozati cselekm\u00e9nyek elv\u00e9gz\u00e9s\u00e9re utas\u00edt\u00e1st adjon vagy a nyomoz\u00e1s menet\u00e9t c\u00e9lszer\u0171s\u00e9gi szempontok alapj\u00e1n meghat\u00e1rozza. A F\u0151v\u00e1rosi F\u0151\u00fcgy\u00e9szs\u00e9g rendszeresen k\u00e9rt t\u00e1j\u00e9koztat\u00e1st az \u00fcgyben a nyomoz\u00f3 hat\u00f3s\u00e1gt\u00f3l, hogy t\u00f6rv\u00e9nyess\u00e9gi fel\u00fcgyeleti jogait gyakorolni tudja\u201d. K\u00f6zfinansz\u00edroz\u00e1s k\u00f6z\u00f6lte az \u00fcgy\u00e9szs\u00e9g. \u201eA nyomoz\u00f3 hat\u00f3s\u00e1g legut\u00f3bbi t\u00e1j\u00e9koztat\u00e1sa alapj\u00e1n arra a k\u00f6vetkeztet\u00e9sre jutott, hogy \u2013 az eddig elv\u00e9gzett nyomozati cselekm\u00e9nyeket is figyelembe v\u00e9ve \u2013 a tov\u00e1bbiakban a nyomoz\u00e1s szakszer\u0171s\u00e9ge \u00e9s id\u0151szer\u0171s\u00e9ge \u00fcgy\u00e9szs\u00e9gi nyomoz\u00e1s keret\u00e9ben biztos\u00edthat\u00f3. Minderre tekintettel Nagy G\u00e1bor B\u00e1lint legf\u0151bb \u00fcgy\u00e9sz rendelkez\u00e9se nyom\u00e1n a Legf\u0151bb \u00dcgy\u00e9szs\u00e9g a mai napon \u00fagy hat\u00e1rozott, hogy a nyomoz\u00e1st \u00fcgy\u00e9szs\u00e9gi hat\u00e1sk\u00f6rbe vonja, \u00e9s az \u00fcgyben a tov\u00e1bbiakban a K\u00f6zponti Nyomoz\u00f3 F\u0151\u00fcgy\u00e9szs\u00e9g j\u00e1r el\u201d \u2013 tudatt\u00e1k. \u201eA legf\u0151bb \u00fcgy\u00e9sz megv\u00e1rta m\u00e9g a Nemzeti Bank kirabl\u00f3i lel\u00e9pnek a lopott szajr\u00e9val. Semmit nem tett. Azt\u00e1n egy \u00e9v k\u00e9s\u00e9ssel az \u00fcgy\u00e9sz\u00e9ghez vonta a nyomoz\u00e1st\u2026Es\u0151 ut\u00e1n k\u00f6p\u00f6nyeg\u201d \u2013 \u00edrta az \u00fcggyel kapcsolatban Magyar P\u00e9tera FB oldal\u00e1n.<\/h3>\n<p>Forr\u00e1s: MSN \/ FB \/ MHZA<\/p>\n","protected":false},"excerpt":{"rendered":"<p>A nyomoz\u00e1s a K\u00f6zponti Nyomoz\u00f3 F\u0151\u00fcgy\u00e9szs\u00e9ghez ker\u00fcl. \u201cA b\u00fcntet\u0151elj\u00e1r\u00e1si t\u00f6rv\u00e9ny a nyomoz\u00e1st k\u00e9t r\u00e9szre osztja: felder\u00edt\u00e9si \u00e9s vizsg\u00e1lati szakaszra, ahol&#8230; <span class=\"gridview-grid-post-read-more\"><a href=\"https:\/\/matrend.hu\/maitrend\/?p=7159\">read more<span class=\"gridview-sr-only\"> \u00d3ri\u00e1si fordulat t\u00f6rt\u00e9nt az MNB-\u00fcgyben!<\/span><\/a><\/span><\/p>\n","protected":false},"author":1,"featured_media":7160,"comment_status":"open","ping_status":"open","sticky":false,"template":"","format":"standard","meta":{"footnotes":""},"categories":[1],"tags":[],"class_list":["post-7159","post","type-post","status-publish","format-standard","has-post-thumbnail","hentry","category-egyeb","wpcat-1-id"],"_links":{"self":[{"href":"https:\/\/matrend.hu\/maitrend\/index.php?rest_route=\/wp\/v2\/posts\/7159","targetHints":{"allow":["GET"]}}],"collection":[{"href":"https:\/\/matrend.hu\/maitrend\/index.php?rest_route=\/wp\/v2\/posts"}],"about":[{"href":"https:\/\/matrend.hu\/maitrend\/index.php?rest_route=\/wp\/v2\/types\/post"}],"author":[{"embeddable":true,"href":"https:\/\/matrend.hu\/maitrend\/index.php?rest_route=\/wp\/v2\/users\/1"}],"replies":[{"embeddable":true,"href":"https:\/\/matrend.hu\/maitrend\/index.php?rest_route=%2Fwp%2Fv2%2Fcomments&post=7159"}],"version-history":[{"count":1,"href":"https:\/\/matrend.hu\/maitrend\/index.php?rest_route=\/wp\/v2\/posts\/7159\/revisions"}],"predecessor-version":[{"id":7161,"href":"https:\/\/matrend.hu\/maitrend\/index.php?rest_route=\/wp\/v2\/posts\/7159\/revisions\/7161"}],"wp:featuredmedia":[{"embeddable":true,"href":"https:\/\/matrend.hu\/maitrend\/index.php?rest_route=\/wp\/v2\/media\/7160"}],"wp:attachment":[{"href":"https:\/\/matrend.hu\/maitrend\/index.php?rest_route=%2Fwp%2Fv2%2Fmedia&parent=7159"}],"wp:term":[{"taxonomy":"category","embeddable":true,"href":"https:\/\/matrend.hu\/maitrend\/index.php?rest_route=%2Fwp%2Fv2%2Fcategories&post=7159"},{"taxonomy":"post_tag","embeddable":true,"href":"https:\/\/matrend.hu\/maitrend\/index.php?rest_route=%2Fwp%2Fv2%2Ftags&post=7159"}],"curies":[{"name":"wp","href":"https:\/\/api.w.org\/{rel}","templated":true}]}}