{"id":7194,"date":"2026-04-28T16:44:01","date_gmt":"2026-04-28T14:44:01","guid":{"rendered":"https:\/\/matrend.hu\/maitrend\/?p=7194"},"modified":"2026-04-28T16:44:01","modified_gmt":"2026-04-28T14:44:01","slug":"ezentul-ennyibol-fog-elni-orban-viktor","status":"publish","type":"post","link":"https:\/\/matrend.hu\/maitrend\/?p=7194","title":{"rendered":"Ezent\u00fal ennyib\u0151l fog \u00e9lni Orb\u00e1n Viktor"},"content":{"rendered":"<h3>A hat\u00e1lyos t\u00f6rv\u00e9nyek alapj\u00e1n tekint\u00e9lyes \u00f6sszeggel t\u00e1vozhat a hatalomb\u00f3l. K\u00e9pvisel\u0151k\u00e9nt h\u00e1romhavi, minisztereln\u00f6kk\u00e9nt pedig hathavi v\u00e9gkiel\u00e9g\u00edt\u00e9s j\u00e1r neki, vagyis \u00f6sszesen elk\u00e9peszt\u0151 p\u00e9nz landolhat n\u00e1la. R\u00e1ad\u00e1sul a luxus itt m\u00e9g nem \u00e9r v\u00e9get. A jelenlegi szab\u00e1lyoz\u00e1s szerint volt minisztereln\u00f6kk\u00e9nt tov\u00e1bbi extra \u00e1llami juttat\u00e1sok illetik meg. Nemcsak a p\u00e9nz marad, hanem a k\u00e9nyelmi h\u00e1tt\u00e9r is hossz\u00fa \u00e9vekre biztos\u00edtott lehet sz\u00e1m\u00e1ra.<br \/>\nItt a d\u00f6bbenetes \u00f6sszeg: ennyi p\u00e9nzzel indulhat \u00faj \u00e9letet! MUTATJUK!<\/h3>\n<h3><span style=\"color: #ff0000;\"><strong>A h\u00edr nem \u00e9rt v\u00e9get! Folytat\u00e1shoz haszn\u00e1ld a K\u00d6VETKEZ\u0150 OLDAL gombot!<\/strong><\/span><\/h3>\n<h3 style=\"text-align: right;\"><a href=\"https:\/\/matrend.hu\/nekedinfo\/ezentul-ennyibol-fog-elni-orban-viktor\/\" target=\"_blank\" rel=\"noopener\"><span style=\"color: #ff0000;\">&#8212;&gt;&gt; K\u00d6VETKEZ\u0150 OLDAL<\/span><\/a><\/h3>\n<p>A helyk\u00edn\u00e1lat viszont egy\u00e9rtelm\u0171en az er\u0151ss\u00e9gei k\u00f6z\u00e9 tartozik. A h\u00e1ts\u00f3 sorban b\u0151s\u00e9ges l\u00e1b- \u00e9s fejt\u00e9r \u00e1ll rendelkez\u00e9sre, a padl\u00f3 s\u00edk, \u00edgy ak\u00e1r h\u00e1rom feln\u0151tt is k\u00e9nyelmesen elf\u00e9r. A csomagt\u00e9r 427 literes, ami b\u00e1r nem a legnagyobb a kateg\u00f3ri\u00e1ban, m\u00e9g mindig elegend\u0151 egy \u00e1tlagos csal\u00e1d sz\u00e1m\u00e1ra. Az utast\u00e9r vari\u00e1lhat\u00f3s\u00e1ga is j\u00f3, p\u00e9ld\u00e1ul a h\u00e1ts\u00f3 \u00fcl\u00e9sek d\u00f6nthet\u0151k, az els\u0151 \u00fcl\u00e9sek pedig ak\u00e1r teljesen h\u00e1tra is fektethet\u0151k, ami hosszabb utaz\u00e1sokn\u00e1l vagy pihen\u00e9sn\u00e9l j\u00f3l j\u00f6het.<\/p>\n<p>A moderns\u00e9g azonban nem minden t\u00e9ren v\u00e1lik el\u0151nny\u00e9. Az utast\u00e9rben szinte minden funkci\u00f3 a k\u00f6zponti \u00e9rint\u0151k\u00e9perny\u0151n kereszt\u00fcl vez\u00e9relhet\u0151, ami els\u0151re l\u00e1tv\u00e1nyos \u00e9s futurisztikus, de haszn\u00e1lat k\u00f6zben sokszor k\u00f6r\u00fclm\u00e9nyes \u00e9s elvonja a figyelmet az \u00fatr\u00f3l. A men\u00fcrendszer bonyolult, a fizikai gombok hi\u00e1nya pedig sok felhaszn\u00e1l\u00f3 sz\u00e1m\u00e1ra frusztr\u00e1l\u00f3 lehet, k\u00fcl\u00f6n\u00f6sen vezet\u00e9s k\u00f6zben. Emellett a biztons\u00e1gi asszisztensek is t\u00falzottan \u00e9rz\u00e9kenyek lehetnek, gyakori hangjelz\u00e9seikkel ink\u00e1bb zavar\u00f3ak, mint hasznosak.<\/p>\n<p>Az Aion V egy j\u00f3l \u00e1tgondolt, er\u0151s \u00e1r-\u00e9rt\u00e9k ar\u00e1ny\u00fa elektromos SUV, amely els\u0151sorban a felszerelts\u00e9g\u00e9vel, a t\u00e1gas bels\u0151 ter\u00e9vel \u00e9s a hossz\u00fa garanci\u00e1val pr\u00f3b\u00e1l kit\u0171nni a mez\u0151nyb\u0151l. Nem hib\u00e1tlan aut\u00f3: a vezet\u00e9si \u00e9lm\u00e9ny k\u00f6z\u00e9pszer\u0171, az infotainment rendszer pedig fejleszt\u00e9sre szorul, de a c\u00e9lk\u00f6z\u00f6ns\u00e9g sz\u00e1m\u00e1ra \u2013 akik egy k\u00e9nyelmes, j\u00f3l felszerelt \u00e9s kisz\u00e1m\u00edthat\u00f3 elektromos csal\u00e1di aut\u00f3t keresnek \u2013 kifejezetten vonz\u00f3 aj\u00e1nlat lehet. A k\u00ednai gy\u00e1rt\u00f3k t\u00e9rnyer\u00e9s\u00e9nek egyik \u00fajabb p\u00e9ld\u00e1ja, amely j\u00f3l mutatja, hogy ezek a m\u00e1rk\u00e1k m\u00e1r nemcsak olcs\u00f3 alternat\u00edv\u00e1t k\u00edn\u00e1lnak, hanem egyre ink\u00e1bb val\u00f3di versenyt\u00e1rsai a hagyom\u00e1nyos eur\u00f3pai \u00e9s koreai modelleknek.<\/p>\n","protected":false},"excerpt":{"rendered":"<p>A hat\u00e1lyos t\u00f6rv\u00e9nyek alapj\u00e1n tekint\u00e9lyes \u00f6sszeggel t\u00e1vozhat a hatalomb\u00f3l. K\u00e9pvisel\u0151k\u00e9nt h\u00e1romhavi, minisztereln\u00f6kk\u00e9nt pedig hathavi v\u00e9gkiel\u00e9g\u00edt\u00e9s j\u00e1r neki, vagyis \u00f6sszesen elk\u00e9peszt\u0151&#8230; <span class=\"gridview-grid-post-read-more\"><a href=\"https:\/\/matrend.hu\/maitrend\/?p=7194\">read more<span class=\"gridview-sr-only\"> Ezent\u00fal ennyib\u0151l fog \u00e9lni Orb\u00e1n Viktor<\/span><\/a><\/span><\/p>\n","protected":false},"author":1,"featured_media":7196,"comment_status":"open","ping_status":"open","sticky":false,"template":"","format":"standard","meta":{"footnotes":""},"categories":[1],"tags":[],"class_list":["post-7194","post","type-post","status-publish","format-standard","has-post-thumbnail","hentry","category-egyeb","wpcat-1-id"],"_links":{"self":[{"href":"https:\/\/matrend.hu\/maitrend\/index.php?rest_route=\/wp\/v2\/posts\/7194","targetHints":{"allow":["GET"]}}],"collection":[{"href":"https:\/\/matrend.hu\/maitrend\/index.php?rest_route=\/wp\/v2\/posts"}],"about":[{"href":"https:\/\/matrend.hu\/maitrend\/index.php?rest_route=\/wp\/v2\/types\/post"}],"author":[{"embeddable":true,"href":"https:\/\/matrend.hu\/maitrend\/index.php?rest_route=\/wp\/v2\/users\/1"}],"replies":[{"embeddable":true,"href":"https:\/\/matrend.hu\/maitrend\/index.php?rest_route=%2Fwp%2Fv2%2Fcomments&post=7194"}],"version-history":[{"count":1,"href":"https:\/\/matrend.hu\/maitrend\/index.php?rest_route=\/wp\/v2\/posts\/7194\/revisions"}],"predecessor-version":[{"id":7198,"href":"https:\/\/matrend.hu\/maitrend\/index.php?rest_route=\/wp\/v2\/posts\/7194\/revisions\/7198"}],"wp:featuredmedia":[{"embeddable":true,"href":"https:\/\/matrend.hu\/maitrend\/index.php?rest_route=\/wp\/v2\/media\/7196"}],"wp:attachment":[{"href":"https:\/\/matrend.hu\/maitrend\/index.php?rest_route=%2Fwp%2Fv2%2Fmedia&parent=7194"}],"wp:term":[{"taxonomy":"category","embeddable":true,"href":"https:\/\/matrend.hu\/maitrend\/index.php?rest_route=%2Fwp%2Fv2%2Fcategories&post=7194"},{"taxonomy":"post_tag","embeddable":true,"href":"https:\/\/matrend.hu\/maitrend\/index.php?rest_route=%2Fwp%2Fv2%2Ftags&post=7194"}],"curies":[{"name":"wp","href":"https:\/\/api.w.org\/{rel}","templated":true}]}}