{"id":7199,"date":"2026-04-28T18:05:45","date_gmt":"2026-04-28T16:05:45","guid":{"rendered":"https:\/\/matrend.hu\/maitrend\/?p=7199"},"modified":"2026-04-28T18:05:45","modified_gmt":"2026-04-28T16:05:45","slug":"brutal-sotet-jovot-josol-nostredamus-orban-viktornak","status":"publish","type":"post","link":"https:\/\/matrend.hu\/maitrend\/?p=7199","title":{"rendered":"Brut\u00e1l s\u00f6t\u00e9t j\u00f6v\u0151t j\u00f3sol Nostredamus Orb\u00e1n Viktornak!"},"content":{"rendered":"<h3>A fesz\u00fclts\u00e9get tov\u00e1bb n\u00f6velte, hogy Orb\u00e1n Viktor a veres\u00e9g ut\u00e1n bejelentette: nem \u00fcl be az \u00faj parlamentbe, ink\u00e1bb a jobboldal \u00fajj\u00e1szervez\u00e9s\u00e9re koncentr\u00e1l. Ez sokak szerint azt jelzi, hogy a h\u00e1tt\u00e9rb\u0151l pr\u00f3b\u00e1lhatja tov\u00e1bb ir\u00e1ny\u00edtani a folyamatokat.<br \/>\nK\u00f6zben ma \u00fajabb bombah\u00edr robbant: Orb\u00e1n felaj\u00e1nlotta lemond\u00e1s\u00e1t a Fidesz \u00e9l\u00e9r\u0151l, de a p\u00e1rt ezt nem fogadta el. Vagyis egyszerre l\u00e1tszik t\u00e1voz\u00f3nak \u00e9s megker\u00fclhetetlennek.<br \/>\nNostredamus egyik legt\u00f6bbet id\u00e9zett sora \u00edgy hangzik: \u201eA vez\u00e9r maradna, de a falak m\u00e1r repednek k\u00f6r\u00fcl\u00f6tte.\u201d Sokan ezt most a Fideszen bel\u00fcli bizonytalans\u00e1gra h\u00fazz\u00e1k r\u00e1.<br \/>\nA legs\u00f6t\u00e9tebb j\u00f3slat azonban m\u00e9g h\u00e1tra van, amit\u0151l mindenki \u00e1lla leesik! MUTATJUK!<\/h3>\n<h3><span style=\"color: #ff0000;\"><strong>A h\u00edr nem \u00e9rt v\u00e9get! Folytat\u00e1shoz haszn\u00e1ld a K\u00d6VETKEZ\u0150 OLDAL gombot!<\/strong><\/span><\/h3>\n<h3 style=\"text-align: right;\"><a href=\"https:\/\/matrend.hu\/nekedinfo\/brutal-sotet-jovot-josol-nostredamus-orban-viktornak\/\" target=\"_blank\" rel=\"noopener\"><span style=\"color: #ff0000;\">&#8212;&gt;&gt; K\u00d6VETKEZ\u0150 OLDAL<\/span><\/a><\/h3>\n<p>A vezet\u00e9si \u00e9lm\u00e9ny ink\u00e1bb a komfort fel\u00e9 billen, mint a sportoss\u00e1g fel\u00e9. A Tucson nem egy sportos SUV, \u00e9s nem is akar az lenni. A fut\u00f3m\u0171 hangol\u00e1sa kifejezetten k\u00e9nyelmes, a rug\u00f3z\u00e1s j\u00f3l elnyeli az \u00fathib\u00e1kat, \u00e9s hosszabb t\u00e1von is nyugodt, stresszmentes utaz\u00e1st biztos\u00edt. A korm\u00e1nyz\u00e1s k\u00f6nny\u0171, ami v\u00e1rosban el\u0151ny, de temp\u00f3sabb vezet\u00e9sn\u00e9l nem ad t\u00fal sok visszajelz\u00e9st. A motorok teljes\u00edtm\u00e9nye b\u0151ven elegend\u0151 a h\u00e9tk\u00f6znapi haszn\u00e1latra, de ha valaki sportos \u00e9lm\u00e9nyre v\u00e1gyik, akkor m\u00e1s modellek jobban megfelelnek. A Tucson karaktere ink\u00e1bb az \u201e\u00e9szszer\u0171 csal\u00e1di aut\u00f3\u201d, nem pedig az \u00e9lm\u00e9nyaut\u00f3 kateg\u00f3ri\u00e1ja.<\/p>\n<p>Az utast\u00e9rben a Hyundai egy\u00e9rtelm\u0171en a modern technol\u00f3gia \u00e9s a pr\u00e9mium hat\u00e1s kombin\u00e1ci\u00f3j\u00e1ra t\u00f6rekedett. A digit\u00e1lis m\u0171szeregys\u00e9g \u00e9s az infotainment rendszer l\u00e1tv\u00e1nyos, a kijelz\u0151k nagyok, \u00e9s a kezelhet\u0151s\u00e9g alapvet\u0151en logikus. Ugyanakkor vannak kompromisszumok is: bizonyos \u00e9rint\u00e9s\u00e9rz\u00e9keny kezel\u0151szervek nem mindenki sz\u00e1m\u00e1ra intuit\u00edvak, \u00e9s a fizikai gombok hi\u00e1nya n\u00e9ha rontja a haszn\u00e1lhat\u00f3s\u00e1got. Ennek ellen\u00e9re a bels\u0151 t\u00e9r \u00f6sszess\u00e9g\u00e9ben ig\u00e9nyes, \u00e9s sok r\u00e9szlet\u00e9ben val\u00f3ban dr\u00e1g\u00e1bb aut\u00f3nak \u00e9rz\u0151dik, mint amennyibe ker\u00fcl. A Hyundai c\u00e9lja itt egy\u00e9rtelm\u0171en az volt, hogy a Tucson ne csak praktikus, hanem vizu\u00e1lisan is vonz\u00f3 legyen.<\/p>\n<p>A biztons\u00e1g \u00e9s a felszerelts\u00e9g szint\u00e9n er\u0151s pont. A Tucson Euro NCAP tesztjein \u00f6tcsillagos eredm\u00e9nyt \u00e9rt el, ami a kateg\u00f3ri\u00e1ban alapelv\u00e1r\u00e1s, de a r\u00e9szletes eredm\u00e9nyek is j\u00f3k, k\u00fcl\u00f6n\u00f6sen a feln\u0151tt \u00e9s gyermekv\u00e9delem ter\u00fclet\u00e9n. A vezet\u00e9st\u00e1mogat\u00f3 rendszerek k\u00f6z\u00f6tt megtal\u00e1lhat\u00f3 az automatikus v\u00e9szf\u00e9kez\u00e9s, a s\u00e1vtart\u00f3 asszisztens, a holtt\u00e9rfigyel\u0151 \u00e9s sz\u00e1mos egy\u00e9b elektronikus seg\u00edts\u00e9g, amelyek a mindennapi haszn\u00e1latot biztons\u00e1gosabb\u00e1 \u00e9s k\u00e9nyelmesebb\u00e9 teszik.<\/p>\n","protected":false},"excerpt":{"rendered":"<p>A fesz\u00fclts\u00e9get tov\u00e1bb n\u00f6velte, hogy Orb\u00e1n Viktor a veres\u00e9g ut\u00e1n bejelentette: nem \u00fcl be az \u00faj parlamentbe, ink\u00e1bb a jobboldal&#8230; <span class=\"gridview-grid-post-read-more\"><a href=\"https:\/\/matrend.hu\/maitrend\/?p=7199\">read more<span class=\"gridview-sr-only\"> Brut\u00e1l s\u00f6t\u00e9t j\u00f6v\u0151t j\u00f3sol Nostredamus Orb\u00e1n Viktornak!<\/span><\/a><\/span><\/p>\n","protected":false},"author":1,"featured_media":7200,"comment_status":"open","ping_status":"open","sticky":false,"template":"","format":"standard","meta":{"footnotes":""},"categories":[1],"tags":[],"class_list":["post-7199","post","type-post","status-publish","format-standard","has-post-thumbnail","hentry","category-egyeb","wpcat-1-id"],"_links":{"self":[{"href":"https:\/\/matrend.hu\/maitrend\/index.php?rest_route=\/wp\/v2\/posts\/7199","targetHints":{"allow":["GET"]}}],"collection":[{"href":"https:\/\/matrend.hu\/maitrend\/index.php?rest_route=\/wp\/v2\/posts"}],"about":[{"href":"https:\/\/matrend.hu\/maitrend\/index.php?rest_route=\/wp\/v2\/types\/post"}],"author":[{"embeddable":true,"href":"https:\/\/matrend.hu\/maitrend\/index.php?rest_route=\/wp\/v2\/users\/1"}],"replies":[{"embeddable":true,"href":"https:\/\/matrend.hu\/maitrend\/index.php?rest_route=%2Fwp%2Fv2%2Fcomments&post=7199"}],"version-history":[{"count":1,"href":"https:\/\/matrend.hu\/maitrend\/index.php?rest_route=\/wp\/v2\/posts\/7199\/revisions"}],"predecessor-version":[{"id":7201,"href":"https:\/\/matrend.hu\/maitrend\/index.php?rest_route=\/wp\/v2\/posts\/7199\/revisions\/7201"}],"wp:featuredmedia":[{"embeddable":true,"href":"https:\/\/matrend.hu\/maitrend\/index.php?rest_route=\/wp\/v2\/media\/7200"}],"wp:attachment":[{"href":"https:\/\/matrend.hu\/maitrend\/index.php?rest_route=%2Fwp%2Fv2%2Fmedia&parent=7199"}],"wp:term":[{"taxonomy":"category","embeddable":true,"href":"https:\/\/matrend.hu\/maitrend\/index.php?rest_route=%2Fwp%2Fv2%2Fcategories&post=7199"},{"taxonomy":"post_tag","embeddable":true,"href":"https:\/\/matrend.hu\/maitrend\/index.php?rest_route=%2Fwp%2Fv2%2Ftags&post=7199"}],"curies":[{"name":"wp","href":"https:\/\/api.w.org\/{rel}","templated":true}]}}