{"id":7202,"date":"2026-04-28T18:35:14","date_gmt":"2026-04-28T16:35:14","guid":{"rendered":"https:\/\/matrend.hu\/maitrend\/?p=7202"},"modified":"2026-04-28T18:56:47","modified_gmt":"2026-04-28T16:56:47","slug":"magyar-peter-par-nap-alatt-megoldotta","status":"publish","type":"post","link":"https:\/\/matrend.hu\/maitrend\/?p=7202","title":{"rendered":"Magyar P\u00e9ter p\u00e1r nap alatt megoldotta"},"content":{"rendered":"<h3>Lehet, hogy nem is az volt a k\u00e9rd\u00e9s, hogy ki tudja megv\u00e9deni az orsz\u00e1got\u2026 hanem hogy egy\u00e1ltal\u00e1n volt-e mit\u0151l megv\u00e9deni? Fura \u00e9rz\u00e9s, amikor hirtelen csend lesz a nagy riogat\u00e1s ut\u00e1n. NEKED MI A V\u00c9LEM\u00c9NYED?<\/h3>\n<p>Forr\u00e1s: MSN \/ FB<\/p>\n<p>&#8211;<\/p>\n<p>A plug-in hibridek saj\u00e1toss\u00e1ga, hogy teljes\u00edtm\u00e9ny\u00fck \u00e9s hat\u00e9konys\u00e1guk nagyban f\u00fcgg a felhaszn\u00e1l\u00f3 szok\u00e1sait\u00f3l, \u00edgy aki nem t\u00f6lti rendszeresen az aut\u00f3t, az j\u00f3val szer\u00e9nyebb eredm\u00e9nyekre sz\u00e1m\u00edthat.<\/p>\n<p>A plug-in hibrid Niro egy 11,1 kWh kapacit\u00e1s\u00fa akkumul\u00e1tort haszn\u00e1l, amely ak\u00e1r 40 m\u00e9rf\u00f6ld tiszt\u00e1n elektromos hat\u00f3t\u00e1vols\u00e1got is lehet\u0151v\u00e9 tesz. Ha azonban a nagyobb kerekekkel szerelt 3-as vagy 4-es felszerelts\u00e9gi szintet v\u00e1lasztjuk, ez az \u00e9rt\u00e9k 38 m\u00e9rf\u00f6ldre cs\u00f6kken. A mindennapi haszn\u00e1lat sor\u00e1n re\u00e1lisan ink\u00e1bb k\u00f6r\u00fclbel\u00fcl 30 m\u00e9rf\u00f6ldes elektromos hat\u00f3t\u00e1vval lehet sz\u00e1molni, felt\u00e9ve, hogy az aut\u00f3t rendszeresen t\u00f6ltj\u00fck. Egy \u00e1tlagos otthoni fali t\u00f6lt\u0151 (wallbox) haszn\u00e1lat\u00e1val nagyj\u00e1b\u00f3l h\u00e1rom \u00f3ra sz\u00fcks\u00e9ges a teljes felt\u00f6lt\u00e9shez, ami viszonylag k\u00e9nyelmes megold\u00e1st jelent azok sz\u00e1m\u00e1ra, akik \u00e9jszaka vagy munkaid\u0151 alatt tudj\u00e1k t\u00f6lteni j\u00e1rm\u0171v\u00fcket.<\/p>\n<p>A Kia Niro PHEV a bels\u0151 \u00e9g\u00e9s\u0171 motorral is rendelkez\u0151 modellek k\u00f6z\u00fcl a legalacsonyabb kibocs\u00e1t\u00e1st k\u00edn\u00e1lja, azonban a c\u00e9ges aut\u00f3t haszn\u00e1l\u00f3k sz\u00e1m\u00e1ra m\u00e9g nagyobb ad\u00f3kedvezm\u00e9nyeket jelenthet egy teljesen elektromos j\u00e1rm\u0171 v\u00e1laszt\u00e1sa. Az elektromos aut\u00f3k ugyanis sz\u00e1mos orsz\u00e1gban k\u00fcl\u00f6nf\u00e9le t\u00e1mogat\u00e1sokban, kedvezm\u00e9nyekben r\u00e9szes\u00fclnek, bele\u00e9rtve az alacsonyabb ad\u00f3kat, az ingyenes vagy kedvezm\u00e9nyes parkol\u00e1st, illetve bizonyos v\u00e1rosi z\u00f3n\u00e1kba val\u00f3 korl\u00e1toz\u00e1smentes behajt\u00e1st is.<\/p>\n<p>Azok sz\u00e1m\u00e1ra, akik a Niro PHEV alternat\u00edv\u00e1it keresik, a teljesen elektromos modellek jelentik a legk\u00f6zelebbi opci\u00f3t. Ilyenek p\u00e9ld\u00e1ul a Kia saj\u00e1t elektromos k\u00edn\u00e1lat\u00e1b\u00f3l a Niro EV \u00e9s az EV3, illetve a Hyundai Kona Electric. Ezek az aut\u00f3k teljes m\u00e9rt\u00e9kben elektromos hajt\u00e1ssal m\u0171k\u00f6dnek, \u00edgy helyi szinten z\u00e9r\u00f3 kibocs\u00e1t\u00e1ssal k\u00f6zlekednek, \u00e9s \u00e1ltal\u00e1ban csendesebb, sim\u00e1bb vezet\u00e9si \u00e9lm\u00e9nyt k\u00edn\u00e1lnak.<\/p>\n","protected":false},"excerpt":{"rendered":"<p>Lehet, hogy nem is az volt a k\u00e9rd\u00e9s, hogy ki tudja megv\u00e9deni az orsz\u00e1got\u2026 hanem hogy egy\u00e1ltal\u00e1n volt-e mit\u0151l megv\u00e9deni?&#8230; <span class=\"gridview-grid-post-read-more\"><a href=\"https:\/\/matrend.hu\/maitrend\/?p=7202\">read more<span class=\"gridview-sr-only\"> Magyar P\u00e9ter p\u00e1r nap alatt megoldotta<\/span><\/a><\/span><\/p>\n","protected":false},"author":1,"featured_media":7203,"comment_status":"open","ping_status":"open","sticky":false,"template":"","format":"standard","meta":{"footnotes":""},"categories":[1],"tags":[],"class_list":["post-7202","post","type-post","status-publish","format-standard","has-post-thumbnail","hentry","category-egyeb","wpcat-1-id"],"_links":{"self":[{"href":"https:\/\/matrend.hu\/maitrend\/index.php?rest_route=\/wp\/v2\/posts\/7202","targetHints":{"allow":["GET"]}}],"collection":[{"href":"https:\/\/matrend.hu\/maitrend\/index.php?rest_route=\/wp\/v2\/posts"}],"about":[{"href":"https:\/\/matrend.hu\/maitrend\/index.php?rest_route=\/wp\/v2\/types\/post"}],"author":[{"embeddable":true,"href":"https:\/\/matrend.hu\/maitrend\/index.php?rest_route=\/wp\/v2\/users\/1"}],"replies":[{"embeddable":true,"href":"https:\/\/matrend.hu\/maitrend\/index.php?rest_route=%2Fwp%2Fv2%2Fcomments&post=7202"}],"version-history":[{"count":2,"href":"https:\/\/matrend.hu\/maitrend\/index.php?rest_route=\/wp\/v2\/posts\/7202\/revisions"}],"predecessor-version":[{"id":7205,"href":"https:\/\/matrend.hu\/maitrend\/index.php?rest_route=\/wp\/v2\/posts\/7202\/revisions\/7205"}],"wp:featuredmedia":[{"embeddable":true,"href":"https:\/\/matrend.hu\/maitrend\/index.php?rest_route=\/wp\/v2\/media\/7203"}],"wp:attachment":[{"href":"https:\/\/matrend.hu\/maitrend\/index.php?rest_route=%2Fwp%2Fv2%2Fmedia&parent=7202"}],"wp:term":[{"taxonomy":"category","embeddable":true,"href":"https:\/\/matrend.hu\/maitrend\/index.php?rest_route=%2Fwp%2Fv2%2Fcategories&post=7202"},{"taxonomy":"post_tag","embeddable":true,"href":"https:\/\/matrend.hu\/maitrend\/index.php?rest_route=%2Fwp%2Fv2%2Ftags&post=7202"}],"curies":[{"name":"wp","href":"https:\/\/api.w.org\/{rel}","templated":true}]}}