{"id":7206,"date":"2026-04-28T19:32:17","date_gmt":"2026-04-28T17:32:17","guid":{"rendered":"https:\/\/matrend.hu\/maitrend\/?p=7206"},"modified":"2026-04-28T19:32:17","modified_gmt":"2026-04-28T17:32:17","slug":"pusztito-tanacsot-ad-rubint-reka-a-szakerto-szerint","status":"publish","type":"post","link":"https:\/\/matrend.hu\/maitrend\/?p=7206","title":{"rendered":"Puszt\u00edt\u00f3 tan\u00e1csot ad Rubint R\u00e9ka a szak\u00e9rt\u0151 szerint!"},"content":{"rendered":"<h3>A legkem\u00e9nyebben Szentesi \u00c9va \u00edr\u00f3 \u00e9s r\u00e1keduk\u00e1ci\u00f3s aktivista reag\u00e1lt, aki szerint Rubint R\u00e9ka szavai s\u00falyos f\u00e9lrevezet\u00e9st jelenthetnek. \u00c9va azt \u00edrta, 13 \u00e9v betegs\u00e9ggel kapcsolatos tapasztalata alatt egyetlen onkol\u00f3gust\u00f3l sem hallott hasonl\u00f3 tan\u00e1csot. S\u0151t, szerinte bizonyos kezel\u00e9sek mellett kifejezetten vesz\u00e9lyes lehet az eff\u00e9le sz\u00e9ls\u0151s\u00e9ges di\u00e9ta, \u00e9s ak\u00e1r \u00e9letvesz\u00e9lyes \u00e1llapotot is el\u0151id\u00e9zhet. Hangs\u00falyozta: az eg\u00e9szs\u00e9ges t\u00e1pl\u00e1lkoz\u00e1s val\u00f3ban fontos r\u00e9sze a gy\u00f3gyul\u00e1snak, de ez nem egyenl\u0151 a divatdi\u00e9t\u00e1kkal \u00e9s a tudom\u00e1nyosan megk\u00e9rd\u0151jelezhet\u0151 ir\u00e1nyzatokkal.<br \/>\nMAJD NAGYON KIOSZTOTTA R\u00c9K\u00c1T! NEM FOGTA VISSZA MAG\u00c1T! MUTATJUK!<\/h3>\n<h3><span style=\"color: #ff0000;\"><strong>A h\u00edr nem \u00e9rt v\u00e9get! Folytat\u00e1shoz haszn\u00e1ld a K\u00d6VETKEZ\u0150 OLDAL gombot!<\/strong><\/span><\/h3>\n<h3 style=\"text-align: right;\"><a href=\"https:\/\/matrend.hu\/nekedinfo\/pusztito-tanacsot-ad-rubint-reka-a-szakerto-szerint\/\" target=\"_blank\" rel=\"noopener\"><span style=\"color: #ff0000;\">&#8212;&gt;&gt; K\u00d6VETKEZ\u0150 OLDAL<\/span><\/a><\/h3>\n<p>A Volvo ES90 a sv\u00e9d gy\u00e1rt\u00f3 leg\u00fajabb elektromos z\u00e1szl\u00f3shaj\u00f3ja, amely a klasszikus S90 szed\u00e1n szellemi ut\u00f3djak\u00e9nt \u00e9rkezik, de val\u00f3j\u00e1ban m\u00e1r egy teljesen \u00faj korszakot k\u00e9pvisel: nem hagyom\u00e1nyos limuzin, nem is SUV, hanem egy \u00fagynevezett fastback jelleg\u0171, emelt hasmagass\u00e1g\u00fa, teljesen elektromos executive modell, amely a Volvo EX90 SUV technikai alapjaira \u00e9p\u00fcl, csak \u00e9ppen alacsonyabb, \u00e1ramvonalasabb karossz\u00e9ri\u00e1t kapott. Ez a megk\u00f6zel\u00edt\u00e9s j\u00f3l mutatja a Volvo ir\u00e1nyv\u00e1lt\u00e1s\u00e1t: a m\u00e1rka a klasszikus form\u00e1kat elhagyva egy futurisztikus, minimalista, de er\u0151sen technol\u00f3gia-k\u00f6zpont\u00fa pr\u00e9mium ir\u00e1nyba mozdult el, ahol a hangs\u00faly m\u00e1r nem a hagyom\u00e1nyos luxuson, hanem a csendes m\u0171k\u00f6d\u00e9sen, a digitaliz\u00e1ci\u00f3n \u00e9s a biztons\u00e1gi rendszereken van.<\/p>\n<p>Az ES90 k\u00fcls\u0151 megjelen\u00e9se egyszerre eleg\u00e1ns \u00e9s megoszt\u00f3. A hossz\u00fa, k\u00f6zel \u00f6t m\u00e9teres karossz\u00e9ria, a lejt\u0151s tet\u0151vonal \u00e9s a letisztult fel\u00fcletek egy\u00e9rtelm\u0171en pr\u00e9mium hat\u00e1st keltenek, de a klasszikus szed\u00e1nform\u00e1hoz szokott szemnek szokatlan lehet az ar\u00e1nyrendszer. A Volvo itt tudatosan a \u201eskandin\u00e1v minimalizmus\u201d ir\u00e1ny\u00e1t k\u00f6veti, ami kevesebb d\u00edsz\u00edt\u00e9st, de er\u0151sebb formai tisztas\u00e1got jelent. A LED f\u00e9nyek jellegzetes \u201eThor kalap\u00e1csa\u201d mot\u00edvumot id\u00e9znek, mik\u00f6zben az aut\u00f3 eg\u00e9sz megjelen\u00e9se ink\u00e1bb nyugodt \u00e9s visszafogott, mint hivalkod\u00f3. Ugyanakkor a h\u00e1ts\u00f3 r\u00e9sz kialak\u00edt\u00e1sa \u00e9s a ferde tet\u0151vonal miatt a h\u00e1ts\u00f3 kil\u00e1t\u00e1s korl\u00e1tozott, ami egy visszat\u00e9r\u0151 kritika a modell kapcs\u00e1n.<\/p>\n<p>A hajt\u00e1sl\u00e1nc teljesen elektromos, \u00e9s t\u00f6bb konfigur\u00e1ci\u00f3ban \u00e9rhet\u0151 el. A bel\u00e9p\u0151 szint\u0171 v\u00e1ltozat egy h\u00e1ts\u00f3ker\u00e9k-meghajt\u00e1s\u00fa, k\u00f6r\u00fclbel\u00fcl 328 l\u00f3er\u0151s motorral rendelkezik, amely m\u00e1r \u00f6nmag\u00e1ban is b\u0151ven elegend\u0151 a mindennapi haszn\u00e1latra, \u00e9s 0\u2013100 km\/h k\u00f6r\u00fcli gyorsul\u00e1sa nagyj\u00e1b\u00f3l 6\u20137 m\u00e1sodperc k\u00f6z\u00e9 esik. A k\u00e9tmotoros \u00f6sszker\u00e9khajt\u00e1s\u00fa verzi\u00f3k m\u00e1r j\u00f3val er\u0151sebbek, 450 l\u00f3er\u0151 k\u00f6r\u00fcli teljes\u00edtm\u00e9nnyel, m\u00edg a cs\u00facsv\u00e1ltozat 670 l\u00f3er\u0151 f\u00f6l\u00f6tti rendszerteljes\u00edtm\u00e9nyt k\u00edn\u00e1l, amely sportaut\u00f3s gyorsul\u00e1st tesz lehet\u0151v\u00e9, nagyj\u00e1b\u00f3l 4 m\u00e1sodperc k\u00f6r\u00fcli 0\u2013100 km\/h id\u0151vel. Ez j\u00f3l mutatja, hogy a Volvo az ES90-nel egyszerre pr\u00f3b\u00e1l nyugodt luxusaut\u00f3t \u00e9s nagy teljes\u00edtm\u00e9ny\u0171 technol\u00f3giai z\u00e1szl\u00f3shaj\u00f3t k\u00edn\u00e1lni.<\/p>\n","protected":false},"excerpt":{"rendered":"<p>A legkem\u00e9nyebben Szentesi \u00c9va \u00edr\u00f3 \u00e9s r\u00e1keduk\u00e1ci\u00f3s aktivista reag\u00e1lt, aki szerint Rubint R\u00e9ka szavai s\u00falyos f\u00e9lrevezet\u00e9st jelenthetnek. \u00c9va azt \u00edrta,&#8230; <span class=\"gridview-grid-post-read-more\"><a href=\"https:\/\/matrend.hu\/maitrend\/?p=7206\">read more<span class=\"gridview-sr-only\"> Puszt\u00edt\u00f3 tan\u00e1csot ad Rubint R\u00e9ka a szak\u00e9rt\u0151 szerint!<\/span><\/a><\/span><\/p>\n","protected":false},"author":1,"featured_media":7207,"comment_status":"open","ping_status":"open","sticky":false,"template":"","format":"standard","meta":{"footnotes":""},"categories":[1],"tags":[],"class_list":["post-7206","post","type-post","status-publish","format-standard","has-post-thumbnail","hentry","category-egyeb","wpcat-1-id"],"_links":{"self":[{"href":"https:\/\/matrend.hu\/maitrend\/index.php?rest_route=\/wp\/v2\/posts\/7206","targetHints":{"allow":["GET"]}}],"collection":[{"href":"https:\/\/matrend.hu\/maitrend\/index.php?rest_route=\/wp\/v2\/posts"}],"about":[{"href":"https:\/\/matrend.hu\/maitrend\/index.php?rest_route=\/wp\/v2\/types\/post"}],"author":[{"embeddable":true,"href":"https:\/\/matrend.hu\/maitrend\/index.php?rest_route=\/wp\/v2\/users\/1"}],"replies":[{"embeddable":true,"href":"https:\/\/matrend.hu\/maitrend\/index.php?rest_route=%2Fwp%2Fv2%2Fcomments&post=7206"}],"version-history":[{"count":1,"href":"https:\/\/matrend.hu\/maitrend\/index.php?rest_route=\/wp\/v2\/posts\/7206\/revisions"}],"predecessor-version":[{"id":7208,"href":"https:\/\/matrend.hu\/maitrend\/index.php?rest_route=\/wp\/v2\/posts\/7206\/revisions\/7208"}],"wp:featuredmedia":[{"embeddable":true,"href":"https:\/\/matrend.hu\/maitrend\/index.php?rest_route=\/wp\/v2\/media\/7207"}],"wp:attachment":[{"href":"https:\/\/matrend.hu\/maitrend\/index.php?rest_route=%2Fwp%2Fv2%2Fmedia&parent=7206"}],"wp:term":[{"taxonomy":"category","embeddable":true,"href":"https:\/\/matrend.hu\/maitrend\/index.php?rest_route=%2Fwp%2Fv2%2Fcategories&post=7206"},{"taxonomy":"post_tag","embeddable":true,"href":"https:\/\/matrend.hu\/maitrend\/index.php?rest_route=%2Fwp%2Fv2%2Ftags&post=7206"}],"curies":[{"name":"wp","href":"https:\/\/api.w.org\/{rel}","templated":true}]}}