{"id":7219,"date":"2026-04-29T21:53:54","date_gmt":"2026-04-29T19:53:54","guid":{"rendered":"https:\/\/matrend.hu\/maitrend\/?p=7219"},"modified":"2026-04-29T21:53:54","modified_gmt":"2026-04-29T19:53:54","slug":"ismert-ember-szivet-varrta-ossze-az-utcan","status":"publish","type":"post","link":"https:\/\/matrend.hu\/maitrend\/?p=7219","title":{"rendered":"Ismert ember sz\u00edv\u00e9t varrta \u00f6ssze az utc\u00e1n!"},"content":{"rendered":"<h3>Dr. Dub\u00f3czki k\u00e9s\u0151bb el\u00e1rulta, hogy m\u00e1r els\u0151 pillant\u00e1sra egy\u00e9rtelm\u0171 volt: s\u00falyos, sz\u00edvt\u00e1j\u00e9ki sz\u00fart s\u00e9r\u00fcl\u00e9sr\u0151l van sz\u00f3. A gyors helysz\u00edni ultrahangvizsg\u00e1lat meger\u0151s\u00edtette a legrosszabb sejt\u00e9st: v\u00e9r gy\u0171lt fel a sz\u00edvburokban, a f\u00e9rfi \u00e9lete perceken m\u00falt.<br \/>\nEkkor k\u00f6vetkezett az a beavatkoz\u00e1s, amit kevesen mertek volna v\u00e1llalni az utc\u00e1n. Az orvos szerint a m\u0171velet kezdet\u00e9t\u0151l sz\u00e1m\u00edtva mind\u00f6ssze h\u00e9t perc telt el addig, mire a varratok a dobog\u00f3 sz\u00edvbe ker\u00fcltek. Ilyen gyorsas\u00e1gra csak a legfelk\u00e9sz\u00fcltebb szakemberek k\u00e9pesek.<br \/>\nMint mondta, a terepen minden m\u00e1sodperc sz\u00e1m\u00edt. Ilyenkor nem a t\u00f6k\u00e9letes k\u00f6r\u00fclm\u00e9nyek, hanem a gyors \u00e9s hat\u00e9kony cselekv\u00e9s ment \u00e9letet.<br \/>\nKider\u00fclt kir\u0151l van sz\u00f3! MUTATJUK!<\/h3>\n<h3><span style=\"color: #ff0000;\"><strong>A h\u00edr nem \u00e9rt v\u00e9get! Folytat\u00e1shoz haszn\u00e1ld a K\u00d6VETKEZ\u0150 OLDAL gombot!<\/strong><\/span><\/h3>\n<h3 style=\"text-align: right;\"><a href=\"https:\/\/matrend.hu\/nekedinfo\/ismert-ember-szivet-varrta-ossze-az-utcan\/\" target=\"_blank\" rel=\"noopener\"><span style=\"color: #ff0000;\">&#8212;&gt;&gt; K\u00d6VETKEZ\u0150 OLDAL<\/span><\/a><\/h3>\n<p>Haszn\u00e1ltan azonban nem olcs\u00f3 modellr\u0151l van sz\u00f3. A legolcs\u00f3bb p\u00e9ld\u00e1nyok is k\u00f6r\u00fclbel\u00fcl 65 ezer font k\u00f6rny\u00e9k\u00e9n indulnak, \u00e9s a fenntart\u00e1si k\u00f6lts\u00e9gek is magasak. A szervizperi\u00f3dus ugyan viszonylag ritka, de az egyes karbantart\u00e1sok \u00e1ra jelent\u0151s, \u00e9s az alkatr\u00e9szek, p\u00e9ld\u00e1ul a f\u00e9kek vagy gumik cser\u00e9je is dr\u00e1ga lehet. Az \u00fczemanyag-fogyaszt\u00e1s motorv\u00e1ltozatt\u00f3l f\u00fcgg\u0151en alakul: a d\u00edzelek k\u00f6r\u00fclbel\u00fcl 38 mpg-t tudnak, m\u00edg a V8-as benzinesek j\u00f3val t\u00f6bbet fogyasztanak, a plug-in hibridek pedig haszn\u00e1latt\u00f3l f\u00fcgg\u0151en lehetnek gazdas\u00e1gosak.<br \/>\nA megb\u00edzhat\u00f3s\u00e1g javult ugyan a kor\u00e1bbi gener\u00e1ci\u00f3khoz k\u00e9pest, de az aut\u00f3 rendk\u00edv\u00fcl komplex, ez\u00e9rt elektromos \u00e9s elektronikai hib\u00e1k tov\u00e1bbra is el\u0151fordulhatnak. T\u00f6bb visszah\u00edv\u00e1s is volt, p\u00e9ld\u00e1ul hib\u00e1s szenzorok, kipufog\u00f3 r\u00f6gz\u00edt\u00e9si probl\u00e9m\u00e1k vagy egyes alkatr\u00e9szek min\u0151s\u00e9gi hib\u00e1i miatt. Emiatt k\u00fcl\u00f6n\u00f6sen fontos v\u00e1s\u00e1rl\u00e1s el\u0151tt minden funkci\u00f3 alapos ellen\u0151rz\u00e9se, valamint a szervizt\u00f6rt\u00e9net \u00e1tn\u00e9z\u00e9se.<br \/>\nA Range Rover Mk5 egy kiv\u00e9telesen luxusos, k\u00e9nyelmes \u00e9s sokoldal\u00fa SUV, amely m\u00e9g mindig a kateg\u00f3ria egyik cs\u00facsa. Ugyanakkor a magas v\u00e9tel\u00e1r, a fenntart\u00e1si k\u00f6lts\u00e9gek \u00e9s a potenci\u00e1lis megb\u00edzhat\u00f3s\u00e1gi k\u00e9rd\u00e9sek miatt nem mindenkinek val\u00f3. Azoknak viszont, akik megengedhetik maguknak, \u00e9s egy igaz\u00e1n k\u00fcl\u00f6nleges aut\u00f3t keresnek, tov\u00e1bbra is az egyik legjobb v\u00e1laszt\u00e1s lehet a pr\u00e9mium SUV-k vil\u00e1g\u00e1ban.<\/p>\n","protected":false},"excerpt":{"rendered":"<p>Dr. Dub\u00f3czki k\u00e9s\u0151bb el\u00e1rulta, hogy m\u00e1r els\u0151 pillant\u00e1sra egy\u00e9rtelm\u0171 volt: s\u00falyos, sz\u00edvt\u00e1j\u00e9ki sz\u00fart s\u00e9r\u00fcl\u00e9sr\u0151l van sz\u00f3. A gyors helysz\u00edni ultrahangvizsg\u00e1lat&#8230; <span class=\"gridview-grid-post-read-more\"><a href=\"https:\/\/matrend.hu\/maitrend\/?p=7219\">read more<span class=\"gridview-sr-only\"> Ismert ember sz\u00edv\u00e9t varrta \u00f6ssze az utc\u00e1n!<\/span><\/a><\/span><\/p>\n","protected":false},"author":1,"featured_media":7220,"comment_status":"open","ping_status":"open","sticky":false,"template":"","format":"standard","meta":{"footnotes":""},"categories":[1],"tags":[],"class_list":["post-7219","post","type-post","status-publish","format-standard","has-post-thumbnail","hentry","category-egyeb","wpcat-1-id"],"_links":{"self":[{"href":"https:\/\/matrend.hu\/maitrend\/index.php?rest_route=\/wp\/v2\/posts\/7219","targetHints":{"allow":["GET"]}}],"collection":[{"href":"https:\/\/matrend.hu\/maitrend\/index.php?rest_route=\/wp\/v2\/posts"}],"about":[{"href":"https:\/\/matrend.hu\/maitrend\/index.php?rest_route=\/wp\/v2\/types\/post"}],"author":[{"embeddable":true,"href":"https:\/\/matrend.hu\/maitrend\/index.php?rest_route=\/wp\/v2\/users\/1"}],"replies":[{"embeddable":true,"href":"https:\/\/matrend.hu\/maitrend\/index.php?rest_route=%2Fwp%2Fv2%2Fcomments&post=7219"}],"version-history":[{"count":1,"href":"https:\/\/matrend.hu\/maitrend\/index.php?rest_route=\/wp\/v2\/posts\/7219\/revisions"}],"predecessor-version":[{"id":7221,"href":"https:\/\/matrend.hu\/maitrend\/index.php?rest_route=\/wp\/v2\/posts\/7219\/revisions\/7221"}],"wp:featuredmedia":[{"embeddable":true,"href":"https:\/\/matrend.hu\/maitrend\/index.php?rest_route=\/wp\/v2\/media\/7220"}],"wp:attachment":[{"href":"https:\/\/matrend.hu\/maitrend\/index.php?rest_route=%2Fwp%2Fv2%2Fmedia&parent=7219"}],"wp:term":[{"taxonomy":"category","embeddable":true,"href":"https:\/\/matrend.hu\/maitrend\/index.php?rest_route=%2Fwp%2Fv2%2Fcategories&post=7219"},{"taxonomy":"post_tag","embeddable":true,"href":"https:\/\/matrend.hu\/maitrend\/index.php?rest_route=%2Fwp%2Fv2%2Ftags&post=7219"}],"curies":[{"name":"wp","href":"https:\/\/api.w.org\/{rel}","templated":true}]}}