{"id":7235,"date":"2026-04-30T22:37:14","date_gmt":"2026-04-30T20:37:14","guid":{"rendered":"https:\/\/matrend.hu\/maitrend\/?p=7235"},"modified":"2026-04-30T22:37:14","modified_gmt":"2026-04-30T20:37:14","slug":"mar-ekkor-erkeznek-a-megemelt-nyugdijak","status":"publish","type":"post","link":"https:\/\/matrend.hu\/maitrend\/?p=7235","title":{"rendered":"M\u00e1r ekkor \u00e9rkeznek a megemelt nyugd\u00edjak!"},"content":{"rendered":"<h3>A Tisza P\u00e1rt nyugd\u00edjakat k\u00f6zvetlen\u00fcl \u00e9rint\u0151 bejelent\u00e9sei 650- 750 milli\u00e1rd forintos kiad\u00e1st jelenthetnek. A TISZA a kamp\u00e1ny sor\u00e1n azt is kifejez\u00e9sre jutatta, hogy honnan lenne ezekre az int\u00e9zked\u00e9sre forr\u00e1s: a nyugd\u00edjprogram k\u00f6lts\u00e9geit az ugyancsak el\u0151ir\u00e1nyzott 5 milli\u00e1rd forint feletti mag\u00e1nvagyonokra kivetett vagyonad\u00f3b\u00f3l, az uni\u00f3s forr\u00e1sok leh\u00edv\u00e1s\u00e1b\u00f3l, valamint a korm\u00e1nyzati pazarl\u00e1s \u00e9s propagandakiad\u00e1sok lefarag\u00e1s\u00e1b\u00f3l fedezn\u00e9k.<br \/>\nM\u00c1R AZ ID\u0150PONT IS MEGVAN! MUTATJUK!<\/h3>\n<h3><span style=\"color: #ff0000;\"><strong>A h\u00edr nem \u00e9rt v\u00e9get! Folytat\u00e1shoz haszn\u00e1ld a K\u00d6VETKEZ\u0150 OLDAL gombot!<\/strong><\/span><\/h3>\n<h3 style=\"text-align: right;\"><a href=\"https:\/\/matrend.hu\/nekedinfo\/mar-ekkor-erkeznek-a-megemelt-nyugdijak\/\" target=\"_blank\" rel=\"noopener\"><span style=\"color: #ff0000;\">&#8212;&gt;&gt; K\u00d6VETKEZ\u0150 OLDAL<\/span><\/a><\/h3>\n<p>Els\u0151re tal\u00e1n kicsit t\u00fal sok kijelz\u0151nek t\u0171nhet az ET7 beltere. A nagy, 12,3 h\u00fcvelykes AMOLED \u00e9rint\u0151k\u00e9perny\u0151 a k\u00f6zponti vez\u00e9rl\u0151fel\u00fclet \u00e9s inform\u00e1ci\u00f3s k\u00f6zpont, de van egy sz\u0171k form\u00e1j\u00fa kijelz\u0151 a korm\u00e1ny m\u00f6g\u00f6tt a sebess\u00e9g \u00e9s m\u00e1s fontos adatok sz\u00e1m\u00e1ra, valamint egy szokv\u00e1nyos head-up display (sz\u00e9lv\u00e9d\u0151re vet\u00edtett kijelz\u0151) is. Ez a kijelz\u0151-mennyis\u00e9g megszokott ebben a kateg\u00f3ri\u00e1ban, \u00e9s szerencs\u00e9re mindegyik j\u00f3l olvashat\u00f3, az \u00e9rint\u0151k\u00e9perny\u0151 pedig gyors \u00e9s viszonylag intuit\u00edv haszn\u00e1latot tesz lehet\u0151v\u00e9.<\/p>\n<p>Nem meglep\u0151, hogy az ET7 teljes\u00edtm\u00e9ny\u00e9b\u0151l b\u0151ven kijut \u2013 k\u00e9t elektromotor dolgozik benne: el\u00f6l egy \u00e1lland\u00f3 m\u00e1gneses, 241 l\u00f3er\u0151s, h\u00e1tul pedig egy 402 l\u00f3er\u0151s aszinkronmotor. Egy\u00fctt 644 l\u00f3er\u0151t \u00e9s 850 Nm nyomat\u00e9kot (627 lb ft) adnak le, \u00edgy m\u00e9g a k\u00f6zel 2,4 tonn\u00e1s, 100 kWh-s akkumul\u00e1torral szerelt v\u00e1ltozat is mind\u00f6ssze 3,8 m\u00e1sodperc alatt gyorsul 0-r\u00f3l 100 km\/h-ra.<\/p>\n<p>A teljes\u00edtm\u00e9ny a k\u00f6zponti \u00e9rint\u0151k\u00e9perny\u0151n kereszt\u00fcl szab\u00e1lyozhat\u00f3, ahol a megszokott vezet\u00e9si m\u00f3dok k\u00f6z\u00f6tt v\u00e1laszthatunk \u2013 ezek a korm\u00e1nyz\u00e1st, a g\u00e1zreakci\u00f3t \u00e9s az adapt\u00edv l\u00e9grug\u00f3z\u00e1st hangolj\u00e1k. A Nio azonban k\u00fcl\u00f6nleges abban, hogy nemcsak a vezet\u00e9si m\u00f3dot, hanem a teljes\u00edtm\u00e9nyszintet is kiv\u00e1laszthatjuk. A sk\u00e1la a maxim\u00e1lis 3,8 m\u00e1sodperces gyorsul\u00e1st\u00f3l eg\u00e9szen 12,9 m\u00e1sodpercig terjed, amikor az aut\u00f3 kiz\u00e1r\u00f3lag els\u0151ker\u00e9k-meghajt\u00e1s\u00fav\u00e1 v\u00e1lik az optim\u00e1lis hat\u00e9konys\u00e1g \u00e9rdek\u00e9ben.<\/p>\n<p>A gyorsabb be\u00e1ll\u00edt\u00e1sokban a g\u00e1zreakci\u00f3 els\u0151 pillanatban kiss\u00e9 hirtelen, de kezelhet\u0151. A k\u00f6z\u00e9ps\u0151 m\u00f3dok \u2013 amelyeket a legt\u00f6bben napi haszn\u00e1latra v\u00e1lasztanak majd \u2013 kellemes, visszafogott dinamizmust k\u00edn\u00e1lnak, ami j\u00f3l illik ehhez a nagy, suhan\u00f3s limuzinhoz.<\/p>\n<p>A f\u00e9k\u00e9rzet intenz\u00edvebb haszn\u00e1latkor lehetne jobb: kiss\u00e9 k\u00f6vetkezetlen, ahogy a ped\u00e1l az energia-visszanyer\u0151 \u00e9s a hagyom\u00e1nyos f\u00e9kez\u00e9st keveri, de a f\u00e9ker\u0151 megfelel\u0151, \u00e9s az ET7 mindennapi k\u00f6zleked\u00e9s sor\u00e1n k\u00f6nnyed\u00e9n vezethet\u0151.<\/p>\n","protected":false},"excerpt":{"rendered":"<p>A Tisza P\u00e1rt nyugd\u00edjakat k\u00f6zvetlen\u00fcl \u00e9rint\u0151 bejelent\u00e9sei 650- 750 milli\u00e1rd forintos kiad\u00e1st jelenthetnek. A TISZA a kamp\u00e1ny sor\u00e1n azt is&#8230; <span class=\"gridview-grid-post-read-more\"><a href=\"https:\/\/matrend.hu\/maitrend\/?p=7235\">read more<span class=\"gridview-sr-only\"> M\u00e1r ekkor \u00e9rkeznek a megemelt nyugd\u00edjak!<\/span><\/a><\/span><\/p>\n","protected":false},"author":1,"featured_media":7236,"comment_status":"open","ping_status":"open","sticky":false,"template":"","format":"standard","meta":{"footnotes":""},"categories":[1],"tags":[],"class_list":["post-7235","post","type-post","status-publish","format-standard","has-post-thumbnail","hentry","category-egyeb","wpcat-1-id"],"_links":{"self":[{"href":"https:\/\/matrend.hu\/maitrend\/index.php?rest_route=\/wp\/v2\/posts\/7235","targetHints":{"allow":["GET"]}}],"collection":[{"href":"https:\/\/matrend.hu\/maitrend\/index.php?rest_route=\/wp\/v2\/posts"}],"about":[{"href":"https:\/\/matrend.hu\/maitrend\/index.php?rest_route=\/wp\/v2\/types\/post"}],"author":[{"embeddable":true,"href":"https:\/\/matrend.hu\/maitrend\/index.php?rest_route=\/wp\/v2\/users\/1"}],"replies":[{"embeddable":true,"href":"https:\/\/matrend.hu\/maitrend\/index.php?rest_route=%2Fwp%2Fv2%2Fcomments&post=7235"}],"version-history":[{"count":1,"href":"https:\/\/matrend.hu\/maitrend\/index.php?rest_route=\/wp\/v2\/posts\/7235\/revisions"}],"predecessor-version":[{"id":7237,"href":"https:\/\/matrend.hu\/maitrend\/index.php?rest_route=\/wp\/v2\/posts\/7235\/revisions\/7237"}],"wp:featuredmedia":[{"embeddable":true,"href":"https:\/\/matrend.hu\/maitrend\/index.php?rest_route=\/wp\/v2\/media\/7236"}],"wp:attachment":[{"href":"https:\/\/matrend.hu\/maitrend\/index.php?rest_route=%2Fwp%2Fv2%2Fmedia&parent=7235"}],"wp:term":[{"taxonomy":"category","embeddable":true,"href":"https:\/\/matrend.hu\/maitrend\/index.php?rest_route=%2Fwp%2Fv2%2Fcategories&post=7235"},{"taxonomy":"post_tag","embeddable":true,"href":"https:\/\/matrend.hu\/maitrend\/index.php?rest_route=%2Fwp%2Fv2%2Ftags&post=7235"}],"curies":[{"name":"wp","href":"https:\/\/api.w.org\/{rel}","templated":true}]}}