{"id":7238,"date":"2026-04-30T23:08:08","date_gmt":"2026-04-30T21:08:08","guid":{"rendered":"https:\/\/matrend.hu\/maitrend\/?p=7238"},"modified":"2026-04-30T23:08:08","modified_gmt":"2026-04-30T21:08:08","slug":"szornyu-vege-lett-stohl-andras-es-kiss-kriszta-kapcsolatanak","status":"publish","type":"post","link":"https:\/\/matrend.hu\/maitrend\/?p=7238","title":{"rendered":"Sz\u00f6rny\u0171 v\u00e9ge lett Stohl Andr\u00e1s \u00e9s Kiss Kriszta kapcsolat\u00e1nak!"},"content":{"rendered":"<h3>A rom\u00e1nc m\u00e1r a kezdetekt\u0151l k\u00e9rd\u00e9seket vetett fel. K\u00fcl\u00f6n\u00f6sen annak f\u00e9ny\u00e9ben, hogy Stohl nem sokkal kor\u00e1bban jelentette be v\u00e1l\u00e1s\u00e1t Stohl Vica-t\u00f3l. A n\u00e9z\u0151k m\u00e9gis hinni akartak abban, hogy Kriszta mellett \u00faj fejezet ny\u00edlhat az \u00e9let\u00e9ben. Csakhogy a val\u00f3s\u00e1g m\u00e1s k\u00e9pet mutatott: Kriszta nem jelent meg a A Nagy Duett ad\u00e1saiban, \u00e9s egy sz\u00fclet\u00e9snapi \u00fcnnepl\u00e9sr\u0151l is hi\u00e1nyzott a f\u00e9rfi. A kirak\u00f3s darabjai lassan \u00f6ssze\u00e1lltak, de a v\u00e9gs\u0151 bizony\u00edt\u00e9k m\u00e9g v\u00e1ratott mag\u00e1ra.<br \/>\nSAJNOS EZ DER\u00dcLT KI:<\/h3>\n<h3><span style=\"color: #ff0000;\"><strong>A h\u00edr nem \u00e9rt v\u00e9get! Folytat\u00e1shoz haszn\u00e1ld a K\u00d6VETKEZ\u0150 OLDAL gombot!<\/strong><\/span><\/h3>\n<h3 style=\"text-align: right;\"><a href=\"https:\/\/matrend.hu\/nekedinfo\/szornyu-vege-lett-stohl-andras-es-kiss-kriszta-kapcsolatanak\/\" target=\"_blank\" rel=\"noopener\"><span style=\"color: #ff0000;\">&#8212;&gt;&gt; K\u00d6VETKEZ\u0150 OLDAL<\/span><\/a><\/h3>\n<p>A Peugeot 208 f\u0151bb riv\u00e1lisai k\u00f6z\u00e9 tartozik a Vauxhall Corsa, amely alacsony fenntart\u00e1si k\u00f6lts\u00e9gekkel, t\u00e1gas utast\u00e9rrel \u00e9s gazdag felszerelts\u00e9ggel b\u00edr. Hasonl\u00f3 tulajdons\u00e1gokat k\u00edn\u00e1l a Ford Fiesta is, amely ehhez m\u00e9g \u00e9lvezetes vezethet\u0151s\u00e9get is hozz\u00e1ad.<br \/>\nTov\u00e1bbi figyelemre m\u00e9lt\u00f3 kisaut\u00f3k a t\u00e1gas Renault Clio, a k\u00e9nyelmes utaz\u00e1sra hangolt Citroen C3, a k\u00f6nnyen vezethet\u0151 Skoda Fabia, valamint a sportos vezet\u00e9si \u00e9lm\u00e9nyt ny\u00fajt\u00f3 Mazda 2 \u00e9s SEAT Ibiza. Ha a pr\u00e9mium \u00e9rzet\u0171 utast\u00e9r kiemelten fontos szempont, \u00e9rdemes sz\u00e1m\u00edt\u00e1sba venni a Volkswagen Pol\u00f3t is. Ha a k\u00f6lts\u00e9gvet\u00e9s engedi, a pr\u00e9mium kateg\u00f3ri\u00e1t k\u00e9pvisel\u0151 Audi A1 \u00e9s DS 3 modelleket is \u00e9rdemes megfontolni.<\/p>\n<p>Emellett a Hyundai i20 \u00e9s a Kia Rio is eml\u00edt\u00e9st \u00e9rdemel. Noha ezek nem olyan st\u00edlusosak, mint a Peugeot 208, j\u00f3 \u00e1r-\u00e9rt\u00e9k ar\u00e1ny\u00fa felszerelts\u00e9get k\u00edn\u00e1lnak. Mindk\u00e9t modell hossz\u00fa gy\u00e1rt\u00f3i garanci\u00e1val \u00e9rkezett (a Hyundai \u00f6t \u00e9v, a Kia ak\u00e1r h\u00e9t \u00e9v\/100 000 m\u00e9rf\u00f6ld), \u00edgy a r\u00e9gebbi p\u00e9ld\u00e1nyok eset\u00e9ben is lehet m\u00e9g gy\u00e1rt\u00f3i j\u00f3t\u00e1ll\u00e1s.<br \/>\nA 208 GTi sportv\u00e1ltozat k\u00f6zvetlen vet\u00e9lyt\u00e1rsai kev\u00e9sb\u00e9 v\u00e1ltozatosak, mint az alap 208-as\u00e9, de \u00edgy is akad n\u00e9h\u00e1ny figyelemre m\u00e9lt\u00f3 ellenf\u00e9l. Ilyenek a Ford Fiesta ST, a Toyota Yaris GRMN, a Corsa VXR \u00e9s a Volkswagen Polo GTI.<br \/>\n2016 \u00e1prilis\u00e1ban a takar\u00e9kos Peugeot 208 d\u00edzelv\u00e1ltozata m\u00e9rk\u0151z\u00f6tt meg a benzinmotoros Volkswagen Polo BlueMotion modellel. B\u00e1r a Peugeot \u00fczemanyag-fogyaszt\u00e1sa leny\u0171g\u00f6z\u0151 volt, \u00f6sszess\u00e9g\u00e9ben a Polo bizonyult jobb aut\u00f3nak, mivel kifinomultabbnak \u00e9rz\u0151d\u00f6tt, olcs\u00f3bb volt fenntartani, \u00e9s bel\u00fcl pr\u00e9miumabb hat\u00e1st keltett, mint az els\u0151 gener\u00e1ci\u00f3s 208.<\/p>\n","protected":false},"excerpt":{"rendered":"<p>A rom\u00e1nc m\u00e1r a kezdetekt\u0151l k\u00e9rd\u00e9seket vetett fel. K\u00fcl\u00f6n\u00f6sen annak f\u00e9ny\u00e9ben, hogy Stohl nem sokkal kor\u00e1bban jelentette be v\u00e1l\u00e1s\u00e1t Stohl&#8230; <span class=\"gridview-grid-post-read-more\"><a href=\"https:\/\/matrend.hu\/maitrend\/?p=7238\">read more<span class=\"gridview-sr-only\"> Sz\u00f6rny\u0171 v\u00e9ge lett Stohl Andr\u00e1s \u00e9s Kiss Kriszta kapcsolat\u00e1nak!<\/span><\/a><\/span><\/p>\n","protected":false},"author":1,"featured_media":7239,"comment_status":"open","ping_status":"open","sticky":false,"template":"","format":"standard","meta":{"footnotes":""},"categories":[1],"tags":[],"class_list":["post-7238","post","type-post","status-publish","format-standard","has-post-thumbnail","hentry","category-egyeb","wpcat-1-id"],"_links":{"self":[{"href":"https:\/\/matrend.hu\/maitrend\/index.php?rest_route=\/wp\/v2\/posts\/7238","targetHints":{"allow":["GET"]}}],"collection":[{"href":"https:\/\/matrend.hu\/maitrend\/index.php?rest_route=\/wp\/v2\/posts"}],"about":[{"href":"https:\/\/matrend.hu\/maitrend\/index.php?rest_route=\/wp\/v2\/types\/post"}],"author":[{"embeddable":true,"href":"https:\/\/matrend.hu\/maitrend\/index.php?rest_route=\/wp\/v2\/users\/1"}],"replies":[{"embeddable":true,"href":"https:\/\/matrend.hu\/maitrend\/index.php?rest_route=%2Fwp%2Fv2%2Fcomments&post=7238"}],"version-history":[{"count":1,"href":"https:\/\/matrend.hu\/maitrend\/index.php?rest_route=\/wp\/v2\/posts\/7238\/revisions"}],"predecessor-version":[{"id":7240,"href":"https:\/\/matrend.hu\/maitrend\/index.php?rest_route=\/wp\/v2\/posts\/7238\/revisions\/7240"}],"wp:featuredmedia":[{"embeddable":true,"href":"https:\/\/matrend.hu\/maitrend\/index.php?rest_route=\/wp\/v2\/media\/7239"}],"wp:attachment":[{"href":"https:\/\/matrend.hu\/maitrend\/index.php?rest_route=%2Fwp%2Fv2%2Fmedia&parent=7238"}],"wp:term":[{"taxonomy":"category","embeddable":true,"href":"https:\/\/matrend.hu\/maitrend\/index.php?rest_route=%2Fwp%2Fv2%2Fcategories&post=7238"},{"taxonomy":"post_tag","embeddable":true,"href":"https:\/\/matrend.hu\/maitrend\/index.php?rest_route=%2Fwp%2Fv2%2Ftags&post=7238"}],"curies":[{"name":"wp","href":"https:\/\/api.w.org\/{rel}","templated":true}]}}