{"id":8597,"date":"2026-08-31T19:28:10","date_gmt":"2026-08-31T17:28:10","guid":{"rendered":"https:\/\/matrend.hu\/maitrend\/?p=8597"},"modified":"2026-08-31T19:28:10","modified_gmt":"2026-08-31T17:28:10","slug":"varatlanul-meghalt-a-kincsvadaszok-sztarja","status":"publish","type":"post","link":"https:\/\/matrend.hu\/maitrend\/?p=8597","title":{"rendered":"V\u00e1ratlanul meghalt a Kincsvad\u00e1szok szt\u00e1rja!"},"content":{"rendered":"<h3>A n\u00e9z\u0151k tal\u00e1n m\u00e9g eml\u00e9keznek arra az id\u0151s asszonyra, aki k\u00fcl\u00f6nleges t\u00f6rt\u00e9net\u00e9vel \u00e9s f\u00e9ltve \u0151rz\u00f6tt kincs\u00e9vel \u00e9rkezett a Kincsvad\u00e1szok st\u00fadi\u00f3j\u00e1ba.<br \/>\nA t\u00f6r\u00e9keny, m\u00e9gis rendk\u00edv\u00fcl hat\u00e1rozott h\u00f6lgy nem csup\u00e1n egy r\u00e9gi t\u00e1rgyat vitt mag\u00e1val. Egy eg\u00e9sz \u00e9let eml\u00e9keit hozta el. Minden mondat\u00e1b\u00f3l \u00e9rz\u0151d\u00f6tt, hogy sz\u00e1m\u00e1ra az a bizonyos darab sokkal t\u00f6bbet jelentett egyszer\u0171 r\u00e9gis\u00e9gn\u00e9l.<br \/>\nA st\u00fadi\u00f3ban akkor m\u00e9g mosolyogva mes\u00e9lt.<br \/>\nSenki sem gondolhatta, hogy egyszer majd eg\u00e9szen m\u00e1s \u00e9rz\u00e9s lesz visszan\u00e9zni ezeket a pillanatokat.<br \/>\nA szomor\u00fa h\u00edr ugyanis k\u00e9s\u0151bb \u00e9rkezett: a szerethet\u0151, eml\u00e9kezetes id\u0151s h\u00f6lgy v\u00e1ratlanul elhunyt.<br \/>\nAzok sz\u00e1m\u00e1ra, akik l\u00e1tt\u00e1k a m\u0171sorban, k\u00fcl\u00f6n\u00f6sen megr\u00e1z\u00f3 lehet visszagondolni arra, milyen vid\u00e1man \u00e9s lelkesen besz\u00e9lt az \u00e9let\u00e9r\u0151l, a csal\u00e1dj\u00e1r\u00f3l \u00e9s a f\u00e9ltve \u0151rz\u00f6tt eml\u00e9keir\u0151l.<\/h3>\n<p>VIA FB\/VIDEKINFO<\/p>\n","protected":false},"excerpt":{"rendered":"<p>A n\u00e9z\u0151k tal\u00e1n m\u00e9g eml\u00e9keznek arra az id\u0151s asszonyra, aki k\u00fcl\u00f6nleges t\u00f6rt\u00e9net\u00e9vel \u00e9s f\u00e9ltve \u0151rz\u00f6tt kincs\u00e9vel \u00e9rkezett a Kincsvad\u00e1szok st\u00fadi\u00f3j\u00e1ba&#8230;. <span class=\"gridview-grid-post-read-more\"><a href=\"https:\/\/matrend.hu\/maitrend\/?p=8597\">read more<span class=\"gridview-sr-only\"> V\u00e1ratlanul meghalt a Kincsvad\u00e1szok szt\u00e1rja!<\/span><\/a><\/span><\/p>\n","protected":false},"author":1,"featured_media":8598,"comment_status":"open","ping_status":"open","sticky":false,"template":"","format":"standard","meta":{"footnotes":""},"categories":[1],"tags":[],"class_list":["post-8597","post","type-post","status-publish","format-standard","has-post-thumbnail","hentry","category-egyeb","wpcat-1-id"],"_links":{"self":[{"href":"https:\/\/matrend.hu\/maitrend\/index.php?rest_route=\/wp\/v2\/posts\/8597","targetHints":{"allow":["GET"]}}],"collection":[{"href":"https:\/\/matrend.hu\/maitrend\/index.php?rest_route=\/wp\/v2\/posts"}],"about":[{"href":"https:\/\/matrend.hu\/maitrend\/index.php?rest_route=\/wp\/v2\/types\/post"}],"author":[{"embeddable":true,"href":"https:\/\/matrend.hu\/maitrend\/index.php?rest_route=\/wp\/v2\/users\/1"}],"replies":[{"embeddable":true,"href":"https:\/\/matrend.hu\/maitrend\/index.php?rest_route=%2Fwp%2Fv2%2Fcomments&post=8597"}],"version-history":[{"count":1,"href":"https:\/\/matrend.hu\/maitrend\/index.php?rest_route=\/wp\/v2\/posts\/8597\/revisions"}],"predecessor-version":[{"id":8599,"href":"https:\/\/matrend.hu\/maitrend\/index.php?rest_route=\/wp\/v2\/posts\/8597\/revisions\/8599"}],"wp:featuredmedia":[{"embeddable":true,"href":"https:\/\/matrend.hu\/maitrend\/index.php?rest_route=\/wp\/v2\/media\/8598"}],"wp:attachment":[{"href":"https:\/\/matrend.hu\/maitrend\/index.php?rest_route=%2Fwp%2Fv2%2Fmedia&parent=8597"}],"wp:term":[{"taxonomy":"category","embeddable":true,"href":"https:\/\/matrend.hu\/maitrend\/index.php?rest_route=%2Fwp%2Fv2%2Fcategories&post=8597"},{"taxonomy":"post_tag","embeddable":true,"href":"https:\/\/matrend.hu\/maitrend\/index.php?rest_route=%2Fwp%2Fv2%2Ftags&post=8597"}],"curies":[{"name":"wp","href":"https:\/\/api.w.org\/{rel}","templated":true}]}}