{"id":8618,"date":"2026-09-02T18:18:49","date_gmt":"2026-09-02T16:18:49","guid":{"rendered":"https:\/\/matrend.hu\/maitrend\/?p=8618"},"modified":"2026-09-02T18:18:49","modified_gmt":"2026-09-02T16:18:49","slug":"megtalaltak-az-eltunt-haziorvost","status":"publish","type":"post","link":"https:\/\/matrend.hu\/maitrend\/?p=8618","title":{"rendered":"Megtal\u00e1lt\u00e1k az elt\u0171nt h\u00e1ziorvost!"},"content":{"rendered":"<h3>Dr. P\u00e1sztor L\u00e1szl\u00f3, Erd\u0151kertes polg\u00e1rmestere d\u00f6bbenten besz\u00e9lt a kialakult helyzetr\u0151l. Elmond\u00e1sa szerint az orvos vas\u00e1rnap d\u00e9lel\u0151tt k\u00fcldte el a sz\u00fcks\u00e9ges pap\u00edrokat, majd este m\u00e1r a telep\u00fcl\u00e9s m\u00e1sik h\u00e1ziorvos\u00e1t h\u00edvta fel, hogy szak\u00edtsa meg a szabads\u00e1g\u00e1t \u00e9s t\u00e9rjen vissza dolgozni.<br \/>\nMik\u00f6zben a faluban egyre t\u00f6bben pr\u00f3b\u00e1lt\u00e1k megfejteni, mi \u00e1llhat a v\u00e1ratlan t\u00e1voz\u00e1s h\u00e1tter\u00e9ben, lassan \u00fajabb r\u00e9szletek ker\u00fcltek napvil\u00e1gra.<br \/>\nA polg\u00e1rmester szerint nem egyed\u00fcl t\u00f6rt\u00e9nt a b\u00facs\u00fa: az orvos feles\u00e9ge is otthagyta a praxist, \u00e9s a csal\u00e1d m\u00e1shol, teljesen m\u00e1s elk\u00e9pzel\u00e9sekkel k\u00e9pzeli el a j\u00f6v\u0151j\u00e9t.<br \/>\n\u2013 K\u00f6z\u00f6sen t\u00e1voztak, a feles\u00e9g is otthagyta a praxist. \u0150k m\u00e1shol, m\u00e1sk\u00e9nt k\u00e9pzelt\u00e9k el a j\u00f6v\u0151j\u00fcket \u2013 mondta a telep\u00fcl\u00e9s vezet\u0151je.<br \/>\nA h\u00e1tt\u00e9rben szem\u00e9lyes konfliktusr\u00f3l is besz\u00e9lnek, \u00e1m ennek r\u00e9szleteir\u0151l egyel\u0151re senki sem \u00e1rult el t\u00f6bbet. Az \u00f6nkorm\u00e1nyzat sz\u00e1m\u00e1ra most az a legfontosabb, hogy min\u00e9l hamarabb rendez\u0151dj\u00f6n a helyzet, hiszen egyetlen praxisra h\u00e1rult a telep\u00fcl\u00e9s feln\u0151tt lakoss\u00e1g\u00e1nak ell\u00e1t\u00e1sa.<\/h3>\n<p>VIA Blikk<\/p>\n","protected":false},"excerpt":{"rendered":"<p>Dr. P\u00e1sztor L\u00e1szl\u00f3, Erd\u0151kertes polg\u00e1rmestere d\u00f6bbenten besz\u00e9lt a kialakult helyzetr\u0151l. Elmond\u00e1sa szerint az orvos vas\u00e1rnap d\u00e9lel\u0151tt k\u00fcldte el a sz\u00fcks\u00e9ges&#8230; <span class=\"gridview-grid-post-read-more\"><a href=\"https:\/\/matrend.hu\/maitrend\/?p=8618\">read more<span class=\"gridview-sr-only\"> Megtal\u00e1lt\u00e1k az elt\u0171nt h\u00e1ziorvost!<\/span><\/a><\/span><\/p>\n","protected":false},"author":1,"featured_media":8619,"comment_status":"open","ping_status":"open","sticky":false,"template":"","format":"standard","meta":{"footnotes":""},"categories":[1],"tags":[],"class_list":["post-8618","post","type-post","status-publish","format-standard","has-post-thumbnail","hentry","category-egyeb","wpcat-1-id"],"_links":{"self":[{"href":"https:\/\/matrend.hu\/maitrend\/index.php?rest_route=\/wp\/v2\/posts\/8618","targetHints":{"allow":["GET"]}}],"collection":[{"href":"https:\/\/matrend.hu\/maitrend\/index.php?rest_route=\/wp\/v2\/posts"}],"about":[{"href":"https:\/\/matrend.hu\/maitrend\/index.php?rest_route=\/wp\/v2\/types\/post"}],"author":[{"embeddable":true,"href":"https:\/\/matrend.hu\/maitrend\/index.php?rest_route=\/wp\/v2\/users\/1"}],"replies":[{"embeddable":true,"href":"https:\/\/matrend.hu\/maitrend\/index.php?rest_route=%2Fwp%2Fv2%2Fcomments&post=8618"}],"version-history":[{"count":1,"href":"https:\/\/matrend.hu\/maitrend\/index.php?rest_route=\/wp\/v2\/posts\/8618\/revisions"}],"predecessor-version":[{"id":8620,"href":"https:\/\/matrend.hu\/maitrend\/index.php?rest_route=\/wp\/v2\/posts\/8618\/revisions\/8620"}],"wp:featuredmedia":[{"embeddable":true,"href":"https:\/\/matrend.hu\/maitrend\/index.php?rest_route=\/wp\/v2\/media\/8619"}],"wp:attachment":[{"href":"https:\/\/matrend.hu\/maitrend\/index.php?rest_route=%2Fwp%2Fv2%2Fmedia&parent=8618"}],"wp:term":[{"taxonomy":"category","embeddable":true,"href":"https:\/\/matrend.hu\/maitrend\/index.php?rest_route=%2Fwp%2Fv2%2Fcategories&post=8618"},{"taxonomy":"post_tag","embeddable":true,"href":"https:\/\/matrend.hu\/maitrend\/index.php?rest_route=%2Fwp%2Fv2%2Ftags&post=8618"}],"curies":[{"name":"wp","href":"https:\/\/api.w.org\/{rel}","templated":true}]}}