{"id":8621,"date":"2026-09-02T20:10:28","date_gmt":"2026-09-02T18:10:28","guid":{"rendered":"https:\/\/matrend.hu\/maitrend\/?p=8621"},"modified":"2026-09-02T20:10:28","modified_gmt":"2026-09-02T18:10:28","slug":"elvitte-a-viz-a-duna-elmossa-a-fenekkuszobot","status":"publish","type":"post","link":"https:\/\/matrend.hu\/maitrend\/?p=8621","title":{"rendered":"Elvitte a v\u00edz! A Duna elmossa a fen\u00e9kk\u00fcsz\u00f6b\u00f6t."},"content":{"rendered":"<h3>Ismert, az atomer\u0151m\u0171 t\u00f6bb blokkj\u00e1t a h\u0171t\u00e9shez hideg vizet biztos\u00edt\u00f3 Duna alacsony v\u00edz\u00e1ll\u00e1sa miatt augusztus elej\u00e9n kellett le\u00e1ll\u00edtani, h\u00e1rom h\u00e9ten \u00e1t csak a 2. blokk k\u00e9t turbin\u00e1ja \u00fczemelt teljes kapacit\u00e1ssal. Augusztus 12-\u00e9n sz\u00fcletett d\u00f6nt\u00e9s arr\u00f3l, hogy az atomer\u0151m\u0171 k\u00f6zel\u00e9ben a foly\u00f3n fen\u00e9kk\u00fcsz\u00f6b\u00f6t \u00e9p\u00edtenek, amely a v\u00edzszint emel\u00e9s\u00e9vel lehet\u0151v\u00e9 tette az er\u0151m\u0171 \u00fajraind\u00edt\u00e1s\u00e1t.<\/h3>\n<p>Forr\u00e1s: MSN \/ FB \/ EZT<\/p>\n","protected":false},"excerpt":{"rendered":"<p>Ismert, az atomer\u0151m\u0171 t\u00f6bb blokkj\u00e1t a h\u0171t\u00e9shez hideg vizet biztos\u00edt\u00f3 Duna alacsony v\u00edz\u00e1ll\u00e1sa miatt augusztus elej\u00e9n kellett le\u00e1ll\u00edtani, h\u00e1rom h\u00e9ten&#8230; <span class=\"gridview-grid-post-read-more\"><a href=\"https:\/\/matrend.hu\/maitrend\/?p=8621\">read more<span class=\"gridview-sr-only\"> Elvitte a v\u00edz! A Duna elmossa a fen\u00e9kk\u00fcsz\u00f6b\u00f6t.<\/span><\/a><\/span><\/p>\n","protected":false},"author":1,"featured_media":8622,"comment_status":"open","ping_status":"open","sticky":false,"template":"","format":"standard","meta":{"footnotes":""},"categories":[1],"tags":[],"class_list":["post-8621","post","type-post","status-publish","format-standard","has-post-thumbnail","hentry","category-egyeb","wpcat-1-id"],"_links":{"self":[{"href":"https:\/\/matrend.hu\/maitrend\/index.php?rest_route=\/wp\/v2\/posts\/8621","targetHints":{"allow":["GET"]}}],"collection":[{"href":"https:\/\/matrend.hu\/maitrend\/index.php?rest_route=\/wp\/v2\/posts"}],"about":[{"href":"https:\/\/matrend.hu\/maitrend\/index.php?rest_route=\/wp\/v2\/types\/post"}],"author":[{"embeddable":true,"href":"https:\/\/matrend.hu\/maitrend\/index.php?rest_route=\/wp\/v2\/users\/1"}],"replies":[{"embeddable":true,"href":"https:\/\/matrend.hu\/maitrend\/index.php?rest_route=%2Fwp%2Fv2%2Fcomments&post=8621"}],"version-history":[{"count":1,"href":"https:\/\/matrend.hu\/maitrend\/index.php?rest_route=\/wp\/v2\/posts\/8621\/revisions"}],"predecessor-version":[{"id":8623,"href":"https:\/\/matrend.hu\/maitrend\/index.php?rest_route=\/wp\/v2\/posts\/8621\/revisions\/8623"}],"wp:featuredmedia":[{"embeddable":true,"href":"https:\/\/matrend.hu\/maitrend\/index.php?rest_route=\/wp\/v2\/media\/8622"}],"wp:attachment":[{"href":"https:\/\/matrend.hu\/maitrend\/index.php?rest_route=%2Fwp%2Fv2%2Fmedia&parent=8621"}],"wp:term":[{"taxonomy":"category","embeddable":true,"href":"https:\/\/matrend.hu\/maitrend\/index.php?rest_route=%2Fwp%2Fv2%2Fcategories&post=8621"},{"taxonomy":"post_tag","embeddable":true,"href":"https:\/\/matrend.hu\/maitrend\/index.php?rest_route=%2Fwp%2Fv2%2Ftags&post=8621"}],"curies":[{"name":"wp","href":"https:\/\/api.w.org\/{rel}","templated":true}]}}