{"id":8624,"date":"2026-09-03T13:45:32","date_gmt":"2026-09-03T11:45:32","guid":{"rendered":"https:\/\/matrend.hu\/maitrend\/?p=8624"},"modified":"2026-09-03T13:45:32","modified_gmt":"2026-09-03T11:45:32","slug":"nagy-fero-elarulta-mennyi-a-nyugdija","status":"publish","type":"post","link":"https:\/\/matrend.hu\/maitrend\/?p=8624","title":{"rendered":"Nagy Fer\u00f3 el\u00e1rulta, mennyi a nyugd\u00edja"},"content":{"rendered":"<h3>Amikor sz\u00f3ba ker\u00fclt a nyugd\u00edja, egy r\u00f6vid, de ann\u00e1l meglep\u0151bb v\u00e1laszt adott: \u201eNekem el\u00e9g, 74 ezer forint\u201d \u2013 mondta nevetve az Akt\u00edv riportj\u00e1ban.<br \/>\nFontos azonban, hogy Nagy Fer\u00f3 nem kiz\u00e1r\u00f3lag ebb\u0151l a 74 ezer forintb\u00f3l \u00e9l. Tov\u00e1bbra is fell\u00e9p, emellett a Beatrice dalai \u00e9s saj\u00e1t szerzem\u00e9nyei ut\u00e1n jogd\u00edjakat kap, valamint r\u00e1di\u00f3s munk\u00e1ja is van. A Story besz\u00e1mol\u00f3ja szerint a Kossuth-d\u00edjjal j\u00e1r\u00f3 p\u00e9nzjutalomb\u00f3l is maradt m\u00e9g sz\u00e1m\u00e1ra.<br \/>\nMindez megmagyar\u00e1zza azt is, hogyan mondhatta a 74 ezer forintos \u00f6sszegre, hogy sz\u00e1m\u00e1ra elegend\u0151. Az \u00e1llami nyugd\u00edj teh\u00e1t csak az egyik eleme a bev\u00e9teleinek, mik\u00f6zben akt\u00edv el\u0151ad\u00f3k\u00e9nt tov\u00e1bbra is p\u00e9nzt keres. A Beatrice frontembere id\u00e9n t\u00f6lt\u00f6tte be a 80. \u00e9let\u00e9v\u00e9t, de a visszavonul\u00e1s helyett tov\u00e1bbra is sz\u00ednpadra \u00e1ll. Az orsz\u00e1g k\u00fcl\u00f6nb\u00f6z\u0151 pontjain, k\u00f6zt\u00fck falunapokon \u00e9s m\u00e1s rendezv\u00e9nyeken is fell\u00e9p. A besz\u00e1mol\u00f3k szerint sz\u00e1m\u00e1ra nem az sz\u00e1m\u00edt, mekkora k\u00f6z\u00f6ns\u00e9g v\u00e1rja: ha elv\u00e1llalta a munk\u00e1t, azt elv\u00e9gzi.<\/h3>\n<p>Forr\u00e1s: MSN \/ FB<\/p>\n","protected":false},"excerpt":{"rendered":"<p>Amikor sz\u00f3ba ker\u00fclt a nyugd\u00edja, egy r\u00f6vid, de ann\u00e1l meglep\u0151bb v\u00e1laszt adott: \u201eNekem el\u00e9g, 74 ezer forint\u201d \u2013 mondta nevetve&#8230; <span class=\"gridview-grid-post-read-more\"><a href=\"https:\/\/matrend.hu\/maitrend\/?p=8624\">read more<span class=\"gridview-sr-only\"> Nagy Fer\u00f3 el\u00e1rulta, mennyi a nyugd\u00edja<\/span><\/a><\/span><\/p>\n","protected":false},"author":1,"featured_media":8625,"comment_status":"open","ping_status":"open","sticky":false,"template":"","format":"standard","meta":{"footnotes":""},"categories":[1],"tags":[],"class_list":["post-8624","post","type-post","status-publish","format-standard","has-post-thumbnail","hentry","category-egyeb","wpcat-1-id"],"_links":{"self":[{"href":"https:\/\/matrend.hu\/maitrend\/index.php?rest_route=\/wp\/v2\/posts\/8624","targetHints":{"allow":["GET"]}}],"collection":[{"href":"https:\/\/matrend.hu\/maitrend\/index.php?rest_route=\/wp\/v2\/posts"}],"about":[{"href":"https:\/\/matrend.hu\/maitrend\/index.php?rest_route=\/wp\/v2\/types\/post"}],"author":[{"embeddable":true,"href":"https:\/\/matrend.hu\/maitrend\/index.php?rest_route=\/wp\/v2\/users\/1"}],"replies":[{"embeddable":true,"href":"https:\/\/matrend.hu\/maitrend\/index.php?rest_route=%2Fwp%2Fv2%2Fcomments&post=8624"}],"version-history":[{"count":1,"href":"https:\/\/matrend.hu\/maitrend\/index.php?rest_route=\/wp\/v2\/posts\/8624\/revisions"}],"predecessor-version":[{"id":8626,"href":"https:\/\/matrend.hu\/maitrend\/index.php?rest_route=\/wp\/v2\/posts\/8624\/revisions\/8626"}],"wp:featuredmedia":[{"embeddable":true,"href":"https:\/\/matrend.hu\/maitrend\/index.php?rest_route=\/wp\/v2\/media\/8625"}],"wp:attachment":[{"href":"https:\/\/matrend.hu\/maitrend\/index.php?rest_route=%2Fwp%2Fv2%2Fmedia&parent=8624"}],"wp:term":[{"taxonomy":"category","embeddable":true,"href":"https:\/\/matrend.hu\/maitrend\/index.php?rest_route=%2Fwp%2Fv2%2Fcategories&post=8624"},{"taxonomy":"post_tag","embeddable":true,"href":"https:\/\/matrend.hu\/maitrend\/index.php?rest_route=%2Fwp%2Fv2%2Ftags&post=8624"}],"curies":[{"name":"wp","href":"https:\/\/api.w.org\/{rel}","templated":true}]}}