{"id":8630,"date":"2026-09-03T22:04:31","date_gmt":"2026-09-03T20:04:31","guid":{"rendered":"https:\/\/matrend.hu\/maitrend\/?p=8630"},"modified":"2026-09-03T22:04:31","modified_gmt":"2026-09-03T20:04:31","slug":"orban-viktor-visszater-a-politikai-kozossege-elere","status":"publish","type":"post","link":"https:\/\/matrend.hu\/maitrend\/?p=8630","title":{"rendered":"Orb\u00e1n Viktor visszat\u00e9r a politikai k\u00f6z\u00f6ss\u00e9ge \u00e9l\u00e9re."},"content":{"rendered":"<h3>B\u00f3ka azt mondta, a jelenlegi alkotm\u00e1nyos szab\u00e1lyok alapj\u00e1n Orb\u00e1n Viktor 2030-ban nem lehet sem k\u00e9pvisel\u0151, sem korm\u00e1nyf\u0151. Ugyanakkor hozz\u00e1tette, hogy amennyiben a Fidesz megfelel\u0151 felhatalmaz\u00e1st kap a v\u00e1laszt\u00f3kt\u00f3l, \u201eak\u00e1r \u00e1t is \u00edrhatjuk a szab\u00e1lyokat\u201d, ami szerinte tov\u00e1bbi lehet\u0151s\u00e9geket nyithat meg.<\/h3>\n<p>Forr\u00e1s: MSN \/ FB \/ BPW<\/p>\n","protected":false},"excerpt":{"rendered":"<p>B\u00f3ka azt mondta, a jelenlegi alkotm\u00e1nyos szab\u00e1lyok alapj\u00e1n Orb\u00e1n Viktor 2030-ban nem lehet sem k\u00e9pvisel\u0151, sem korm\u00e1nyf\u0151. Ugyanakkor hozz\u00e1tette, hogy&#8230; <span class=\"gridview-grid-post-read-more\"><a href=\"https:\/\/matrend.hu\/maitrend\/?p=8630\">read more<span class=\"gridview-sr-only\"> Orb\u00e1n Viktor visszat\u00e9r a politikai k\u00f6z\u00f6ss\u00e9ge \u00e9l\u00e9re.<\/span><\/a><\/span><\/p>\n","protected":false},"author":1,"featured_media":8631,"comment_status":"open","ping_status":"open","sticky":false,"template":"","format":"standard","meta":{"footnotes":""},"categories":[1],"tags":[],"class_list":["post-8630","post","type-post","status-publish","format-standard","has-post-thumbnail","hentry","category-egyeb","wpcat-1-id"],"_links":{"self":[{"href":"https:\/\/matrend.hu\/maitrend\/index.php?rest_route=\/wp\/v2\/posts\/8630","targetHints":{"allow":["GET"]}}],"collection":[{"href":"https:\/\/matrend.hu\/maitrend\/index.php?rest_route=\/wp\/v2\/posts"}],"about":[{"href":"https:\/\/matrend.hu\/maitrend\/index.php?rest_route=\/wp\/v2\/types\/post"}],"author":[{"embeddable":true,"href":"https:\/\/matrend.hu\/maitrend\/index.php?rest_route=\/wp\/v2\/users\/1"}],"replies":[{"embeddable":true,"href":"https:\/\/matrend.hu\/maitrend\/index.php?rest_route=%2Fwp%2Fv2%2Fcomments&post=8630"}],"version-history":[{"count":1,"href":"https:\/\/matrend.hu\/maitrend\/index.php?rest_route=\/wp\/v2\/posts\/8630\/revisions"}],"predecessor-version":[{"id":8632,"href":"https:\/\/matrend.hu\/maitrend\/index.php?rest_route=\/wp\/v2\/posts\/8630\/revisions\/8632"}],"wp:featuredmedia":[{"embeddable":true,"href":"https:\/\/matrend.hu\/maitrend\/index.php?rest_route=\/wp\/v2\/media\/8631"}],"wp:attachment":[{"href":"https:\/\/matrend.hu\/maitrend\/index.php?rest_route=%2Fwp%2Fv2%2Fmedia&parent=8630"}],"wp:term":[{"taxonomy":"category","embeddable":true,"href":"https:\/\/matrend.hu\/maitrend\/index.php?rest_route=%2Fwp%2Fv2%2Fcategories&post=8630"},{"taxonomy":"post_tag","embeddable":true,"href":"https:\/\/matrend.hu\/maitrend\/index.php?rest_route=%2Fwp%2Fv2%2Ftags&post=8630"}],"curies":[{"name":"wp","href":"https:\/\/api.w.org\/{rel}","templated":true}]}}