{"id":8640,"date":"2026-09-06T19:32:38","date_gmt":"2026-09-06T17:32:38","guid":{"rendered":"https:\/\/matrend.hu\/maitrend\/?p=8640"},"modified":"2026-09-06T19:32:38","modified_gmt":"2026-09-06T17:32:38","slug":"busztragedia-magyarorszagon-hihetetlen-ami-tortent","status":"publish","type":"post","link":"https:\/\/matrend.hu\/maitrend\/?p=8640","title":{"rendered":"Busztrag\u00e9dia Magyarorsz\u00e1gon! Hihetetlen, ami t\u00f6rt\u00e9nt!"},"content":{"rendered":"<h3>Az \u00fat sz\u00e9l\u00e9re h\u00faz\u00f3dott, a v\u00e9szvillog\u00f3j\u00e1t haszn\u00e1l\u00f3 j\u00e1rm\u0171vet figyelmetlens\u00e9gb\u0151l k\u00e9s\u0151n \u00e9szlelte egy magyar p\u00f3tkocsis teheraut\u00f3 sof\u0151rje, aki a szerelv\u00e9nnyel nagy er\u0151vel neki\u00fctk\u00f6z\u00f6tt a busznak. A sz\u00f3viv\u0151 hozz\u00e1tette, hogy a teheraut\u00f3 vezet\u0151je \u00e9s a busz \u00f6t utasa k\u00f6nnyebb s\u00e9r\u00fcl\u00e9seket szenvedett. Gyarmati Antal, Zalal\u00f6v\u0151 polg\u00e1rmestere (f\u00fcggetlen) az MTI \u00e9rdekl\u0151d\u00e9s\u00e9re azt mondta, a hajnali \u00f3r\u00e1kban kinyitott\u00e1k a helyi \u00e1ltal\u00e1nos iskola tornaterm\u00e9t, \u00e9s az ide sz\u00e1ll\u00edtott utasoknak ell\u00e1t\u00e1st is biztos\u00edtottak. D\u00e9lel\u0151tt a vel\u00fck utaz\u00f3 k\u00e9t lengyel pap szentmis\u00e9t tartott az utasoknak, akik\u00e9rt v\u00e1rhat\u00f3an a kora d\u00e9lut\u00e1ni \u00f3r\u00e1kban \u00e9rkezik meg Lengyelorsz\u00e1gb\u00f3l az \u00e9rt\u00fck k\u00fcld\u00f6tt mentes\u00edt\u0151 j\u00e1rat. Augusztus 16-\u00e1n lengyel zar\u00e1ndokokat sz\u00e1ll\u00edt\u00f3 busz borult fel az M3-as aut\u00f3p\u00e1ly\u00e1n. A s\u00falyos balesetben 12 ember meghalt, t\u00f6bben s\u00falyosan megs\u00e9r\u00fcltek. A rend\u0151rs\u00e9g els\u0151dleges adatai szerint a sof\u0151r elaludt \u00fatk\u00f6zben, \u0151t \u0151rizetbe vett\u00e9k, hal\u00e1los t\u00f6megszerencs\u00e9tlens\u00e9g gondatlan okoz\u00e1sa miatt indult elj\u00e1r\u00e1s ellene.<\/h3>\n<p>Forr\u00e1s: MSN \/ FB<\/p>\n","protected":false},"excerpt":{"rendered":"<p>Az \u00fat sz\u00e9l\u00e9re h\u00faz\u00f3dott, a v\u00e9szvillog\u00f3j\u00e1t haszn\u00e1l\u00f3 j\u00e1rm\u0171vet figyelmetlens\u00e9gb\u0151l k\u00e9s\u0151n \u00e9szlelte egy magyar p\u00f3tkocsis teheraut\u00f3 sof\u0151rje, aki a szerelv\u00e9nnyel nagy&#8230; <span class=\"gridview-grid-post-read-more\"><a href=\"https:\/\/matrend.hu\/maitrend\/?p=8640\">read more<span class=\"gridview-sr-only\"> Busztrag\u00e9dia Magyarorsz\u00e1gon! Hihetetlen, ami t\u00f6rt\u00e9nt!<\/span><\/a><\/span><\/p>\n","protected":false},"author":1,"featured_media":8641,"comment_status":"open","ping_status":"open","sticky":false,"template":"","format":"standard","meta":{"footnotes":""},"categories":[1],"tags":[],"class_list":["post-8640","post","type-post","status-publish","format-standard","has-post-thumbnail","hentry","category-egyeb","wpcat-1-id"],"_links":{"self":[{"href":"https:\/\/matrend.hu\/maitrend\/index.php?rest_route=\/wp\/v2\/posts\/8640","targetHints":{"allow":["GET"]}}],"collection":[{"href":"https:\/\/matrend.hu\/maitrend\/index.php?rest_route=\/wp\/v2\/posts"}],"about":[{"href":"https:\/\/matrend.hu\/maitrend\/index.php?rest_route=\/wp\/v2\/types\/post"}],"author":[{"embeddable":true,"href":"https:\/\/matrend.hu\/maitrend\/index.php?rest_route=\/wp\/v2\/users\/1"}],"replies":[{"embeddable":true,"href":"https:\/\/matrend.hu\/maitrend\/index.php?rest_route=%2Fwp%2Fv2%2Fcomments&post=8640"}],"version-history":[{"count":1,"href":"https:\/\/matrend.hu\/maitrend\/index.php?rest_route=\/wp\/v2\/posts\/8640\/revisions"}],"predecessor-version":[{"id":8642,"href":"https:\/\/matrend.hu\/maitrend\/index.php?rest_route=\/wp\/v2\/posts\/8640\/revisions\/8642"}],"wp:featuredmedia":[{"embeddable":true,"href":"https:\/\/matrend.hu\/maitrend\/index.php?rest_route=\/wp\/v2\/media\/8641"}],"wp:attachment":[{"href":"https:\/\/matrend.hu\/maitrend\/index.php?rest_route=%2Fwp%2Fv2%2Fmedia&parent=8640"}],"wp:term":[{"taxonomy":"category","embeddable":true,"href":"https:\/\/matrend.hu\/maitrend\/index.php?rest_route=%2Fwp%2Fv2%2Fcategories&post=8640"},{"taxonomy":"post_tag","embeddable":true,"href":"https:\/\/matrend.hu\/maitrend\/index.php?rest_route=%2Fwp%2Fv2%2Ftags&post=8640"}],"curies":[{"name":"wp","href":"https:\/\/api.w.org\/{rel}","templated":true}]}}