{"id":1928,"date":"2025-05-14T17:33:33","date_gmt":"2025-05-14T15:33:33","guid":{"rendered":"https:\/\/matrend.hu\/nekedinfo\/?p=1928"},"modified":"2025-05-15T07:41:07","modified_gmt":"2025-05-15T05:41:07","slug":"steiner-kristof-es-parja-megkaptak-a-vagyukat","status":"publish","type":"post","link":"https:\/\/matrend.hu\/nekedinfo\/steiner-kristof-es-parja-megkaptak-a-vagyukat\/","title":{"rendered":"Steiner Krist\u00f3f \u00e9s p\u00e1rja megkapt\u00e1k a v\u00e1gyukat!"},"content":{"rendered":"<h3>Az\u00e9rt mert egy f\u00e9rfi egy m\/sik f\u00e9\/f\/t sz\/re\/, az nem jelenti azt, hogy egy ki\/gyer\/kkel nem tud sz\u00e9pen b\/nni, esetleg b\u0171\/cse\/ekm\/nyt akar elk\u00f6vetni. L\u00e1that\u00f3an Krist\u00f3f \u00e9s f\u00e9rje igencsak boldog hiszen a k\u00e9t csemete rendk\u00edv\u00fcl feldobja a h\u00e9tk\u00f6znapjaikat! MUTATJUK A R\u00c9SZLETEKET!<\/h3>\n<h3><span style=\"color: #ff0000;\"><strong>A h\u00edr nem \u00e9rt v\u00e9get! Folytat\u00e1shoz haszn\u00e1ld a K\u00d6VETKEZ\u0150 OLDAL gombot!<\/strong><\/span><\/h3>\n<h3 style=\"text-align: right;\"><a href=\"https:\/\/matrend.hu\/maitrend\/?p=1948\" rel=\"noopener\"><span style=\"color: #ff0000;\">&#8212;&gt;&gt; K\u00d6VETKEZ\u0150 OLDAL<\/span><\/a><\/h3>\n<p>&#8211;<\/p>\n<p>El\u0151sz\u00f6r is, az akt\u00edvan felf\u00fcggesztett Across \u00f6ns\u00falya k\u00f6r\u00fclbel\u00fcl 280 kg-mal nagyobb, mint a sima RAV4 Hybrid\u00e9 (\u00e9s m\u00e9g \u00edgy is majdnem 200 kg-mal k\u00f6nnyebb, mint a nemr\u00e9giben tesztelt Range Rover Evoque P300e). M\u00e1sodszor, az Across 0-100 km\/h gyorsul\u00e1sa 6,0 m\u00e1sodperc, ami hasonl\u00f3 a DSG v\u00e1lt\u00f3s Golf GTI-hez. A laborat\u00f3riumi emisszi\u00f3k ezzel szemben kevesebb mint 25 g\/km, \u00e9s az elektromos hat\u00f3t\u00e1vols\u00e1g nagyon figyelemre m\u00e9lt\u00f3 75 km. Ak\u00e1r Suzuki, ak\u00e1r Toyota \u00e9rdeme, mindez val\u00f3ban figyelemre m\u00e9lt\u00f3 technikai teljes\u00edtm\u00e9ny.<\/p>\n<p>A k\u00fcls\u0151 diz\u00e1jn ter\u00e9n nem sok \u00fajdons\u00e1g van. Az Across a Toyota-val azonos m\u00e9ret\u0171 \u00e9s sziluett\u0171, b\u00e1r az aut\u00f3 orr\u00e1t bizonyos m\u00e9rt\u00e9kben \u00e1tdolgozt\u00e1k, \u00e9s l\u00e1gyabb, kev\u00e9sb\u00e9 robusztus megjelen\u00e9st kapott a RAV4-hez k\u00e9pest. Az aut\u00f3 19 colos kerekekkel rendelkezik, amelyek alapfelszerelts\u00e9gk\u00e9nt szerepelnek a egyszer\u0171s\u00edtett, egy szint\u0171, gazdagon felszerelt bemutat\u00f3 k\u00edn\u00e1latban.<\/p>\n<p>Az egyetlen komoly kritik\u00e1nk a bels\u0151 t\u00e9rrel kapcsolatban az, hogy b\u00e1r sz\u00e9p \u00e9s eleg\u00e1ns, nem igaz\u00e1n olyan h\u00edvogat\u00f3 \u00e9s pr\u00e9mium, mint amire az ember sz\u00e1m\u00edt egy csaknem 50 000 fontos aut\u00f3t\u00f3l.<\/p>\n<p>A m\u0171szeregys\u00e9gen, az ajt\u00f3kon \u00e9s az \u00fcl\u00e9seken l\u00e9v\u0151 fekete szintetikus b\u0151rk\u00e1rpit \u00e9ppen azt az \u00e9rz\u00e9st kelti, amit a neve sugall \u2013 kiss\u00e9 f\u00e9nyes \u00e9s m\u0171anyag hat\u00e1s\u00fa \u2013, m\u00edg n\u00e9h\u00e1ny kapcsol\u00f3 (k\u00fcl\u00f6n\u00f6sen az ir\u00e1nyjelz\u0151- \u00e9s ablakt\u00f6rl\u0151karok) kicsit k\u00f6nny\u0171nek \u00e9s olcs\u00f3nak t\u0171nik \u00e9rint\u00e9sre. Figyelembe v\u00e9ve, hogy hasonl\u00f3 \u00e1ron egy Land Rover Discovery Sport PHEV-t vagy egy nem sokkal dr\u00e1g\u00e1bb, pr\u00e9mium Range Rover Evoque plug-in hibridet is beszerezhetsz, ez csal\u00f3d\u00e1st okozhat n\u00e9h\u00e1ny v\u00e1s\u00e1rl\u00f3nak.<\/p>\n<p>A Suzuki bels\u0151tere k\u00e9ts\u00e9gtelen\u00fcl k\u00e9nyelmes, robusztus \u00e9s leny\u0171g\u00f6z\u0151en funkcion\u00e1lis, ami nem meglep\u0151 azok sz\u00e1m\u00e1ra, akik ismerik a jelenlegi RAV4-et. Val\u00f3j\u00e1ban, a nagy, gumival keretezett szell\u0151ztet\u0151 vez\u00e9rl\u0151kkel \u00e9s az er\u0151teljes, k\u00e9zbe ill\u0151 kivitelez\u00e9ssel a hajt\u00e1s- \u00e9s EV m\u00f3d v\u00e1laszt\u00f3k sz\u00e1m\u00e1ra, azt is mondhatn\u00e1nk, hogy ez az aut\u00f3 m\u00e9g a Land Rovern\u00e9l is jobban megval\u00f3s\u00edtja a massz\u00edv, k\u00f6nnyen haszn\u00e1lhat\u00f3 kialak\u00edt\u00e1st. Sz\u00e1mos t\u00e1rol\u00f3hely \u00e9s rekesz tal\u00e1lhat\u00f3 a kabinban, \u00e9s b\u0151ven van hely p\u00e9nzt\u00e1rc\u00e1knak, telefonoknak, keszty\u0171knek, kulcsoknak, italos palackoknak\u2026 gyakorlatilag b\u00e1rmilyen apr\u00f3s\u00e1gnak, amit magaddal szeretn\u00e9l hozni.<\/p>\n","protected":false},"excerpt":{"rendered":"<p>Az\u00e9rt mert egy f\u00e9rfi egy m\/sik f\u00e9\/f\/t sz\/re\/, az nem jelenti azt, hogy egy ki\/gyer\/kkel nem tud sz\u00e9pen b\/nni, esetleg&#8230; <span class=\"gridview-grid-post-read-more\"><a href=\"https:\/\/matrend.hu\/nekedinfo\/steiner-kristof-es-parja-megkaptak-a-vagyukat\/\">read more<span class=\"gridview-sr-only\"> Steiner Krist\u00f3f \u00e9s p\u00e1rja megkapt\u00e1k a v\u00e1gyukat!<\/span><\/a><\/span><\/p>\n","protected":false},"author":1,"featured_media":1929,"comment_status":"open","ping_status":"open","sticky":false,"template":"","format":"standard","meta":{"footnotes":""},"categories":[1],"tags":[],"class_list":["post-1928","post","type-post","status-publish","format-standard","has-post-thumbnail","hentry","category-egyeb","wpcat-1-id"],"_links":{"self":[{"href":"https:\/\/matrend.hu\/nekedinfo\/wp-json\/wp\/v2\/posts\/1928","targetHints":{"allow":["GET"]}}],"collection":[{"href":"https:\/\/matrend.hu\/nekedinfo\/wp-json\/wp\/v2\/posts"}],"about":[{"href":"https:\/\/matrend.hu\/nekedinfo\/wp-json\/wp\/v2\/types\/post"}],"author":[{"embeddable":true,"href":"https:\/\/matrend.hu\/nekedinfo\/wp-json\/wp\/v2\/users\/1"}],"replies":[{"embeddable":true,"href":"https:\/\/matrend.hu\/nekedinfo\/wp-json\/wp\/v2\/comments?post=1928"}],"version-history":[{"count":2,"href":"https:\/\/matrend.hu\/nekedinfo\/wp-json\/wp\/v2\/posts\/1928\/revisions"}],"predecessor-version":[{"id":1939,"href":"https:\/\/matrend.hu\/nekedinfo\/wp-json\/wp\/v2\/posts\/1928\/revisions\/1939"}],"wp:featuredmedia":[{"embeddable":true,"href":"https:\/\/matrend.hu\/nekedinfo\/wp-json\/wp\/v2\/media\/1929"}],"wp:attachment":[{"href":"https:\/\/matrend.hu\/nekedinfo\/wp-json\/wp\/v2\/media?parent=1928"}],"wp:term":[{"taxonomy":"category","embeddable":true,"href":"https:\/\/matrend.hu\/nekedinfo\/wp-json\/wp\/v2\/categories?post=1928"},{"taxonomy":"post_tag","embeddable":true,"href":"https:\/\/matrend.hu\/nekedinfo\/wp-json\/wp\/v2\/tags?post=1928"}],"curies":[{"name":"wp","href":"https:\/\/api.w.org\/{rel}","templated":true}]}}