{"id":1945,"date":"2025-05-15T16:46:09","date_gmt":"2025-05-15T14:46:09","guid":{"rendered":"https:\/\/matrend.hu\/nekedinfo\/?p=1945"},"modified":"2025-05-16T10:28:06","modified_gmt":"2025-05-16T08:28:06","slug":"nyilvanossagra-kerult-krausz-gabor-uzenetei-toth-gabinak","status":"publish","type":"post","link":"https:\/\/matrend.hu\/nekedinfo\/nyilvanossagra-kerult-krausz-gabor-uzenetei-toth-gabinak\/","title":{"rendered":"Nyilv\u00e1noss\u00e1gra ker\u00fclt Krausz G\u00e1bor \u00fczenetei T\u00f3th Gabinak!"},"content":{"rendered":"<h3>A v\u00e1l\u00e1s k\u00f6r\u00fcli fesz\u00fclts\u00e9g \u00faj szintre l\u00e9pett, miut\u00e1n Krausz G\u00e1bor ny\u00edltan besz\u00e9lt T\u00f3th Gabi h*tlens\u00e9g\u00e9r\u0151l a Titkok Ram\u00f3n\u00e1val c\u00edm\u0171 m\u0171sorban. Gabi el\u0151sz\u00f6r Instagramon reag\u00e1lt, majd a Best magazinban t\u00e1rta fel azokat a m\u00e9ly sebeket, amiket szerinte volt f\u00e9rje okozott. \u201eMindenkit ellenem ford\u00edtott, m\u00e9g a saj\u00e1t bar\u00e1taimat is. Mindig tudta, hol f\u00e1j a legjobban\u201d \u2013 fogalmazott keser\u0171en. \u00dagy \u00e9rzi, volt p\u00e1rja nemcsak a mag\u00e1n\u00e9let\u00e9t rombolta le, de most a karrierj\u00e9t is pr\u00f3b\u00e1lja ellehetetlen\u00edteni.<\/h3>\n<h3><span style=\"color: #ff0000;\"><strong>A h\u00edr nem \u00e9rt v\u00e9get! Folytat\u00e1shoz haszn\u00e1ld a K\u00d6VETKEZ\u0150 OLDAL gombot!<\/strong><\/span><\/h3>\n<h3 style=\"text-align: right;\"><a href=\"https:\/\/matrend.hu\/maitrend\/?p=1959\" rel=\"noopener\"><span style=\"color: #ff0000;\">&#8212;&gt;&gt; K\u00d6VETKEZ\u0150 OLDAL<\/span><\/a><\/h3>\n<p>&#8211;<\/p>\n<p>A Peugeot az elm\u00falt \u00e9vekben pr\u00e9mium ir\u00e1nyba mozdult el, kih\u00edv\u00e1st int\u00e9zve a m\u00e1r bej\u00e1ratott fels\u0151kateg\u00f3ri\u00e1s m\u00e1rk\u00e1k fel\u00e9 mind a kidolgozotts\u00e1g, mind a figyelemfelkelt\u0151 formatervez\u00e9s ter\u00e9n. A 208-as eset\u00e9ben ez ut\u00f3bbi mindenk\u00e9pp siker\u00fclt, k\u00fcl\u00f6n\u00f6sen a letisztult m\u0171szerfal kialak\u00edt\u00e1sa emelkedik ki.<br \/>\nAz imm\u00e1r ismer\u0151s i-Cockpit elrendez\u00e9s leg\u00fajabb v\u00e1ltozata jelenik meg az e-208-ban: magasan elhelyezett m\u0171szeregys\u00e9g tal\u00e1lhat\u00f3 a kis \u00e1tm\u00e9r\u0151j\u0171 korm\u00e1nyker\u00e9k f\u00f6l\u00f6tt. Az ezen a platformon alapul\u00f3 aut\u00f3k mindegyik\u00e9re jellemz\u0151 a korl\u00e1tozott els\u0151 l\u00e1bt\u00e9r, ami magasabb vezet\u0151knek gondot okozhat \u2013 ezt a probl\u00e9m\u00e1t tov\u00e1bb s\u00falyosb\u00edtja, hogy az i-Cockpit elrendez\u00e9s megk\u00f6veteli a korm\u00e1ny alacsony be\u00e1ll\u00edt\u00e1s\u00e1t. Ahogy sok m\u00e1s Peugeot-n\u00e1l, itt is \u00e9rdemes v\u00e1s\u00e1rl\u00e1s el\u0151tt legal\u00e1bb be\u00fclni egybe, mert van, akinek bej\u00f6n ez a poz\u00edci\u00f3, m\u00e1soknak viszont kiz\u00e1r\u00f3 ok.<br \/>\nA magasabb felszerelts\u00e9gekn\u00e9l a m\u0171szeregys\u00e9g 3D hat\u00e1s\u00fa \u2013 l\u00e1tv\u00e1nyos megold\u00e1s, tetszet\u0151s is, de szem\u00e9ly szerint jobban \u00f6r\u00fcltem volna fizikai h\u0151m\u00e9rs\u00e9klet-szab\u00e1lyz\u00f3nak. A hangvez\u00e9rl\u00e9s ilyen t\u00e9ren teljesen haszn\u00e1lhatatlan.<\/p>\n<p>A 10 colos infotainment kijelz\u0151 k\u00f6z\u00e9pen helyezkedik el, \u00e9s enyh\u00e9n a vezet\u0151 fel\u00e9 fordul. Alatta egy sor rendezett \u201ezongorabillenty\u0171\u201d tal\u00e1lhat\u00f3, amelyek gyorsbillenty\u0171k\u00e9nt szolg\u00e1lnak az egyes kl\u00edmabe\u00e1ll\u00edt\u00e1sokhoz (b\u00e1r frusztr\u00e1l\u00f3 m\u00f3don nem a h\u0151m\u00e9rs\u00e9klethez), valamint \u00e9rint\u00e9s\u00e9rz\u00e9keny kezd\u0151lap- \u00e9s vezet\u00e9st\u00e1mogat\u00f3 funkci\u00f3 gomb is van. A modellfriss\u00edt\u00e9s el\u0151tt m\u00e9g egy teljes sor gyorsgomb volt itt, de ezeket az\u00f3ta elt\u00e1vol\u00edtott\u00e1k.<br \/>\nB\u00e1r a fontosabb \u00e9rint\u00e9si pontokon puha m\u0171anyagokat alkalmaztak, \u00e9s a kezel\u0151szervek kellemes f\u00e9nyes fekete \u00e9s sz\u00e1lcsiszolt f\u00e9m hat\u00e1s\u00fa elemeket \u00f6tv\u00f6znek, m\u00e9g mindig t\u00fal sok az olcs\u00f3 hat\u00e1s\u00fa anyag az utast\u00e9rben, \u00edgy az \u00f6sszbenyom\u00e1s nem \u00e9ri el a teljes pr\u00e9mium \u00e9rzetet.<br \/>\nA Peugeot t\u00f6rekv\u00e9se, hogy az elektromos hajt\u00e1sl\u00e1ncot min\u00e9l kev\u00e9sb\u00e9 zavar\u00f3 m\u00f3don helyezze el, kihozta a lehet\u0151s\u00e9gekb\u0151l a legt\u00f6bbet a t\u00e9rkihaszn\u00e1l\u00e1s \u00e9s praktikum ter\u00e9n \u2013 b\u00e1r n\u00e9h\u00e1ny szempontb\u00f3l ez m\u00e9g mindig korl\u00e1tozott. A h\u00e1ts\u00f3 l\u00e1bt\u00e9r rendk\u00edv\u00fcl sz\u0171k, b\u00e1r a 309 literes csomagtart\u00f3 a kateg\u00f3ri\u00e1hoz k\u00e9pest korrektnek sz\u00e1m\u00edt. Hamis padl\u00f3 viszont nincs, \u00edgy a t\u00f6lt\u0151k\u00e1belt nem lehet elrejteni.<br \/>\nAz aut\u00f3ban sz\u00e1mos praktikus t\u00e1rol\u00f3rekesz tal\u00e1lhat\u00f3, valamint n\u00e9gy USB-csatlakoz\u00f3 (k\u00f6zt\u00fck USB-C) is a rendelkez\u00e9sre \u00e1ll.<\/p>\n","protected":false},"excerpt":{"rendered":"<p>A v\u00e1l\u00e1s k\u00f6r\u00fcli fesz\u00fclts\u00e9g \u00faj szintre l\u00e9pett, miut\u00e1n Krausz G\u00e1bor ny\u00edltan besz\u00e9lt T\u00f3th Gabi h*tlens\u00e9g\u00e9r\u0151l a Titkok Ram\u00f3n\u00e1val c\u00edm\u0171 m\u0171sorban&#8230;. <span class=\"gridview-grid-post-read-more\"><a href=\"https:\/\/matrend.hu\/nekedinfo\/nyilvanossagra-kerult-krausz-gabor-uzenetei-toth-gabinak\/\">read more<span class=\"gridview-sr-only\"> Nyilv\u00e1noss\u00e1gra ker\u00fclt Krausz G\u00e1bor \u00fczenetei T\u00f3th Gabinak!<\/span><\/a><\/span><\/p>\n","protected":false},"author":1,"featured_media":1946,"comment_status":"open","ping_status":"open","sticky":false,"template":"","format":"standard","meta":{"footnotes":""},"categories":[1],"tags":[],"class_list":["post-1945","post","type-post","status-publish","format-standard","has-post-thumbnail","hentry","category-egyeb","wpcat-1-id"],"_links":{"self":[{"href":"https:\/\/matrend.hu\/nekedinfo\/wp-json\/wp\/v2\/posts\/1945","targetHints":{"allow":["GET"]}}],"collection":[{"href":"https:\/\/matrend.hu\/nekedinfo\/wp-json\/wp\/v2\/posts"}],"about":[{"href":"https:\/\/matrend.hu\/nekedinfo\/wp-json\/wp\/v2\/types\/post"}],"author":[{"embeddable":true,"href":"https:\/\/matrend.hu\/nekedinfo\/wp-json\/wp\/v2\/users\/1"}],"replies":[{"embeddable":true,"href":"https:\/\/matrend.hu\/nekedinfo\/wp-json\/wp\/v2\/comments?post=1945"}],"version-history":[{"count":2,"href":"https:\/\/matrend.hu\/nekedinfo\/wp-json\/wp\/v2\/posts\/1945\/revisions"}],"predecessor-version":[{"id":1956,"href":"https:\/\/matrend.hu\/nekedinfo\/wp-json\/wp\/v2\/posts\/1945\/revisions\/1956"}],"wp:featuredmedia":[{"embeddable":true,"href":"https:\/\/matrend.hu\/nekedinfo\/wp-json\/wp\/v2\/media\/1946"}],"wp:attachment":[{"href":"https:\/\/matrend.hu\/nekedinfo\/wp-json\/wp\/v2\/media?parent=1945"}],"wp:term":[{"taxonomy":"category","embeddable":true,"href":"https:\/\/matrend.hu\/nekedinfo\/wp-json\/wp\/v2\/categories?post=1945"},{"taxonomy":"post_tag","embeddable":true,"href":"https:\/\/matrend.hu\/nekedinfo\/wp-json\/wp\/v2\/tags?post=1945"}],"curies":[{"name":"wp","href":"https:\/\/api.w.org\/{rel}","templated":true}]}}