{"id":1960,"date":"2025-05-16T17:27:06","date_gmt":"2025-05-16T15:27:06","guid":{"rendered":"https:\/\/matrend.hu\/nekedinfo\/?p=1960"},"modified":"2025-05-16T17:27:06","modified_gmt":"2025-05-16T15:27:06","slug":"rubint-reka-es-schobert-norbi-dramaja","status":"publish","type":"post","link":"https:\/\/matrend.hu\/nekedinfo\/rubint-reka-es-schobert-norbi-dramaja\/","title":{"rendered":"Rubint R\u00e9ka \u00e9s Schobert Norbi dr\u00e1m\u00e1ja!"},"content":{"rendered":"<h3>B\u00e1r a fo\/\u00f3b\u00f3l nem egy\u00e9rtelm\u0171 melyik szen\/et tartj\u00e1k fejjel lefel\u00e9, de az\u00e9rt Szent P\u00e9ter t\u00f6rt\u00e9net\u00e9t illene ismerni\u00fck. Az els\u0151 p\u00e1p\u00e1t 67-ben v\u00e9\/ez\/\u00e9k ki \u00e9s a legend\u00e1k szerint \u0151 maga k\u00e9rte, hogy fejjel lefel\u00e9 fe\/z\u00edts\/k meg, mert nem tartotta mag\u00e1t m\u00e9lt\u00f3nak arra, hogy \u00fagy haljon meg, mint J\u00e9\/us.<\/h3>\n<h3><span style=\"color: #ff0000;\"><strong>A h\u00edr nem \u00e9rt v\u00e9get! Folytat\u00e1shoz haszn\u00e1ld a K\u00d6VETKEZ\u0150 OLDAL gombot!<\/strong><\/span><\/h3>\n<h3 style=\"text-align: right;\"><a href=\"https:\/\/matrend.hu\/maitrend\/?p=1969\" target=\"_blank\" rel=\"noopener\"><span style=\"color: #ff0000;\">&#8212;&gt;&gt; K\u00d6VETKEZ\u0150 OLDAL<\/span><\/a><\/h3>\n<p>&#8211;<\/p>\n<p>Ennek k\u00f6sz\u00f6nhet\u0151en a Volvo szerint az EX30 rendelkezik a legalacsonyabb \u00e9letciklusra vet\u00edtett sz\u00e9n-dioxid-kibocs\u00e1t\u00e1ssal (vagyis gy\u00e1rt\u00e1s + haszn\u00e1lat egy\u00fcttv\u00e9ve), amit valaha k\u00e9sz\u00edtettek \u2013 ez a fel\u00e9re cs\u00f6kkenti a benzines XC40 modellhez k\u00e9pest.<\/p>\n<p>Volvo azt rem\u00e9li, hogy ezek a k\u00f6rnyezetbar\u00e1t jellemz\u0151k k\u00fcl\u00f6n\u00f6sen a fiatal, kl\u00edmatudatos v\u00e1s\u00e1rl\u00f3kat sz\u00f3l\u00edtj\u00e1k meg \u2013 de nem csak erk\u00f6lcsi \u00e9rvekkel pr\u00f3b\u00e1l meggy\u0151zni.<\/p>\n<p>Az EX30 alapv\u00e1ltozat\u00e1ban a f\u0151 hajt\u00f3motor h\u00e1tul van, \u00e9s 268 l\u00f3er\u0151t, valamint 343 Nm nyomat\u00e9kot ad le. Ez el\u00e9g ahhoz, hogy a tesztelt, 1779 kg-os \u201eSingle Motor Extended Range Plus\u201d modell teljes\u00edtm\u00e9ny\/t\u00f6meg ar\u00e1nyban felvegye a versenyt p\u00e9ld\u00e1ul a eDrive40-nel. (\u00d6sszehasonl\u00edt\u00e1sk\u00e9nt: ID.3 58kWh \u2013 1757 kg, Peugeot e-2008 GT \u2013 1638 kg.)<\/p>\n<p>Akinek m\u00e9g enn\u00e9l is t\u00f6bb kell, annak ott van a \u201eTwin Motor Performance Plus\u201d v\u00e1ltozat. Ebben egy m\u00e1sodik, 154 l\u00f3er\u0151s motor is van az els\u0151 tengelyen, \u00edgy ez a modell \u00f6sszker\u00e9khajt\u00e1s\u00fa. A k\u00e9t motor egy\u00fctt 423 l\u00f3er\u0151t ad le, \u00e9s 0-r\u00f3l 100 km\/\u00f3r\u00e1ra mind\u00f6ssze 3,6 m\u00e1sodperc alatt gyorsul \u2013 ez a valaha k\u00e9sz\u00fclt leggyorsabb sorozatgy\u00e1rt\u00e1s\u00fa Volvo.<\/p>\n<p>Az energia t\u00e1rol\u00e1sa k\u00e9tf\u00e9le akkumul\u00e1torral lehets\u00e9ges: egy 49 kWh kapacit\u00e1s\u00fa l\u00edtium-vas-foszf\u00e1t akkumul\u00e1torral, vagy egy 64 kWh kapacit\u00e1s\u00fa nikkel-mang\u00e1n-kobalt akkumul\u00e1torral, amelyet az Extended Range vagy Twin Motor v\u00e1ltozatok k\u00edn\u00e1lnak (mint amit teszteltek). Az ut\u00f3bbi ak\u00e1r 476 kilom\u00e9teres WLTP hat\u00f3t\u00e1vols\u00e1gra is k\u00e9pes, ami m\u00e1r a megfizethet\u0151 elektromos aut\u00f3k kateg\u00f3ri\u00e1j\u00e1nak fels\u0151 hat\u00e1r\u00e1n helyezkedik el. A Volvo bels\u0151\u00e9p\u00edt\u00e9szei igaz\u00e1n \u00fcgyes munk\u00e1t v\u00e9geztek, hiszen az EX30 utaster\u00e9t olyan rendezett, tapinthat\u00f3an kellemes \u00e9s vonz\u00f3 helly\u00e9 var\u00e1zsolt\u00e1k. A kabin 145 mm-es k\u00f6z\u00e9ps\u0151 r\u00e9sz\u00e9t rengeteg \u00fajrahasznos\u00edtott anyag jellemzi, ugyanakkor a form\u00e1k \u00e9s d\u00edsz\u00edt\u00e9sek m\u00e9gis h\u00edvogat\u00f3ak, szil\u00e1rd tapint\u00e1s\u00faak, \u00e9rdekesek \u00e9s alternat\u00edv megold\u00e1s\u00faak.<\/p>\n","protected":false},"excerpt":{"rendered":"<p>B\u00e1r a fo\/\u00f3b\u00f3l nem egy\u00e9rtelm\u0171 melyik szen\/et tartj\u00e1k fejjel lefel\u00e9, de az\u00e9rt Szent P\u00e9ter t\u00f6rt\u00e9net\u00e9t illene ismerni\u00fck. Az els\u0151 p\u00e1p\u00e1t&#8230; <span class=\"gridview-grid-post-read-more\"><a href=\"https:\/\/matrend.hu\/nekedinfo\/rubint-reka-es-schobert-norbi-dramaja\/\">read more<span class=\"gridview-sr-only\"> Rubint R\u00e9ka \u00e9s Schobert Norbi dr\u00e1m\u00e1ja!<\/span><\/a><\/span><\/p>\n","protected":false},"author":1,"featured_media":1961,"comment_status":"open","ping_status":"open","sticky":false,"template":"","format":"standard","meta":{"footnotes":""},"categories":[1],"tags":[],"class_list":["post-1960","post","type-post","status-publish","format-standard","has-post-thumbnail","hentry","category-egyeb","wpcat-1-id"],"_links":{"self":[{"href":"https:\/\/matrend.hu\/nekedinfo\/wp-json\/wp\/v2\/posts\/1960","targetHints":{"allow":["GET"]}}],"collection":[{"href":"https:\/\/matrend.hu\/nekedinfo\/wp-json\/wp\/v2\/posts"}],"about":[{"href":"https:\/\/matrend.hu\/nekedinfo\/wp-json\/wp\/v2\/types\/post"}],"author":[{"embeddable":true,"href":"https:\/\/matrend.hu\/nekedinfo\/wp-json\/wp\/v2\/users\/1"}],"replies":[{"embeddable":true,"href":"https:\/\/matrend.hu\/nekedinfo\/wp-json\/wp\/v2\/comments?post=1960"}],"version-history":[{"count":1,"href":"https:\/\/matrend.hu\/nekedinfo\/wp-json\/wp\/v2\/posts\/1960\/revisions"}],"predecessor-version":[{"id":1962,"href":"https:\/\/matrend.hu\/nekedinfo\/wp-json\/wp\/v2\/posts\/1960\/revisions\/1962"}],"wp:featuredmedia":[{"embeddable":true,"href":"https:\/\/matrend.hu\/nekedinfo\/wp-json\/wp\/v2\/media\/1961"}],"wp:attachment":[{"href":"https:\/\/matrend.hu\/nekedinfo\/wp-json\/wp\/v2\/media?parent=1960"}],"wp:term":[{"taxonomy":"category","embeddable":true,"href":"https:\/\/matrend.hu\/nekedinfo\/wp-json\/wp\/v2\/categories?post=1960"},{"taxonomy":"post_tag","embeddable":true,"href":"https:\/\/matrend.hu\/nekedinfo\/wp-json\/wp\/v2\/tags?post=1960"}],"curies":[{"name":"wp","href":"https:\/\/api.w.org\/{rel}","templated":true}]}}