{"id":1982,"date":"2025-05-17T19:35:26","date_gmt":"2025-05-17T17:35:26","guid":{"rendered":"https:\/\/matrend.hu\/nekedinfo\/?p=1982"},"modified":"2025-05-17T19:35:26","modified_gmt":"2025-05-17T17:35:26","slug":"neoton-familia-drama","status":"publish","type":"post","link":"https:\/\/matrend.hu\/nekedinfo\/neoton-familia-drama\/","title":{"rendered":"Neoton Fam\u00edlia dr\u00e1ma"},"content":{"rendered":"<h3>Intenz\u00edv oszt\u00e1lyra ker\u00fclt Baracs J\u00e1nos, a Neoton Fam\u00edlia bas\/zus\/it\u00e1ros\u00e1nak fia, miut\u00e1n s\u00falyos bels\u0151 v\/rz\/st okozott n\u00e1la egy gyo\/orfe\/\u00e9ly \u2013 sz\u00e1molt be a Metropol. A csal\u00e1d k\u00f6zl\u00e9se szerint a v\u00e9\/z\/s sok\u00e1ig rejtve maradt, \u00edgy a fiatalember \u00e1llapota \u00e9le\/vesz\u00e9\/yess\u00e9 v\u00e1lt. MUTATJUK A R\u00c9SZLETEKET!<\/h3>\n<h3><span style=\"color: #ff0000;\"><strong>A h\u00edr nem \u00e9rt v\u00e9get! Folytat\u00e1shoz haszn\u00e1ld a K\u00d6VETKEZ\u0150 OLDAL gombot!<\/strong><\/span><\/h3>\n<h3 style=\"text-align: right;\"><a href=\"https:\/\/matrend.hu\/maitrend\/?p=1984\" target=\"_blank\" rel=\"noopener\"><span style=\"color: #ff0000;\">&#8212;&gt;&gt; K\u00d6VETKEZ\u0150 OLDAL<\/span><\/a><\/h3>\n<p>&#8211;<\/p>\n<p>Mivel a Kia Stonic nem k\u00edn\u00e1l n\u00e9gyker\u00e9khajt\u00e1s\u00fa opci\u00f3t, \u00e9s a legnagyobb teljes\u00edtm\u00e9ny\u0171 motorja is csup\u00e1n 118 l\u00f3er\u0151s h\u00e1romhengeres, b\u00e1tran kijelenthetj\u00fck, hogy a Kia ink\u00e1bb szupermini, mint igazi SUV.<\/p>\n<p>A 2021-es friss\u00edt\u00e9s sor\u00e1n az er\u0151forr\u00e1s-v\u00e1laszt\u00e9k is \u00e1talakult: a kor\u00e1bbi benzines \u00e9s d\u00edzelmotorokat egy \u00faj, 1.0 literes h\u00e1romhengeres Smartstream motor v\u00e1ltotta fel, amely a Kia \u00faj gener\u00e1ci\u00f3s motorcsal\u00e1dj\u00e1ba tartozik. A Smartstream motor kiemelked\u0151 jellemz\u0151je a v\u00e1ltoz\u00f3 szelepvez\u00e9rl\u00e9s, amely \u00e1ll\u00edt\u00f3lag jobb hat\u00e9konys\u00e1got \u00e9s nyomat\u00e9kot biztos\u00edt, mint a Kappa motor, amit lev\u00e1ltott.<\/p>\n<p>K\u00e9tf\u00e9le v\u00e1ltozat k\u00f6z\u00fcl lehet v\u00e1lasztani: az alap 99 l\u00f3er\u0151s motort vagy a tesztelt, 118 l\u00f3er\u0151s mild-hybrid verzi\u00f3t. Ez ut\u00f3bbi 48V-os be\u00e9p\u00edtett ind\u00edt\u00f3motorral (amit a Kia EcoDynamics+-nak nevez) van felszerelve, \u00e9s az intelligens manu\u00e1lis v\u00e1lt\u00f3val (iMT) p\u00e1ros\u00edtj\u00e1k.<\/p>\n<p>A hatfokozat\u00fa v\u00e1lt\u00f3 elektromosan m\u0171k\u00f6dik, nem mechanikusan, ami azt hivatott biztos\u00edtani, hogy meg\u0151rizz\u00fck a manu\u00e1lis v\u00e1lt\u00f3 \u00e9rzet\u00e9t, mik\u00f6zben maximaliz\u00e1ljuk a 48V ISG \u00fczemanyag-hat\u00e9konys\u00e1g\u00e1t \u00e9s k\u00e1rosanyag-kibocs\u00e1t\u00e1s el\u0151nyeit.<\/p>\n<p>A sok \u00faj technol\u00f3gia ellen\u00e9re az aut\u00f3 alv\u00e1z\u00e1nak v\u00e1ltoz\u00e1sai olyan finomak, mint a st\u00edlusbeli m\u00f3dos\u00edt\u00e1sok. A motor tipikus h\u00e1romhengeres karakterisztik\u00e1t ad, olykor egy kicsit durv\u00e1n, de egyenletes sebess\u00e9gn\u00e9l viszonylag csendes. Indul\u00e1skor viszont el\u00e9g zajos, ha \u00f6sszehasonl\u00edtjuk a riv\u00e1lisokkal.<\/p>\n<p>Az iMT v\u00e1lt\u00f3 j\u00f3l v\u00e9gzi el a dolg\u00e1t, mint egy hagyom\u00e1nyos manu\u00e1lis v\u00e1lt\u00f3: j\u00f3l illeszkedik a motorhoz, \u00e9s a v\u00e1lt\u00e1s sem t\u00fal r\u00f6vid, sem t\u00fal hossz\u00fa. Mivel elektromosan, nem pedig mechanikusan m\u0171k\u00f6dik, alig van ellen\u00e1ll\u00e1s, vagy \u00e9rz\u00e9kelhet\u0151 tapad\u00e1s a v\u00e1lt\u00e1skor. Nem \u00e9ppen izgalmas, de ebben a k\u00f6rnyezetben j\u00f3l v\u00e9gzi a dolg\u00e1t.<\/p>\n<p>A v\u00e1rosban n\u00e9ha egy kis l\u00f6k\u00e9st \u00e9rezhet\u00fcnk az els\u0151 g\u00e1zped\u00e1l lenyom\u00e1s\u00e1ra, \u00edgy nem mindig olyan sima, mint szeretn\u00e9nk, amikor elindulunk. Ennek ellen\u00e9re elegend\u0151 teljes\u00edtm\u00e9ny \u00e9s nyomat\u00e9k \u00e1ll rendelkez\u00e9sre, hogy gyorsan felgyorsuljunk, vagy ha sz\u00fcks\u00e9ges, el\u0151zz\u00fcnk.<\/p>\n","protected":false},"excerpt":{"rendered":"<p>Intenz\u00edv oszt\u00e1lyra ker\u00fclt Baracs J\u00e1nos, a Neoton Fam\u00edlia bas\/zus\/it\u00e1ros\u00e1nak fia, miut\u00e1n s\u00falyos bels\u0151 v\/rz\/st okozott n\u00e1la egy gyo\/orfe\/\u00e9ly \u2013 sz\u00e1molt&#8230; <span class=\"gridview-grid-post-read-more\"><a href=\"https:\/\/matrend.hu\/nekedinfo\/neoton-familia-drama\/\">read more<span class=\"gridview-sr-only\"> Neoton Fam\u00edlia dr\u00e1ma<\/span><\/a><\/span><\/p>\n","protected":false},"author":1,"featured_media":1983,"comment_status":"open","ping_status":"open","sticky":false,"template":"","format":"standard","meta":{"footnotes":""},"categories":[1],"tags":[],"class_list":["post-1982","post","type-post","status-publish","format-standard","has-post-thumbnail","hentry","category-egyeb","wpcat-1-id"],"_links":{"self":[{"href":"https:\/\/matrend.hu\/nekedinfo\/wp-json\/wp\/v2\/posts\/1982","targetHints":{"allow":["GET"]}}],"collection":[{"href":"https:\/\/matrend.hu\/nekedinfo\/wp-json\/wp\/v2\/posts"}],"about":[{"href":"https:\/\/matrend.hu\/nekedinfo\/wp-json\/wp\/v2\/types\/post"}],"author":[{"embeddable":true,"href":"https:\/\/matrend.hu\/nekedinfo\/wp-json\/wp\/v2\/users\/1"}],"replies":[{"embeddable":true,"href":"https:\/\/matrend.hu\/nekedinfo\/wp-json\/wp\/v2\/comments?post=1982"}],"version-history":[{"count":1,"href":"https:\/\/matrend.hu\/nekedinfo\/wp-json\/wp\/v2\/posts\/1982\/revisions"}],"predecessor-version":[{"id":1984,"href":"https:\/\/matrend.hu\/nekedinfo\/wp-json\/wp\/v2\/posts\/1982\/revisions\/1984"}],"wp:featuredmedia":[{"embeddable":true,"href":"https:\/\/matrend.hu\/nekedinfo\/wp-json\/wp\/v2\/media\/1983"}],"wp:attachment":[{"href":"https:\/\/matrend.hu\/nekedinfo\/wp-json\/wp\/v2\/media?parent=1982"}],"wp:term":[{"taxonomy":"category","embeddable":true,"href":"https:\/\/matrend.hu\/nekedinfo\/wp-json\/wp\/v2\/categories?post=1982"},{"taxonomy":"post_tag","embeddable":true,"href":"https:\/\/matrend.hu\/nekedinfo\/wp-json\/wp\/v2\/tags?post=1982"}],"curies":[{"name":"wp","href":"https:\/\/api.w.org\/{rel}","templated":true}]}}