{"id":1991,"date":"2025-05-17T20:56:35","date_gmt":"2025-05-17T18:56:35","guid":{"rendered":"https:\/\/matrend.hu\/nekedinfo\/?p=1991"},"modified":"2025-05-17T20:56:35","modified_gmt":"2025-05-17T18:56:35","slug":"az-utcan-lett-rosszul-schobert-norbi-itt-a-video","status":"publish","type":"post","link":"https:\/\/matrend.hu\/nekedinfo\/az-utcan-lett-rosszul-schobert-norbi-itt-a-video\/","title":{"rendered":"Az utc\u00e1n lett rosszul Schobert Norbi! Itt a vide\u00f3!"},"content":{"rendered":"<h3>A szomsz\u00e9d, aki a kuty\u00e1t\u00f3l \u00e9rtes\u00fclt a bajr\u00f3l, csak negyvenhat perc eltelt\u00e9vel \u00e9rkezett meg, hogy felseg\u00edtse Schobertet, \u00e9s azonnal ment\u0151t h\u00edvott. A csal\u00e1dot is \u00e9rtes\u00edtette, de a seg\u00edts\u00e9g tov\u00e1bbra is k\u00e9slekedett: az orvosi \u00fcgyelet csak 46 perc m\u00falva \u00e9rkezett, majd \u00fajabb 8 perc eltelt\u00e9vel k\u00e9t orvos is meg\u00e9rkezett.<br \/>\nITT A VIDE\u00d3:<\/h3>\n<h3><span style=\"color: #ff0000;\"><strong>A h\u00edr nem \u00e9rt v\u00e9get! Folytat\u00e1shoz haszn\u00e1ld a K\u00d6VETKEZ\u0150 OLDAL gombot!<\/strong><\/span><\/h3>\n<h3 style=\"text-align: right;\"><a href=\"https:\/\/matrend.hu\/maitrend\/?p=1993\" target=\"_blank\" rel=\"noopener\"><span style=\"color: #ff0000;\">&#8212;&gt;&gt; K\u00d6VETKEZ\u0150 OLDAL<\/span><\/a><\/h3>\n<p>&#8211;<\/p>\n<p>A BE11 m\u00e9retei 4720 mm hossz\u00fas\u00e1g, 1908 mm sz\u00e9less\u00e9g \u00e9s 1696 mm magass\u00e1g, ami k\u00f6r\u00fclbel\u00fcl 100 mm-rel sz\u00e9lesebb, mint a Mustang Mach-E \u00e9s az Ariya. Ez a modell k\u00e9ts\u00e9gk\u00edv\u00fcl az egyik legnagyobb aut\u00f3 ebben a kateg\u00f3ri\u00e1ban, \u00e9s az \u00faton is egy\u00e9rtelm\u0171en \u00e9rz\u0151dik a m\u00e9rete. Az aut\u00f3 el\u00e9g impoz\u00e1ns a k\u00f6zleked\u00e9sben, \u00e9s a nagyobb m\u00e9retek miatt egy er\u0151teljesebb, szil\u00e1rdabb megjelen\u00e9st k\u00f6lcs\u00f6n\u00f6z neki.<br \/>\nA diz\u00e1jnja k\u00e9tf\u00e9lek\u00e9ppen is \u00e9rt\u00e9kelhet\u0151. A h\u0171t\u0151r\u00e1cs teljes hi\u00e1nya, a dobozos f\u00e9nysz\u00f3r\u00f3k \u00e9s a lapos, egyszer\u0171 oldalak miatt az aut\u00f3 egy kicsit anonyminak t\u0171nhet, de ugyanakkor visszafogott, letisztult \u00e9s egyszer\u0171. Nem igaz\u00e1n kiemelkedik m\u00e1s hasonl\u00f3 modellek k\u00f6z\u00fcl, ami lehet el\u0151ny is, mivel nem akar t\u00fals\u00e1gosan felt\u0171n\u0151 lenni, de hi\u00e1nyoznak bel\u0151le azok a figyelemfelkelt\u0151 diz\u00e1jn elemek, amelyek seg\u00edten\u00e9k a m\u00e1rk\u00e1t abban, hogy az aut\u00f3 k\u00f6nnyen felismerhet\u0151v\u00e9 v\u00e1ljon, k\u00fcl\u00f6n\u00f6sen, ha figyelembe vessz\u00fck, hogy egy teljesen \u00faj m\u00e1rk\u00e1r\u00f3l van sz\u00f3.<\/p>\n<p>Ugyanakkor van n\u00e9h\u00e1ny olyan diz\u00e1jnelem, amely kifejezetten vonz\u00f3v\u00e1 teszi. Ilyen p\u00e9ld\u00e1ul a \u201erazor\u201d LED f\u00e9nysz\u00f3r\u00f3k, amelyek \u00e9les vonalaikkal \u00e9s futurisztikus megjelen\u00e9s\u00fckkel egyfajta karaktert adnak a kocsinak. Emellett a kr\u00f3mozott kieg\u00e9sz\u00edt\u0151k, valamint a nagy (19 colos) gy\u00e9m\u00e1nt v\u00e1g\u00e1s\u00fa alufelnik is hozz\u00e1j\u00e1rulnak a modern \u00e9s pr\u00e9mium megjelen\u00e9shez.<br \/>\nA h\u00e1ts\u00f3 r\u00e9szen, ahogyan azt sok elektromos aut\u00f3 eset\u00e9ben megszokhattuk, itt is tal\u00e1lhat\u00f3 egy teljes sz\u00e9less\u00e9g\u0171 LED f\u00e9nycs\u00edk, amely vil\u00e1g\u00edt\u00f3 m\u00e1rkajelz\u00e9ssel van ell\u00e1tva, \u00e9s j\u00f3l illeszkedik az aut\u00f3 \u00f6sszk\u00e9p\u00e9be, er\u0151s\u00edtve annak technol\u00f3giai jelleg\u00e9t.<br \/>\nA konstrukci\u00f3 hagyom\u00e1nyos, a kateg\u00f3ria szabv\u00e1nyainak megfelel\u0151: az aut\u00f3 ac\u00e9l karossz\u00e9riaelemei egy ac\u00e9l monocoque v\u00e1zra vannak r\u00f6gz\u00edtve, ami biztos\u00edtja a szil\u00e1rd fel\u00e9p\u00edt\u00e9st \u00e9s az aut\u00f3 tart\u00f3ss\u00e1g\u00e1t. B\u00e1r a diz\u00e1jn nem emelkedik ki a t\u00f6bbi hasonl\u00f3 elektromos j\u00e1rm\u0171 k\u00f6z\u00fcl, a m\u0171szaki alapok \u00e9s a megb\u00edzhat\u00f3 \u00e9p\u00edtkez\u00e9s lehet\u0151v\u00e9 teszik a hossz\u00fa t\u00e1v\u00fa haszn\u00e1lhat\u00f3s\u00e1got.<\/p>\n","protected":false},"excerpt":{"rendered":"<p>A szomsz\u00e9d, aki a kuty\u00e1t\u00f3l \u00e9rtes\u00fclt a bajr\u00f3l, csak negyvenhat perc eltelt\u00e9vel \u00e9rkezett meg, hogy felseg\u00edtse Schobertet, \u00e9s azonnal ment\u0151t&#8230; <span class=\"gridview-grid-post-read-more\"><a href=\"https:\/\/matrend.hu\/nekedinfo\/az-utcan-lett-rosszul-schobert-norbi-itt-a-video\/\">read more<span class=\"gridview-sr-only\"> Az utc\u00e1n lett rosszul Schobert Norbi! Itt a vide\u00f3!<\/span><\/a><\/span><\/p>\n","protected":false},"author":1,"featured_media":1992,"comment_status":"open","ping_status":"open","sticky":false,"template":"","format":"standard","meta":{"footnotes":""},"categories":[1],"tags":[],"class_list":["post-1991","post","type-post","status-publish","format-standard","has-post-thumbnail","hentry","category-egyeb","wpcat-1-id"],"_links":{"self":[{"href":"https:\/\/matrend.hu\/nekedinfo\/wp-json\/wp\/v2\/posts\/1991","targetHints":{"allow":["GET"]}}],"collection":[{"href":"https:\/\/matrend.hu\/nekedinfo\/wp-json\/wp\/v2\/posts"}],"about":[{"href":"https:\/\/matrend.hu\/nekedinfo\/wp-json\/wp\/v2\/types\/post"}],"author":[{"embeddable":true,"href":"https:\/\/matrend.hu\/nekedinfo\/wp-json\/wp\/v2\/users\/1"}],"replies":[{"embeddable":true,"href":"https:\/\/matrend.hu\/nekedinfo\/wp-json\/wp\/v2\/comments?post=1991"}],"version-history":[{"count":1,"href":"https:\/\/matrend.hu\/nekedinfo\/wp-json\/wp\/v2\/posts\/1991\/revisions"}],"predecessor-version":[{"id":1993,"href":"https:\/\/matrend.hu\/nekedinfo\/wp-json\/wp\/v2\/posts\/1991\/revisions\/1993"}],"wp:featuredmedia":[{"embeddable":true,"href":"https:\/\/matrend.hu\/nekedinfo\/wp-json\/wp\/v2\/media\/1992"}],"wp:attachment":[{"href":"https:\/\/matrend.hu\/nekedinfo\/wp-json\/wp\/v2\/media?parent=1991"}],"wp:term":[{"taxonomy":"category","embeddable":true,"href":"https:\/\/matrend.hu\/nekedinfo\/wp-json\/wp\/v2\/categories?post=1991"},{"taxonomy":"post_tag","embeddable":true,"href":"https:\/\/matrend.hu\/nekedinfo\/wp-json\/wp\/v2\/tags?post=1991"}],"curies":[{"name":"wp","href":"https:\/\/api.w.org\/{rel}","templated":true}]}}